{"id":1275443,"date":"2026-09-02T08:31:35","date_gmt":"2026-09-02T08:31:35","guid":{"rendered":"https:\/\/www.europesays.com\/de\/1275443\/"},"modified":"2026-09-02T08:31:35","modified_gmt":"2026-09-02T08:31:35","slug":"schauspieler-benjamin-sadler-ist-ersttaeter-in-ludwigshafen-festival-des-deutschen-films","status":"publish","type":"post","link":"https:\/\/www.europesays.com\/de\/1275443\/","title":{"rendered":"Schauspieler Benjamin Sadler ist \u201eErstt\u00e4ter\u201c in Ludwigshafen &#8211; Festival des deutschen Films"},"content":{"rendered":"<p class=\"rhp-dpa-teaser\"><b>Benjamin Sadler als Mafiakiller ist der Titelheld im SWR-Justizthriller \u201eDie Verteidigerin \u2013 Der Fall Lenzi\u201c, der nun seine Urauff\u00fchrung auf der Parkinsel erlebt hat.<\/b><\/p>\n<p>Der eigentliche Star der jungen Reihe, die Verteidigerin Lou Caspari, ist Andrea Sawatzki, wie nicht zuletzt der Beifall, ja, Jubel deutlich macht, als sie im vollen Kinozelt pers\u00f6nlich vor der Leinwand erscheint. Aber auch Benjamin Sadler erh\u00e4lt viel Applaus, in der Episodenhauptrolle als Dario Lenzi, eines \u00e4u\u00dferst umstrittenen Mandanten der Rechtsanw\u00e4ltin.<\/p>\n<p class=\"rhp-teaser\"><b>Benjamin Sadler als Mafiakiller ist der Titelheld im SWR-Justizthriller \u201eDie Verteidigerin \u2013 Der Fall Lenzi\u201c, der nun seine Urauff\u00fchrung auf der Parkinsel erlebt hat.<\/b><\/p>\n","protected":false},"excerpt":{"rendered":"Benjamin Sadler als Mafiakiller ist der Titelheld im SWR-Justizthriller \u201eDie Verteidigerin \u2013 Der Fall Lenzi\u201c, der nun seine&hellip;\n","protected":false},"author":2,"featured_media":1275444,"comment_status":"","ping_status":"","sticky":false,"template":"","format":"standard","meta":{"footnotes":"","_share_on_mastodon":"0"},"categories":[1845],"tags":[249725,1634,53461,263231,3364,29,2386,548,663,3934,30,13,4060,263230,25476,2096,14,15,5206,12,5504],"class_list":["post-1275443","post","type-post","status-publish","format-standard","has-post-thumbnail","category-mannheim","tag-andrea-sawatzki","tag-baden-wuerttemberg","tag-benjamin-sadler","tag-dario-lenzi","tag-de","tag-deutschland","tag-dresden","tag-eu","tag-europa","tag-europe","tag-germany","tag-headlines","tag-lokal","tag-lou-caspari","tag-ludwigshafen","tag-mannheim","tag-nachrichten","tag-news","tag-rhein","tag-schlagzeilen","tag-weisses-haus"],"share_on_mastodon":{"url":"https:\/\/pubeurope.com\/@de\/117200518351872658","error":""},"_links":{"self":[{"href":"https:\/\/www.europesays.com\/de\/wp-json\/wp\/v2\/posts\/1275443","targetHints":{"allow":["GET"]}}],"collection":[{"href":"https:\/\/www.europesays.com\/de\/wp-json\/wp\/v2\/posts"}],"about":[{"href":"https:\/\/www.europesays.com\/de\/wp-json\/wp\/v2\/types\/post"}],"author":[{"embeddable":true,"href":"https:\/\/www.europesays.com\/de\/wp-json\/wp\/v2\/users\/2"}],"replies":[{"embeddable":true,"href":"https:\/\/www.europesays.com\/de\/wp-json\/wp\/v2\/comments?post=1275443"}],"version-history":[{"count":0,"href":"https:\/\/www.europesays.com\/de\/wp-json\/wp\/v2\/posts\/1275443\/revisions"}],"wp:featuredmedia":[{"embeddable":true,"href":"https:\/\/www.europesays.com\/de\/wp-json\/wp\/v2\/media\/1275444"}],"wp:attachment":[{"href":"https:\/\/www.europesays.com\/de\/wp-json\/wp\/v2\/media?parent=1275443"}],"wp:term":[{"taxonomy":"category","embeddable":true,"href":"https:\/\/www.europesays.com\/de\/wp-json\/wp\/v2\/categories?post=1275443"},{"taxonomy":"post_tag","embeddable":true,"href":"https:\/\/www.europesays.com\/de\/wp-json\/wp\/v2\/tags?post=1275443"}],"curies":[{"name":"wp","href":"https:\/\/api.w.org\/{rel}","templated":true}]}}