{"id":1275456,"date":"2026-09-02T08:40:17","date_gmt":"2026-09-02T08:40:17","guid":{"rendered":"https:\/\/www.europesays.com\/de\/1275456\/"},"modified":"2026-09-02T08:40:17","modified_gmt":"2026-09-02T08:40:17","slug":"wuppertal-mobile-gaerten-des-nabu-nrw-ziehen-weiter","status":"publish","type":"post","link":"https:\/\/www.europesays.com\/de\/1275456\/","title":{"rendered":"Wuppertal: Mobile G\u00e4rten des Nabu NRW ziehen weiter"},"content":{"rendered":"<p class=\"text_ohne_einzug richtext text-em-55 !leading-serif mx-6 desktop:mx-0\">Das vom Ministerium f\u00fcr Umwelt, Naturschutz und Verkehr gef\u00f6rderte Projekt \u201eMehr gArtenvielfalt in NRW\u201c m\u00f6chte mehr Gr\u00fcn in die St\u00e4dte bringen. Vier \u201emobile G\u00e4rten\u201c des Nabu NRW touren dabei durch Deutschland und sollen Aufmerksamkeit f\u00fcr Artenvielfalt erzeugen. Hinzu wird \u00fcber naturnahe Gartengestaltung informiert und zum Nachahmen angeregt. Die St\u00e4dtetour machte auch in Wuppertal halt.<\/p>\n","protected":false},"excerpt":{"rendered":"Das vom Ministerium f\u00fcr Umwelt, Naturschutz und Verkehr gef\u00f6rderte Projekt \u201eMehr gArtenvielfalt in NRW\u201c m\u00f6chte mehr Gr\u00fcn in&hellip;\n","protected":false},"author":2,"featured_media":1275457,"comment_status":"","ping_status":"","sticky":false,"template":"","format":"standard","meta":{"footnotes":"","_share_on_mastodon":"0"},"categories":[1840],"tags":[53995,3364,29,171485,598,30,20282,29472,40074,17695,6237,98448,953,263233,1209,176,8823,2202,58454,263234,82224,94178,10227,4418],"class_list":["post-1275456","post","type-post","status-publish","format-standard","has-post-thumbnail","category-wuppertal","tag-hochbeete","tag-de","tag-deutschland","tag-foerderprojekts","tag-garten","tag-germany","tag-gruen","tag-gruenflaechen","tag-mobile","tag-nabu","tag-natur","tag-naturnahe","tag-naturschutz","tag-naturschutzarbeiten","tag-nordrhein-westfalen","tag-nrw","tag-privatgaerten","tag-projekt","tag-projektleiter","tag-projektsaeulen","tag-saeulen","tag-schottergarten","tag-touren","tag-wuppertal"],"share_on_mastodon":{"url":"https:\/\/pubeurope.com\/@de\/117200553796920361","error":""},"_links":{"self":[{"href":"https:\/\/www.europesays.com\/de\/wp-json\/wp\/v2\/posts\/1275456","targetHints":{"allow":["GET"]}}],"collection":[{"href":"https:\/\/www.europesays.com\/de\/wp-json\/wp\/v2\/posts"}],"about":[{"href":"https:\/\/www.europesays.com\/de\/wp-json\/wp\/v2\/types\/post"}],"author":[{"embeddable":true,"href":"https:\/\/www.europesays.com\/de\/wp-json\/wp\/v2\/users\/2"}],"replies":[{"embeddable":true,"href":"https:\/\/www.europesays.com\/de\/wp-json\/wp\/v2\/comments?post=1275456"}],"version-history":[{"count":0,"href":"https:\/\/www.europesays.com\/de\/wp-json\/wp\/v2\/posts\/1275456\/revisions"}],"wp:featuredmedia":[{"embeddable":true,"href":"https:\/\/www.europesays.com\/de\/wp-json\/wp\/v2\/media\/1275457"}],"wp:attachment":[{"href":"https:\/\/www.europesays.com\/de\/wp-json\/wp\/v2\/media?parent=1275456"}],"wp:term":[{"taxonomy":"category","embeddable":true,"href":"https:\/\/www.europesays.com\/de\/wp-json\/wp\/v2\/categories?post=1275456"},{"taxonomy":"post_tag","embeddable":true,"href":"https:\/\/www.europesays.com\/de\/wp-json\/wp\/v2\/tags?post=1275456"}],"curies":[{"name":"wp","href":"https:\/\/api.w.org\/{rel}","templated":true}]}}