{"id":1275472,"date":"2026-09-02T08:55:20","date_gmt":"2026-09-02T08:55:20","guid":{"rendered":"https:\/\/www.europesays.com\/de\/1275472\/"},"modified":"2026-09-02T08:55:20","modified_gmt":"2026-09-02T08:55:20","slug":"europe-today-eu-aussenminister-beraten-deutschland-macht-russland-fuer-drohnenangriff-verantwortlich","status":"publish","type":"post","link":"https:\/\/www.europesays.com\/de\/1275472\/","title":{"rendered":"Europe Today: EU-Au\u00dfenminister beraten, Deutschland macht Russland f\u00fcr Drohnenangriff verantwortlich"},"content":{"rendered":"<p>Europe Today: &#8211;<br \/>\nEU-Au\u00dfenminister beraten, Deutschland macht Russland f\u00fcr Drohnenangriff verantwortlich<\/p>\n<p>EU-Au\u00dfenminister tagen in Irland nach Berliner Zuschreibung eines Drohnenangriffs an Russland. EU-Handelschef \u0160ef\u010dovi\u010d spricht exklusiv mit Euronews, Guterres fordert Staats- und Regierungschefs auf, alle Kriege zu beenden.<\/p>\n","protected":false},"excerpt":{"rendered":"Europe Today: &#8211; EU-Au\u00dfenminister beraten, Deutschland macht Russland f\u00fcr Drohnenangriff verantwortlich EU-Au\u00dfenminister tagen in Irland nach Berliner Zuschreibung&hellip;\n","protected":false},"author":2,"featured_media":1275473,"comment_status":"","ping_status":"","sticky":false,"template":"","format":"standard","meta":{"footnotes":"","_share_on_mastodon":"0"},"categories":[3933],"tags":[331,332,548,663,158,3934,3935,13,40201,3676,14,15,12,5329,5788],"class_list":["post-1275472","post","type-post","status-publish","format-standard","has-post-thumbnail","category-eu","tag-aktuelle-nachrichten","tag-aktuelle-news","tag-eu","tag-europa","tag-europaeische-union","tag-europe","tag-european-union","tag-headlines","tag-kategorien","tag-mediathek","tag-nachrichten","tag-news","tag-schlagzeilen","tag-video","tag-videos"],"share_on_mastodon":{"url":"","error":""},"_links":{"self":[{"href":"https:\/\/www.europesays.com\/de\/wp-json\/wp\/v2\/posts\/1275472","targetHints":{"allow":["GET"]}}],"collection":[{"href":"https:\/\/www.europesays.com\/de\/wp-json\/wp\/v2\/posts"}],"about":[{"href":"https:\/\/www.europesays.com\/de\/wp-json\/wp\/v2\/types\/post"}],"author":[{"embeddable":true,"href":"https:\/\/www.europesays.com\/de\/wp-json\/wp\/v2\/users\/2"}],"replies":[{"embeddable":true,"href":"https:\/\/www.europesays.com\/de\/wp-json\/wp\/v2\/comments?post=1275472"}],"version-history":[{"count":0,"href":"https:\/\/www.europesays.com\/de\/wp-json\/wp\/v2\/posts\/1275472\/revisions"}],"wp:featuredmedia":[{"embeddable":true,"href":"https:\/\/www.europesays.com\/de\/wp-json\/wp\/v2\/media\/1275473"}],"wp:attachment":[{"href":"https:\/\/www.europesays.com\/de\/wp-json\/wp\/v2\/media?parent=1275472"}],"wp:term":[{"taxonomy":"category","embeddable":true,"href":"https:\/\/www.europesays.com\/de\/wp-json\/wp\/v2\/categories?post=1275472"},{"taxonomy":"post_tag","embeddable":true,"href":"https:\/\/www.europesays.com\/de\/wp-json\/wp\/v2\/tags?post=1275472"}],"curies":[{"name":"wp","href":"https:\/\/api.w.org\/{rel}","templated":true}]}}