{"id":1275476,"date":"2026-09-02T08:58:19","date_gmt":"2026-09-02T08:58:19","guid":{"rendered":"https:\/\/www.europesays.com\/de\/1275476\/"},"modified":"2026-09-02T08:58:19","modified_gmt":"2026-09-02T08:58:19","slug":"einkommensteuerreform-klingbeil-verteidigt-einkommensteuerreform-gegen-kritik-von-reiche","status":"publish","type":"post","link":"https:\/\/www.europesays.com\/de\/1275476\/","title":{"rendered":"Einkommensteuerreform: Klingbeil verteidigt Einkommensteuerreform gegen Kritik von Reiche"},"content":{"rendered":"<p class=\"paragraph article__item\">Bundesfinanzminister <a href=\"https:\/\/www.zeit.de\/politik\/deutschland\/2026-08\/einkommensteuerreform-spd-finanzministerium-vereine-spitzensteuersatz\" target=\"_blank\" rel=\"nofollow noopener\">Lars Klingbeil (SPD) hat den Entwurf f\u00fcr eine Einkommensteuerreform<\/a> verteidigt. \u00bbIch will hier schon sehr klar sagen, dass zehn Milliarden schon eine gro\u00dfe Summe sind\u00ab, sagte der SPD-Politiker im Deutschlandfunk. \u00bbDas f\u00fchrt dazu, dass eine <a class=\"rtr-entity\" href=\"https:\/\/www.zeit.de\/familie\/index\" rel=\"nofollow noopener\" target=\"_blank\">Familie<\/a>, zwei Kinder, zwei arbeitende Eltern, im Jahr 2028 bis zu 600 Euro entlastet wird.\u00ab Er erg\u00e4nzte: \u00bbDas ist ein wichtiger Schritt. Aber dass ich mir h\u00e4tte mehr vorstellen k\u00f6nnen, ist auch kein Geheimnis.\u00ab\n<\/p>\n<p class=\"paragraph article__item\">Der Entwurf f\u00fcr eine <a class=\"rtr-entity\" href=\"https:\/\/www.zeit.de\/thema\/einkommensteuer\" rel=\"nofollow noopener\" target=\"_blank\">Einkommensteuerreform<\/a> Klingbeils soll an diesem Mittwoch nach langem Hin und Her im Kabinett verabschiedet werden. Die Reform soll Entlastungen von j\u00e4hrlich rund zehn Milliarden Euro bringen. Profitieren sollen vor allem Millionen Haushalte mit kleinen und mittleren Einkommen sowie Familien mit Kindern. Im Gegenzug soll mehr Geld, unter anderem von sehr hohen Einkommen, hereinkommen.\n<\/p>\n<p>            \u00bbDeutliche Kritik am eigenen Bundeskanzler\u00ab            <\/p>\n<p class=\"paragraph article__item\">Das Wirtschaftsministerium von <a class=\"rtr-entity\" href=\"https:\/\/www.zeit.de\/thema\/katherina-reiche\" rel=\"nofollow noopener\" target=\"_blank\">Katherina Reiche<\/a> (CDU) h\u00e4lt die Pl\u00e4ne f\u00fcr nicht ausreichend, wie aus einem Schreiben hervorgeht. Das Ressort machte aber klar, die Reform dennoch mitzutragen.<\/p>\n<p class=\"paragraph article__item\">Klingbeil sagte zu der Kritik aus den eigenen Koalitionsreihen, Katherina Reiche m\u00fcsse erkl\u00e4ren, wie sie einen \u00bbsolchen Brief schreibt\u00ab und trotzdem zustimmen k\u00f6nne. Er sagte weiter, Reiches Verhalten sei eine \u00bbdeutliche Kritik am eigenen Bundeskanzler\u00ab. Schlie\u00dflich habe er als Finanzminister \u00bbnicht allein entschieden\u00ab.\n<\/p>\n<p>\n                                        Newsletter<br \/>\n                                        Was jetzt, im Osten?<\/p>\n<p class=\"newsletter-signup__text\">Jeden Mittwoch erhalten Sie Nachrichten und Stimmungsbilder zu den Landtagswahlen sowie zum Alltagsleben und zur Kultur im Osten der Republik.<\/p>\n<p class=\"newsletter-signup__datapolicy\" hidden=\"\">\n            Mit Ihrer Registrierung nehmen Sie die <a href=\"https:\/\/datenschutz.zeit.de\/zon#Newsletter\" target=\"_blank\" rel=\"nofollow noopener\">Datenschutzerkl\u00e4rung<\/a> zur Kenntnis.\n        <\/p>\n<p>    Vielen Dank! Wir haben Ihnen eine E-Mail geschickt.<\/p>\n<p>Pr\u00fcfen Sie Ihr Postfach und best\u00e4tigen Sie das Newsletter-Abonnement.<\/p>\n<p class=\"paragraph article__item\">Klingbeil stellte auch die Frage, was f\u00fcr ein Eindruck im Land entstehe, \u00bbwenn die eigenen Minister das Handeln der Regierung infrage stellen. Das ist doch nicht gut f\u00fcr diese Regierung.\u00ab Er selbst kann nicht an der Regierungssitzung teilnehmen, da er wegen einer <a href=\"https:\/\/www.zeit.de\/politik\/deutschland\/2026-09\/lars-klingbeil-flugzeug-strukturschaden-usa-luftwaffe\" target=\"_blank\" rel=\"nofollow noopener\">P<\/a><a href=\"https:\/\/www.zeit.de\/politik\/deutschland\/2026-09\/lars-klingbeil-flugzeug-strukturschaden-usa-luftwaffe\" target=\"_blank\" rel=\"nofollow noopener\">anne am Regierungsflieger<\/a> versp\u00e4tet in den USA gestartet ist. Klingbeil hatte zuvor am <a href=\"https:\/\/www.zeit.de\/politik\/deutschland\/2026-08\/g20-treffen-asheville-lars-klingbeil-russland-anton-siluanow\" target=\"_blank\" rel=\"nofollow noopener\">Treffen der G-20-Finanzminister<\/a> in Asheville im<br \/>\nBundesstaat North Carolina teilgenommen.\n<\/p>\n<p>Mehr zum Thema<\/p>\n<p>            Steuerreform        <\/p>\n<p>                <a href=\"https:\/\/www.zeit.de\/wirtschaft\/2026-08\/einkommenssteuer-reform-bundesregierung-entlastung\" data-ct-label=\"Wirtschaftspodcast: \u00bbIst das eine Blase?\u00ab: M\u00fcssen wir bald weniger Steuern zahlen?\" data-uuid=\"5c4efce5-42bd-44af-8a51-490d9c95df12\" rel=\"nofollow noopener\" target=\"_blank\"><\/p>\n<p>                        Wirtschaftspodcast: \u00bbIst das eine Blase?\u00ab:<br \/>\n                        M\u00fcssen wir bald weniger Steuern zahlen?<\/p>\n<p>                <\/a><\/p>\n<p>                <a href=\"https:\/\/www.zeit.de\/politik\/deutschland\/2026-08\/steuerreform-lars-klingbeil-entlastungen-referentenentwurf\" data-ct-label=\"Steuerreform: Trickst Lars Klingbeil bei der Steuerreform?\" data-uuid=\"0372a6b6-2dbd-4662-8597-00982e9a2f42\" rel=\"nofollow noopener\" target=\"_blank\"><\/p>\n<p>        Z+ (abopflichtiger Inhalt);<\/p>\n<p>    Steuerreform:<br \/>\n                        Trickst Lars Klingbeil bei der Steuerreform?<\/p>\n<p>                <\/a><\/p>\n<p>                <a href=\"https:\/\/www.zeit.de\/politik\/deutschland\/2026-07\/reformrechner-einkommenssteuer-sozialversicherunng-einkommen-brutto\" data-ct-label=\"Reformrechner: Weniger oder mehr? Das ist Ihr neues Netto\" data-uuid=\"de828114-6201-4365-87e5-bae27e556ffe\" rel=\"nofollow noopener\" target=\"_blank\"><\/p>\n<p>        Z+ (abopflichtiger Inhalt);<\/p>\n<p>    Reformrechner:<br \/>\n                        Weniger oder mehr? Das ist Ihr neues Netto<\/p>\n<p>                <\/a><\/p>\n","protected":false},"excerpt":{"rendered":"Bundesfinanzminister Lars Klingbeil (SPD) hat den Entwurf f\u00fcr eine Einkommensteuerreform verteidigt. \u00bbIch will hier schon sehr klar sagen,&hellip;\n","protected":false},"author":2,"featured_media":1275477,"comment_status":"","ping_status":"","sticky":false,"template":"","format":"standard","meta":{"footnotes":"","_share_on_mastodon":"0"},"categories":[5],"tags":[331,332,3364,29,39044,238667,553,30,13,30427,776,14,15,16,12,184,16154,38829],"class_list":["post-1275476","post","type-post","status-publish","format-standard","has-post-thumbnail","category-nachrichten","tag-aktuelle-nachrichten","tag-aktuelle-news","tag-de","tag-deutschland","tag-einkommensteuer","tag-einkommensteuerreform","tag-familie","tag-germany","tag-headlines","tag-katherina-reiche","tag-lars-klingbeil","tag-nachrichten","tag-news","tag-politik","tag-schlagzeilen","tag-spd","tag-steuerpolitik","tag-steuerreform"],"share_on_mastodon":{"url":"","error":""},"_links":{"self":[{"href":"https:\/\/www.europesays.com\/de\/wp-json\/wp\/v2\/posts\/1275476","targetHints":{"allow":["GET"]}}],"collection":[{"href":"https:\/\/www.europesays.com\/de\/wp-json\/wp\/v2\/posts"}],"about":[{"href":"https:\/\/www.europesays.com\/de\/wp-json\/wp\/v2\/types\/post"}],"author":[{"embeddable":true,"href":"https:\/\/www.europesays.com\/de\/wp-json\/wp\/v2\/users\/2"}],"replies":[{"embeddable":true,"href":"https:\/\/www.europesays.com\/de\/wp-json\/wp\/v2\/comments?post=1275476"}],"version-history":[{"count":0,"href":"https:\/\/www.europesays.com\/de\/wp-json\/wp\/v2\/posts\/1275476\/revisions"}],"wp:featuredmedia":[{"embeddable":true,"href":"https:\/\/www.europesays.com\/de\/wp-json\/wp\/v2\/media\/1275477"}],"wp:attachment":[{"href":"https:\/\/www.europesays.com\/de\/wp-json\/wp\/v2\/media?parent=1275476"}],"wp:term":[{"taxonomy":"category","embeddable":true,"href":"https:\/\/www.europesays.com\/de\/wp-json\/wp\/v2\/categories?post=1275476"},{"taxonomy":"post_tag","embeddable":true,"href":"https:\/\/www.europesays.com\/de\/wp-json\/wp\/v2\/tags?post=1275476"}],"curies":[{"name":"wp","href":"https:\/\/api.w.org\/{rel}","templated":true}]}}