{"id":1275486,"date":"2026-09-02T09:05:25","date_gmt":"2026-09-02T09:05:25","guid":{"rendered":"https:\/\/www.europesays.com\/de\/1275486\/"},"modified":"2026-09-02T09:05:25","modified_gmt":"2026-09-02T09:05:25","slug":"duesseldorf-duisburg-uberfahrer-bekommt-pfefferspray-ins-gesicht-statt-bezahlung","status":"publish","type":"post","link":"https:\/\/www.europesays.com\/de\/1275486\/","title":{"rendered":"D\u00fcsseldorf Duisburg: Uberfahrer bekommt Pfefferspray ins Gesicht statt Bezahlung"},"content":{"rendered":"<p class=\"text_ohne_einzug richtext text-em-55 !leading-serif mx-6 desktop:mx-0\">Nach bisherigen Erkenntnissen hatte der 31-J\u00e4hrige Uber-Fahrer die M\u00e4nner am D\u00fcsseldorfer Hauptbahnhof aufgenommen und nach <a href=\"https:\/\/rp-online.de\/thema\/duisburg\/\" rel=\"nofollow noopener\" target=\"_blank\">Duisburg<\/a> gefahren. Als die Fahrg\u00e4ste auf der Schifferstra\u00dfe gegen 2:15 Uhr ausstiegen und den Fahrpreis entrichten sollten, spr\u00fchten sie dem Fahrer <a href=\"https:\/\/rp-online.de\/thema\/pfefferspray\/\" rel=\"nofollow noopener\" target=\"_blank\">Pfefferspray<\/a> ins Gesicht und fl\u00fcchteten.<\/p>\n<p class=\"richtext text-em-55 !leading-serif mx-6 desktop:mx-0\">Der Uber-Fahrer fuhr mit seinem Fahrzeug noch bis zur Kardinal-Galen-Stra\u00dfe, konnte dann aber wegen des Reizgases nicht mehr weiterfahren. Ein Passant bemerkte die Situation und w\u00e4hlte den Notruf. Rettungskr\u00e4fte brachten den Mann mit einer Augenreizung zur Behandlung ins Krankenhaus.<\/p>\n<p class=\"richtext text-em-55 !leading-serif mx-6 desktop:mx-0\">Die M\u00e4nner werden als etwa Anfang 20, circa 1,80 Meter gro\u00df und von d\u00fcnner Statur beschrieben. Sie sollen schwarz gekleidet gewesen sein und Kappen getragen haben. Zeuginnen und Zeugen, die Angaben zu den Unbekannten machen k\u00f6nnen, werden gebeten, sich beim Kriminalkommissariat 13 unter der Rufnummer 0203 2800 zu melden.<\/p>\n<p class=\"richtext text-em-55 !leading-serif mx-6 desktop:mx-0\">Bereits am 20. August war es in Wehofen zu einem \u00e4hnlichen Vorfall gekommen. Auch dort hatten Unbekannte einen Fahrer mit Pfefferspray angegriffen. Ob zwischen den beiden Taten ein Zusammenhang bestehen k\u00f6nnte, wird aktuell ermittelt.<\/p>\n","protected":false},"excerpt":{"rendered":"Nach bisherigen Erkenntnissen hatte der 31-J\u00e4hrige Uber-Fahrer die M\u00e4nner am D\u00fcsseldorfer Hauptbahnhof aufgenommen und nach Duisburg gefahren. Als&hellip;\n","protected":false},"author":2,"featured_media":1275487,"comment_status":"","ping_status":"","sticky":false,"template":"","format":"standard","meta":{"footnotes":"","_share_on_mastodon":"0"},"categories":[1838],"tags":[3364,29,3715,4731,25928,30,8131,10270,1209,3905,11079,5530,4996],"class_list":["post-1275486","post","type-post","status-publish","format-standard","has-post-thumbnail","category-duisburg","tag-de","tag-deutschland","tag-duisburg","tag-fahrer","tag-fahrgaeste","tag-germany","tag-gesicht","tag-hbf","tag-nordrhein-westfalen","tag-pfefferspray","tag-uber","tag-unbekannte","tag-zeugen"],"share_on_mastodon":{"url":"https:\/\/pubeurope.com\/@de\/117200652155240595","error":""},"_links":{"self":[{"href":"https:\/\/www.europesays.com\/de\/wp-json\/wp\/v2\/posts\/1275486","targetHints":{"allow":["GET"]}}],"collection":[{"href":"https:\/\/www.europesays.com\/de\/wp-json\/wp\/v2\/posts"}],"about":[{"href":"https:\/\/www.europesays.com\/de\/wp-json\/wp\/v2\/types\/post"}],"author":[{"embeddable":true,"href":"https:\/\/www.europesays.com\/de\/wp-json\/wp\/v2\/users\/2"}],"replies":[{"embeddable":true,"href":"https:\/\/www.europesays.com\/de\/wp-json\/wp\/v2\/comments?post=1275486"}],"version-history":[{"count":0,"href":"https:\/\/www.europesays.com\/de\/wp-json\/wp\/v2\/posts\/1275486\/revisions"}],"wp:featuredmedia":[{"embeddable":true,"href":"https:\/\/www.europesays.com\/de\/wp-json\/wp\/v2\/media\/1275487"}],"wp:attachment":[{"href":"https:\/\/www.europesays.com\/de\/wp-json\/wp\/v2\/media?parent=1275486"}],"wp:term":[{"taxonomy":"category","embeddable":true,"href":"https:\/\/www.europesays.com\/de\/wp-json\/wp\/v2\/categories?post=1275486"},{"taxonomy":"post_tag","embeddable":true,"href":"https:\/\/www.europesays.com\/de\/wp-json\/wp\/v2\/tags?post=1275486"}],"curies":[{"name":"wp","href":"https:\/\/api.w.org\/{rel}","templated":true}]}}