{"id":1275517,"date":"2026-09-02T09:24:21","date_gmt":"2026-09-02T09:24:21","guid":{"rendered":"https:\/\/www.europesays.com\/de\/1275517\/"},"modified":"2026-09-02T09:24:21","modified_gmt":"2026-09-02T09:24:21","slug":"vvs-stuttgart-waechst-weiter-trotz-vielen-s-bahn-problemen","status":"publish","type":"post","link":"https:\/\/www.europesays.com\/de\/1275517\/","title":{"rendered":"VVS Stuttgart w\u00e4chst weiter trotz vielen S-Bahn-Problemen"},"content":{"rendered":"<p>&#13;<\/p>\n<p><img title=\"sbahnstuttgartschwabstra\u00dfe | KESSELTV\" fetchpriority=\"high\" decoding=\"async\" width=\"1024\" height=\"768\" src=\"https:\/\/www.europesays.com\/de\/wp-content\/uploads\/2026\/09\/sbahn-stuttgart-schwabstrasse-1024x768.jpg\" alt=\"Subway platform with a white and blue train at left, yellow wall panels, and dark blue columns extending into the distance.\" class=\"wp-image-223449\"  \/><\/p>\n<p class=\"wp-block-paragraph\">Weichenst\u00f6rungen, Signalprobleme, Baustellen und die regelm\u00e4\u00dfig gesperrte Stammstrecke geh\u00f6ren in Stuttgart inzwischen fast selbstverst\u00e4ndlich zum \u00d6PNV-Alltag. An der Nachfrage \u00e4ndert das erstaunlich wenig. Im ersten Halbjahr 2026 wurden im VVS rund 183,1 Millionen Fahrten gez\u00e4hlt, gut 2,1 Millionen mehr als im gleichen Zeitraum des Vorjahres. Das entspricht einem Plus von 1,18 Prozent.<\/p>\n<p class=\"wp-block-paragraph\">Auch bei den Abonnements zeigt die Kurve weiter nach oben. Ende Juni z\u00e4hlte der VVS insgesamt 611.831 Abos und damit rund 9.000 mehr als ein Jahr zuvor. Rund 286.000 davon entfallen auf klassische Deutschland-Tickets, knapp 198.000 auf Sch\u00fclerinnen, Sch\u00fcler und Auszubildende, mehr als 124.000 auf Firmen-Abos.<\/p>\n<p class=\"wp-block-paragraph\">Das Wachstum ist vor allem deshalb bemerkenswert, weil der Nahverkehr in der Region weiterhin mit zahlreichen Einschr\u00e4nkungen lebt. Besonders die S-Bahn liefert regelm\u00e4\u00dfig jene Mischung aus Signalst\u00f6rung, Weichenproblem, Versp\u00e4tung und Ersatzverkehr, die viele Fahrg\u00e4ste inzwischen bestens kennen. Dazu kommt das j\u00e4hrliche Stuttgarter Sommer-Wahrzeichen, die Sperrung der <a href=\"https:\/\/kessel.tv\/?s=stammstrecken\" rel=\"nofollow noopener\" target=\"_blank\">Stammstrecke<\/a> (2027 wohl ein letztes Mal). <\/p>\n<p class=\"wp-block-paragraph\">Umso st\u00e4rker f\u00e4llt im Stuttgarter Alltag auf, wie gut das Stadtbahnnetz der SSB funktioniert. Die Stadtbahn bringt ihre Fahrg\u00e4ste Tag f\u00fcr Tag durch die Stadt, verbindet Innenstadt, Au\u00dfenbezirke und H\u00f6henlagen und bildet dabei ein erstaunlich stabiles R\u00fcckgrat des lokalen Nahverkehrs. <\/p>\n<p class=\"wp-block-paragraph\">Nat\u00fcrlich gibt es auch hier Baustellen (wie zuletzt wegen Gleisbau die U4 zwischen Berliner- und H\u00f6lderlin-Platz) und wenige St\u00f6rungen, insgesamt bleibt die Stadtbahn aber jener Teil des Systems, auf den sich Stuttgart im Alltag ziemlich gut verlassen kann.<\/p>\n<p class=\"wp-block-paragraph\">Rund 85 Prozent aller Fahrten im VVS werden inzwischen mit dem Deutschland-Ticket zur\u00fcckgelegt. Die Tariferh\u00f6hung des VVS um durchschnittlich 5,95 Prozent seit 1. September betrifft diesen gro\u00dfen Teil der Fahrg\u00e4ste deshalb nicht.<\/p>\n<p class=\"wp-block-paragraph\">Neu ist au\u00dferdem, dass bei EinzelTagesTickets und StadtTickets bis zu drei Kinder zwischen sechs und 14 Jahren kostenlos mitfahren k\u00f6nnen. Mit CiCoBW wird zudem das spontane Fahren einfacher: In der VVS-App wird vor der Fahrt eingecheckt und danach wieder ausgecheckt, der passende Fahrpreis wird automatisch berechnet.<\/p>\n<p class=\"wp-block-paragraph\">Die Halbjahresbilanz zeigt damit ein interessantes Stuttgart-Bild: Der \u00d6PNV w\u00e4chst weiter, obwohl der t\u00e4gliche Betrieb nicht immer reibungslos l\u00e4uft. Und w\u00e4hrend die S-Bahn weiterhin reichlich Stoff f\u00fcr St\u00f6rungsmeldungen liefert, h\u00e4lt die Stadtbahn einen gro\u00dfen Teil der Stadt ziemlich verl\u00e4sslich in Bewegung.<\/p>\n<p>VVS Halbjahresbilanz 2026<\/p>\n<p class=\"wp-block-paragraph\"><strong>Fahrten Januar bis Juni:<\/strong>\u00a0183,1 Millionen<br \/><strong>Plus zum Vorjahr:<\/strong>\u00a02,1 Millionen Fahrten, 1,18 Prozent<br \/><strong>Abonnements Ende Juni:<\/strong>\u00a0611.831<br \/><strong>Deutschland-Tickets:<\/strong>\u00a0rund 286.000<br \/><strong>Sch\u00fcler und Azubi-Abos:<\/strong>\u00a0rund 198.000<br \/><strong>Firmen-Abos:<\/strong>\u00a0mehr als 124.000<br \/><strong>Anteil Deutschland-Ticket an allen Fahrten:<\/strong>\u00a0rund 85 Prozent<br \/><strong>VVS-Tarifanpassung seit 1. September:<\/strong>\u00a0durchschnittlich 5,95 Prozent<\/p>\n<p class=\"wp-block-paragraph\"><strong><a href=\"https:\/\/www.vvs.de\/service\/news\" target=\"_blank\" rel=\"noopener nofollow\">Mehr Infos <\/a><\/strong><\/p>\n","protected":false},"excerpt":{"rendered":"&#13; Weichenst\u00f6rungen, Signalprobleme, Baustellen und die regelm\u00e4\u00dfig gesperrte Stammstrecke geh\u00f6ren in Stuttgart inzwischen fast selbstverst\u00e4ndlich zum \u00d6PNV-Alltag. An&hellip;\n","protected":false},"author":2,"featured_media":1275518,"comment_status":"","ping_status":"","sticky":false,"template":"","format":"standard","meta":{"footnotes":"","_share_on_mastodon":"0"},"categories":[1830],"tags":[1634,3364,29,30,1441],"class_list":["post-1275517","post","type-post","status-publish","format-standard","has-post-thumbnail","category-stuttgart","tag-baden-wuerttemberg","tag-de","tag-deutschland","tag-germany","tag-stuttgart"],"share_on_mastodon":{"url":"https:\/\/pubeurope.com\/@de\/117200728402928164","error":""},"_links":{"self":[{"href":"https:\/\/www.europesays.com\/de\/wp-json\/wp\/v2\/posts\/1275517","targetHints":{"allow":["GET"]}}],"collection":[{"href":"https:\/\/www.europesays.com\/de\/wp-json\/wp\/v2\/posts"}],"about":[{"href":"https:\/\/www.europesays.com\/de\/wp-json\/wp\/v2\/types\/post"}],"author":[{"embeddable":true,"href":"https:\/\/www.europesays.com\/de\/wp-json\/wp\/v2\/users\/2"}],"replies":[{"embeddable":true,"href":"https:\/\/www.europesays.com\/de\/wp-json\/wp\/v2\/comments?post=1275517"}],"version-history":[{"count":0,"href":"https:\/\/www.europesays.com\/de\/wp-json\/wp\/v2\/posts\/1275517\/revisions"}],"wp:featuredmedia":[{"embeddable":true,"href":"https:\/\/www.europesays.com\/de\/wp-json\/wp\/v2\/media\/1275518"}],"wp:attachment":[{"href":"https:\/\/www.europesays.com\/de\/wp-json\/wp\/v2\/media?parent=1275517"}],"wp:term":[{"taxonomy":"category","embeddable":true,"href":"https:\/\/www.europesays.com\/de\/wp-json\/wp\/v2\/categories?post=1275517"},{"taxonomy":"post_tag","embeddable":true,"href":"https:\/\/www.europesays.com\/de\/wp-json\/wp\/v2\/tags?post=1275517"}],"curies":[{"name":"wp","href":"https:\/\/api.w.org\/{rel}","templated":true}]}}