{"id":1275519,"date":"2026-09-02T09:25:18","date_gmt":"2026-09-02T09:25:18","guid":{"rendered":"https:\/\/www.europesays.com\/de\/1275519\/"},"modified":"2026-09-02T09:25:18","modified_gmt":"2026-09-02T09:25:18","slug":"bundesliga-star-geht-fuer-23-millionen-zu-ex-hsv-liebling-vuskovic","status":"publish","type":"post","link":"https:\/\/www.europesays.com\/de\/1275519\/","title":{"rendered":"Bundesliga-Star geht f\u00fcr 23 Millionen zu Ex-HSV-Liebling Vuskovic"},"content":{"rendered":"<p class=\"kicker \" style=\"\">Fu\u00dfball<\/p>\n<p>\n        Alexander R\u00f8ssing-Lelesiit vom HSV im Duell mit Stuttgarts Chema Andr\u00e9s<br \/>\n        Witters\n    <\/p>\n<p class=\"subtitle \" style=\"\">Nach nur einem Jahr verl\u00e4sst Chema Andr\u00e9s Stuttgart Richtung Premier League. Warum der VfB dem Millionen-Transfer zustimmte.<\/p>\n<p>Der VfB Stuttgart und Mittelfeldspieler Chema Andr\u00e9s gehen nach nur einem Jahr wieder getrennte Wege. <\/p>\n<p>Wie der Klub bekanntgab, schlie\u00dft sich der 21-J\u00e4hrige Brighton &amp; Hove Albion, dem Klub von Ex-HSV-Liebling Luka Vuskovic, an. Laut Medienberichten zahlt der Premier-League-Klub bis zu 23 Millionen Euro f\u00fcr den Spanier, der einen Vertrag bis 2031 erh\u00e4lt.<\/p>\n<p>Chema Andr\u00e9s von Stuttgart nach Brighton<\/p>\n<p>            Aus sportlicher Sicht h\u00e4tten wir Chema gerne gehalten, dem gegen\u00fcber stand der Wechselwunsch des Spielers.<\/p>\n<p class=\"author t14 tm15\" style=\"\">Fabian Wohlgemuth<\/p>\n<p>\u201eKurzfristig\u201c habe sich f\u00fcr den Spieler die Option ergeben, nach England zu wechseln, erkl\u00e4rte Sportvorstand Fabian Wohlgemuth: \u201eAus sportlicher Sicht h\u00e4tten wir Chema gerne gehalten, dem gegen\u00fcber stand der Wechselwunsch des Spielers. Wir haben den Transfer an entsprechende finanzielle Bedingungen gekn\u00fcpft, die erf\u00fcllt wurden, sodass wir dem Transfer letztlich zugestimmt haben.\u201c<\/p>\n<p>        Das k\u00f6nnte Sie auch interessieren:<\/p>\n<p>Chema war 2025 von Real Madrid nach Stuttgart gekommen. In der vergangenen Saison bestritt er insgesamt 39 Pflichtspiele f\u00fcr die Schwaben, in denen er vier Tore erzielte und zwei weitere vorbereitete.<\/p>\n<blockquote class=\"twitter-tweet\" data-lang=\"de\">\n<p lang=\"en\" dir=\"ltr\">We are pleased to confirm the signing of Chema Andres on a five-year deal from VfB Stuttgart! \u270d\ufe0f<\/p>\n<p>\u2014 Brighton &amp; Hove Albion (@BHAFC) <a href=\"https:\/\/x.com\/BHAFC\/status\/2094918578138984952?ref_src=twsrc%5Etfw\" rel=\"nofollow\">1. September 2026<\/a><\/p><\/blockquote>\n<p>In der laufenden Spielzeit kam der spanische U21-Nationalspieler sowohl im DFB-Pokal bei Hansa Rostock (4:0) als auch beim Bundesliga-Auftakt gegen Bayern M\u00fcnchen (1:5) zum Einsatz.<\/p>\n<p>Nun l\u00e4uft Chema wie Vuskovic im Team von Ex-St. Pauli-Trainer Fabian H\u00fcrzeler auf. (sid\/mkw)<\/p>\n","protected":false},"excerpt":{"rendered":"Fu\u00dfball Alexander R\u00f8ssing-Lelesiit vom HSV im Duell mit Stuttgarts Chema Andr\u00e9s Witters Nach nur einem Jahr verl\u00e4sst Chema&hellip;\n","protected":false},"author":2,"featured_media":1275520,"comment_status":"","ping_status":"","sticky":false,"template":"","format":"standard","meta":{"footnotes":"","_share_on_mastodon":"0"},"categories":[1830],"tags":[1634,3364,29,30,1441],"class_list":["post-1275519","post","type-post","status-publish","format-standard","has-post-thumbnail","category-stuttgart","tag-baden-wuerttemberg","tag-de","tag-deutschland","tag-germany","tag-stuttgart"],"share_on_mastodon":{"url":"https:\/\/pubeurope.com\/@de\/117200730422605918","error":""},"_links":{"self":[{"href":"https:\/\/www.europesays.com\/de\/wp-json\/wp\/v2\/posts\/1275519","targetHints":{"allow":["GET"]}}],"collection":[{"href":"https:\/\/www.europesays.com\/de\/wp-json\/wp\/v2\/posts"}],"about":[{"href":"https:\/\/www.europesays.com\/de\/wp-json\/wp\/v2\/types\/post"}],"author":[{"embeddable":true,"href":"https:\/\/www.europesays.com\/de\/wp-json\/wp\/v2\/users\/2"}],"replies":[{"embeddable":true,"href":"https:\/\/www.europesays.com\/de\/wp-json\/wp\/v2\/comments?post=1275519"}],"version-history":[{"count":0,"href":"https:\/\/www.europesays.com\/de\/wp-json\/wp\/v2\/posts\/1275519\/revisions"}],"wp:featuredmedia":[{"embeddable":true,"href":"https:\/\/www.europesays.com\/de\/wp-json\/wp\/v2\/media\/1275520"}],"wp:attachment":[{"href":"https:\/\/www.europesays.com\/de\/wp-json\/wp\/v2\/media?parent=1275519"}],"wp:term":[{"taxonomy":"category","embeddable":true,"href":"https:\/\/www.europesays.com\/de\/wp-json\/wp\/v2\/categories?post=1275519"},{"taxonomy":"post_tag","embeddable":true,"href":"https:\/\/www.europesays.com\/de\/wp-json\/wp\/v2\/tags?post=1275519"}],"curies":[{"name":"wp","href":"https:\/\/api.w.org\/{rel}","templated":true}]}}