{"id":1275521,"date":"2026-09-02T09:26:19","date_gmt":"2026-09-02T09:26:19","guid":{"rendered":"https:\/\/www.europesays.com\/de\/1275521\/"},"modified":"2026-09-02T09:26:19","modified_gmt":"2026-09-02T09:26:19","slug":"aus-t2-wird-rizon-four-frankfurt-gibt-seinem-wohnturm-eine-eigene-identitaet","status":"publish","type":"post","link":"https:\/\/www.europesays.com\/de\/1275521\/","title":{"rendered":"Aus T2 wird RIZON: FOUR Frankfurt gibt seinem Wohnturm eine eigene Identit\u00e4t"},"content":{"rendered":"<p class=\"date\">02.09.2026 \u2013 11:17<\/p>\n<p class=\"customer\">\n                        <a class=\"story-customer\" title=\"weiter zum newsroom von Gro\u00df &amp; Partner\" href=\"https:\/\/www.presseportal.de\/nr\/162850\" rel=\"nofollow noopener\" target=\"_blank\">Gro\u00df &amp; Partner<\/a>\n                    <\/p>\n<p><a class=\"glightbox event-trigger\" href=\"https:\/\/cache.pressmailing.net\/thumbnail\/story_hires\/5fff6615-3c1d-4a59-adb9-36011ec8c897\/20260619_FOUR_%232-A_V2.jpg.jpg\" data-description=\"RIZON Part of FOUR \/ Weiterer Text \u00fcber ots und www.presseportal.de\/nr\/162850 \/ Die Verwendung dieses Bildes f\u00fcr redaktionelle Zwecke ist unter Beachtung aller mitgeteilten Nutzungsbedingungen zul\u00e4ssig und dann auch honorarfrei. Ver\u00f6ffentlichung ausschlie\u00dflich mit Bildrechte-Hinweis.\" data-category=\"medialightbox\" data-action=\"click\" data-label=\"single\" data-value=\"6a97e31f270000fd2cc3ca26\" rel=\"nofollow noopener\" target=\"_blank\"><img decoding=\"async\" height=\"540\" with=\"720\" src=\"https:\/\/www.europesays.com\/de\/wp-content\/uploads\/2026\/09\/aus-t2-wird-rizon-four-frankfurt-gibt-seinem-wohnturm-eine-eigene-identit-t.jpeg\"   alt=\"Aus T2 wird RIZON: FOUR Frankfurt gibt seinem Wohnturm eine eigene Identit\u00e4t\" class=\"single\"\/><\/a><\/p>\n<p><a data-category=\"citylink-story-view\" data-action=\"click\" data-label=\"Citylink in Meldungsansicht\" class=\"story-city event-trigger\" href=\"https:\/\/www.presseportal.de\/regional\/Frankfurt\" title=\"News aus Frankfurt \" rel=\"nofollow noopener\" target=\"_blank\">Frankfurt<\/a> (ots)<\/p>\n<p> Aus dem T2 des FOUR Frankfurt wird RIZON. Mit der neuen Marke erh\u00e4lt der 179 Meter hohe Wohnturm im Herzen des Frankfurter Bankenviertels eine eigenst\u00e4ndige Identit\u00e4t. Der Name RIZON leitet sich vom Begriff &#8222;Horizont&#8220; ab und nimmt Bezug auf eines der pr\u00e4gendsten Merkmale des Geb\u00e4udes: den weiten Blick \u00fcber Frankfurt, den Main und den Taunus. Als Mixed-Use-Tower steht RIZON f\u00fcr ein urbanes Wohnkonzept mitten in der Frankfurter Innenstadt. <\/p>\n<p> &#8222;Mit RIZON schaffen wir eine Wohnadresse, die es in dieser Form kein zweites Mal geben wird. Die besondere H\u00f6he, der freie Blick \u00fcber die Stadt und die zentrale Lage mitten im Bankenviertel machen den Tower besonders. Entscheidend ist f\u00fcr uns aber das Zusammenspiel unterschiedlicher Lebensbereiche direkt im Haus. RIZON steht damit genau f\u00fcr die Idee, die wir mit FOUR verfolgen: Lebensqualit\u00e4t in der Frankfurter Innenstadt zu schaffen und Wohnen, Versorgung, Gesundheit und Freizeit selbstverst\u00e4ndlich miteinander zu verbinden&#8220;, sagt Nikolaus Bieber, Gesch\u00e4ftsf\u00fchrender Gesellschafter von Gro\u00df &amp; Partner. <\/p>\n<p> Wohnen \u00fcber der Frankfurter Skyline <\/p>\n<p> Im RIZON entstehen insgesamt 359 Wohnungen. Das Wohnungsangebot reicht von kompakten Ein-Zimmer-Wohnungen bis zu gro\u00dfz\u00fcgigen Wohnungen mit mehr als 200 Quadratmetern Wohnfl\u00e4che. Bodentiefe Fenster und nahezu durchg\u00e4ngig windgesch\u00fctzte Loggien pr\u00e4gen die Wohnungen. In den oberen Etagen unterstreicht eine lichte Raumh\u00f6he von rund drei Metern den gro\u00dfz\u00fcgigen Charakter. <\/p>\n<p> Eine Besonderheit ist die 46. Etage: Sie ist die h\u00f6chste Wohnetage Deutschlands. <\/p>\n<p> Ein Teil der Wohnungen wird \u00fcber eine Tochtergesellschaft von Gro\u00df &amp; Partner vermarktet und in den Verkauf gebracht. Das Angebot richtet sich sowohl an Selbstnutzer als auch an Kapitalanleger, die ihre Wohnungen k\u00fcnftig zur Vermietung anbieten k\u00f6nnen. <\/p>\n<p> Zur Ausstattung geh\u00f6ren unter anderem Smart-Home-Funktionen, hochwertige Materialien sowie ein Sicherheitskonzept mit Zugangskontrolle, Concierge- und Sicherheitsdienst und Video\u00fcberwachung. Stellpl\u00e4tze und E-Stellpl\u00e4tze befinden sich in der Quartiersgarage. <\/p>\n<p> Ein vertikales Stadtquartier <\/p>\n<p> RIZON b\u00fcndelt den umfangreichsten Nutzungsmix innerhalb des FOUR und vereint wesentliche Angebote des t\u00e4glichen Lebens direkt im Geb\u00e4ude. EDEKA sichert die Nahversorgung, PRIME TIME fitness erg\u00e4nzt das Angebot um einen hochwertigen Fitnessstandort. Mit der BIOGENA PLAZA entsteht ein Angebot rund um Gesundheit, Well-Being und Longevity. Das Radisson Collection Hotel erg\u00e4nzt den Nutzungsmix um ein F\u00fcnf-Sterne-Hotel. <\/p>\n<p> In der sechsten Etage befinden sich zudem das Steakhouse &#8222;The Sixth&#8220; und das Fine-Dining-Restaurant &#8222;Chic Maria&#8220;. Beide Restaurants verf\u00fcgen \u00fcber gro\u00dfz\u00fcgige Au\u00dfenterrassen, die unmittelbar an den \u00f6ffentlich zug\u00e4nglichen Dachgarten angebunden sind. Dieser erstreckt sich vom Podiumsdach des RIZON bis zum Podiumsdach des T3 und schafft eine zusammenh\u00e4ngende begr\u00fcnte Dachlandschaft. <\/p>\n<p> Dar\u00fcber hinaus profitieren die Bewohner von der Infrastruktur des gesamten FOUR Frankfurt mit weiterer Gastronomie, Einzelhandel, Foodhall sowie \u00f6ffentlich zug\u00e4nglichen Aufenthalts- und Erholungsfl\u00e4chen. <\/p>\n<p> Mitten in Frankfurt &#8211; mit Blick weit dar\u00fcber hinaus <\/p>\n<p> RIZON liegt zwischen Ro\u00dfmarkt und Neuer Mainzer Stra\u00dfe im Zentrum des Frankfurter Bankenviertels. Goetheplatz, Opernplatz, Goethestra\u00dfe, Zeil und Mainufer sind fu\u00dfl\u00e4ufig erreichbar. \u00dcber Hauptwache, Willy-Brandt-Platz und Opernplatz besteht eine direkte Anbindung an den \u00f6ffentlichen Nahverkehr. <\/p>\n<p> Die ersten Wohnungen sind voraussichtlich ab dem vierten Quartal 2026 beziehungsweise ersten Quartal 2027 bezugsfertig. <\/p>\n<p> Mehr Informationen finden Sie hier:  <a target=\"_blank\" class=\"uri-ext outbound\" rel=\"noopener nofollow\" href=\"https:\/\/www.rizon-ffm.de\/\">https:\/\/www.rizon-ffm.de\/<\/a><\/p>\n<p> \u00dcber FOUR Frankfurt <\/p>\n<p> FOUR Frankfurt ist eines der ambitioniertesten Hochhausprojekte Europas. In zentraler Innenstadtlage entsteht auf einem mehrgeschossigen Podium ein Ensemble aus vier T\u00fcrmen mit rund 219.000 Quadratmetern Geschossfl\u00e4che; drei der vier T\u00fcrme wurden bereits erfolgreich an die jeweiligen Eigent\u00fcmer \u00fcbergeben. <\/p>\n<p> Das von UNStudio entworfene Quartier vereint moderne B\u00fcros, rund 600 Wohnungen, Hotels, Gastronomie, Einzelhandel sowie \u00f6ffentlich zug\u00e4ngliche Freifl\u00e4chen &#8211; darunter ein Dachgarten im sechsten Obergeschoss des RIZON, der sich vom Podiumsdach des RIZON bis zum Podiumsdach des T3 erstreckt. Durch die vielf\u00e4ltigen Nutzungen und das offene, durchl\u00e4ssige Konzept tr\u00e4gt das Quartier ma\u00dfgeblich zur Urbanit\u00e4t und Aufenthaltsqualit\u00e4t der Frankfurter Innenstadt bei. Bis zu 1.500 Menschen werden hier wohnen, rund 4.500 Arbeitspl\u00e4tze sind entstanden. <\/p>\n<p class=\"contact-headline\">Pressekontakt:<\/p>\n<p class=\"contact-text\">Gro\u00df &amp; Partner Grundst\u00fccksentwicklungsgesellschaft mbH<br \/>Anette von Zitzewitz<br \/>Siesmayerstra\u00dfe 21 | 60323 Frankfurt am Main<br \/>+49 (0)69 &#8211; 36 00 95 724 | + 49 (0) 171 2432736<br \/><a href=\"https:\/\/www.presseportal.de\/pm\/162850\/mailto:anette.vonzitzewitz-extern@gross-partner.de\" class=\"uri-mailto\" rel=\"nofollow noopener\" target=\"_blank\">anette.vonzitzewitz-extern@gross-partner.de<\/a><\/p>\n<p class=\"originator\">Original-Content von: Gro\u00df &amp; Partner, \u00fcbermittelt durch news aktuell<\/p>\n","protected":false},"excerpt":{"rendered":"02.09.2026 \u2013 11:17 Gro\u00df &amp; Partner Frankfurt (ots) Aus dem T2 des FOUR Frankfurt wird RIZON. Mit der&hellip;\n","protected":false},"author":2,"featured_media":1275522,"comment_status":"","ping_status":"","sticky":false,"template":"","format":"standard","meta":{"footnotes":"","_share_on_mastodon":"0"},"categories":[1829],"tags":[3477,29,2050,2051,30,2052,5331,178,180,179,181,263243,1463],"class_list":["post-1275521","post","type-post","status-publish","format-standard","has-post-thumbnail","category-frankfurt-am-main","tag-bild","tag-deutschland","tag-frankfurt","tag-frankfurt-am-main","tag-germany","tag-hessen","tag-immobilien","tag-presse","tag-pressemeldung","tag-pressemitteilung","tag-pressemitteilungen","tag-rizon","tag-wohnen"],"share_on_mastodon":{"url":"https:\/\/pubeurope.com\/@de\/117200736259225172","error":""},"_links":{"self":[{"href":"https:\/\/www.europesays.com\/de\/wp-json\/wp\/v2\/posts\/1275521","targetHints":{"allow":["GET"]}}],"collection":[{"href":"https:\/\/www.europesays.com\/de\/wp-json\/wp\/v2\/posts"}],"about":[{"href":"https:\/\/www.europesays.com\/de\/wp-json\/wp\/v2\/types\/post"}],"author":[{"embeddable":true,"href":"https:\/\/www.europesays.com\/de\/wp-json\/wp\/v2\/users\/2"}],"replies":[{"embeddable":true,"href":"https:\/\/www.europesays.com\/de\/wp-json\/wp\/v2\/comments?post=1275521"}],"version-history":[{"count":0,"href":"https:\/\/www.europesays.com\/de\/wp-json\/wp\/v2\/posts\/1275521\/revisions"}],"wp:featuredmedia":[{"embeddable":true,"href":"https:\/\/www.europesays.com\/de\/wp-json\/wp\/v2\/media\/1275522"}],"wp:attachment":[{"href":"https:\/\/www.europesays.com\/de\/wp-json\/wp\/v2\/media?parent=1275521"}],"wp:term":[{"taxonomy":"category","embeddable":true,"href":"https:\/\/www.europesays.com\/de\/wp-json\/wp\/v2\/categories?post=1275521"},{"taxonomy":"post_tag","embeddable":true,"href":"https:\/\/www.europesays.com\/de\/wp-json\/wp\/v2\/tags?post=1275521"}],"curies":[{"name":"wp","href":"https:\/\/api.w.org\/{rel}","templated":true}]}}