{"id":1275527,"date":"2026-09-02T09:29:13","date_gmt":"2026-09-02T09:29:13","guid":{"rendered":"https:\/\/www.europesays.com\/de\/1275527\/"},"modified":"2026-09-02T09:29:13","modified_gmt":"2026-09-02T09:29:13","slug":"transfer-ticker-bayern-gegner-bedient-sich-beim-1-fc-koeln","status":"publish","type":"post","link":"https:\/\/www.europesays.com\/de\/1275527\/","title":{"rendered":"Transfer-Ticker: Bayern-Gegner bedient sich beim 1. FC K\u00f6ln"},"content":{"rendered":"\n<p>Der Deadline Day 2026 ist Geschichte! W\u00e4hrend in der Nacht noch der eine oder andere Deal vermeldet wurde, richtet sich der Blick bereits auf den Winter.\u00a0Was planen FC Bayern, BVB und Co. am letzten Tag der Sommer-Transferperiode noch? Welche Ger\u00fcchte kursieren in der Bundesliga, der 2. Bundesliga sowie in der Premier League oder LaLiga? sport.de h\u00e4lt euch hier im Transfer-Ticker auf dem Laufenden.<\/p>\n<ul>\n<li><strong>Bayern-Gegner bedient sich beim 1. FC K\u00f6ln<\/strong><\/li>\n<li><strong>Eintracht Frankfurt vermeldet zwei Abg\u00e4nge<\/strong><\/li>\n<li><strong>Manchester City best\u00e4tigt Rekord-Transfer<\/strong><\/li>\n<\/ul>\n<p>+++ 02. September:\u00a0Bayern-Gegner bedient sich beim 1. FC K\u00f6ln +++<\/p>\n<p>Kurz vor dem DFB-Pokalduell gegen den FC Bayern hat Zweitligist VfL Osnabr\u00fcck noch einmal auf dem Transfermarkt zugeschlagen.<\/p>\n<p>Wie beide Vereine am Mittwochvormittag vermeldeten, wechselt Abwehr-Talent Elias Bakatukanda auf Leihbasis bis zum Saisonende vom 1. FC K\u00f6ln an die Bremer Br\u00fccke.<\/p>\n<p>&#8222;Elias bringt trotz seines jungen Alters bereits wertvolle Erfahrungen aus dem Profifu\u00dfball mit&#8220;, sagte Osnabr\u00fccks Fu\u00dfballdirektor\u00a0Joe Enochs. &#8222;Er verf\u00fcgt \u00fcber gute k\u00f6rperliche Voraussetzungen, ist zweikampfstark und bringt gleichzeitig die Ruhe und Qualit\u00e4t mit, um Situationen spielerisch zu l\u00f6sen. Wir sind davon \u00fcberzeugt, dass er unserer Defensive zus\u00e4tzliche Stabilit\u00e4t und Variabilit\u00e4t geben kann und freuen uns, dass wir ihn f\u00fcr den VfL gewinnen konnten.&#8220;<\/p>\n<p>+++ 02. September:\u00a0Gosens-Zukunft beim FC Schalke 04 schon besiegelt? +++<\/p>\n<p>Sollte Robin Gosens \u00fcber sein Leihende hinaus beim FC Schalke 04 bleiben, steht offenbar schon fest, wie lange. <a href=\"https:\/\/www.sport.de\/news\/ne17114243\/gosens-zukunft-beim-fc-schalke-04-schon-besiegelt\/\" target=\"_blank\" rel=\"nofollow noopener\">Hier geht&#8217;s zur Meldung.<\/a><\/p>\n<p>+++ 02. September:\u00a0Transfer-\u00dcberraschung? Star des FC Bayern hei\u00df begehrt +++<\/p>\n<p>Kommt es beim FC Bayern zu einer Transfer-\u00dcberraschung? <a href=\"https:\/\/www.sport.de\/news\/ne17113943\/transfer-ueberraschung-star-des-fc-bayern-heiss-begehrt\/\" target=\"_blank\" rel=\"nofollow noopener\">Alle Infos dazu gibt&#8217;s hier.<\/a><\/p>\n<p>+++ 02. September: Eintracht Frankfurt vermeldet zwei Abg\u00e4nge +++<\/p>\n<p>Fu\u00dfball-Bundesligist Eintracht Frankfurt hat\u00a0kurz vor Transferschluss zwei Spieler in die Premier League abgegeben. Wie die Hessen am sp\u00e4ten Dienstagabend vermeldeten, zieht es den\u00a0schwedischen Nationalspieler Hugo Larsson und\u00a0Jean-Matt\u00e9o Bahoya auf die Insel. Larsson wird inklusive Kaufverpflichtung an den FC Fulham verliehen, Bahoya zieht es ebenfalls per Leihe mit\u00a0Kaufverpflichtung zu Leeds United.<\/p>\n<p>F\u00fcr den Mittelfeld-Strategen aus Skandinavien w\u00fcrde die SGE im kommenden Sommer Medienberichten zufolge rund 25 Millionen Euro kassieren. Der WM-Fahrer\u00a0war 2023 vom Malm\u00f6 FF nach Hessen gewechselt und hatte in seiner Premierensaison wettbewerbs\u00fcbergreifend 38 Eins\u00e4tze vorzuweisen. Im Oktober 2024 verl\u00e4ngerten die Eintracht und Larsson den Vertrag fr\u00fchzeitig um ein Jahr bis 2029.<\/p>\n<p>Auch Bahoya wird dem Bundesligisten aller Voraussicht nach viel Geld einbringen. Laut &#8222;Sky&#8220; liegt die\u00a0Kaufverpflichtung f\u00fcr den Sommer 2027 bei rund 30 Millionen Euro.<\/p>\n<p>+++ 02. September: Manchester City best\u00e4tigt Rekord-Transfer +++<\/p>\n<p>Die Spatzen pfiffen es bereits von den D\u00e4chern, kurz nach Mitternacht folgte dann die Best\u00e4tigung:\u00a0Manchester City hat den argentinischen Vizeweltmeister Enzo Fernandez verpflichtet und damit f\u00fcr den wohl teuersten Transfer des Sommers gesorgt. Laut Medienberichten einigten sich die Skyblues und der FC Chelsea auf eine Mega-Abl\u00f6sesumme von umgerechnet 145 Millionen Euro\u00a0f\u00fcr den 25-J\u00e4hrigen.<\/p>\n<p>Der 25-J\u00e4hrige ist somit gemeinsam mit Alexander Isak, der im vergangenen Jahr von Newcastle United zum FC Liverpool gewechselt war, der teuerste Transfer in der Premier-League-Geschichte. &#8222;Jeder Spieler m\u00f6chte Teil eines Vereins wie diesem sein, denn jeder wei\u00df, wie gut City gef\u00fchrt wird&#8220;, sagte Fernandez, der in Manchester einen Vertrag bis 2031 erhielt.<\/p>\n<p>+++ 01. September: 1. FC K\u00f6ln legt in der Abwehr nach +++<\/p>\n<p>Der 1. FC K\u00f6ln hat den fr\u00fcheren Stuttgarter Borna Sosa zur\u00fcck in die Bundesliga geholt. Der 28 Jahre alte Linksverteidiger kommt f\u00fcr ein Jahr auf Leihbasis vom englischen Klub Crystal Palace nach K\u00f6ln, dies best\u00e4tigte der Klub am Dienstag. Laut Medienberichten beinhaltet der Deal keine Kaufoption.<\/p>\n<p>Sosa kenne &#8222;die Bundesliga aus seiner Zeit beim VfB Stuttgart sehr gut und verf\u00fcgt \u00fcber wertvolle internationale Erfahrung. Gleichzeitig haben wir ihn in unseren Gespr\u00e4chen als sehr reflektierten und positiven Menschen kennengelernt, der mit seiner Pers\u00f6nlichkeit sehr gut zu uns passt&#8220;, sagte K\u00f6lns Sport-Gesch\u00e4ftsf\u00fchrer Thomas Kessler.<\/p>\n<p>+++ 01. September: Soforthilfe im Sturm f\u00fcr Schalke 04 +++<\/p>\n<p>Internationale Erfahrung als Soforthilfe: Bundesliga-Aufsteiger Schalke 04 hat kurz vor Transferschluss noch einen weiteren St\u00fcrmer verpflichtet.<\/p>\n<p>Wie der Klub am Dienstagabend mitteilte, kommt der s\u00fcdkoreanische Nationalspieler Hee-chan Hwang per Leihe von den Wolverhampton Wanderers aus der englischen Championship nach Gelsenkirchen. <a href=\"https:\/\/www.sport.de\/news\/ne17112592\/fc-schalke-04-gelingt-transfer-coup-am-deadline-day\/\" target=\"_blank\" rel=\"nofollow noopener\">Die Hintergr\u00fcnde zum Transfer findet ihr hier.<\/a><\/p>\n<p>+++ 01. September:\u00a0Kastenmeier wechselt in die Champions League +++<\/p>\n<p>Vom Zweitliga-Absteiger zum Champions-League-Teilnehmer: Torh\u00fcter Florian Kastenmeier wechselt von Fortuna D\u00fcsseldorf zu Feyenoord Rotterdam in die niederl\u00e4ndische Eredivisie. Der 29-J\u00e4hrige ist abl\u00f6sefrei und unterschrieb einen Einjahresvertrag mit der Option auf eine weitere Saison.<\/p>\n<p>&#8222;Ich finde es gro\u00dfartig, bei einem gro\u00dfen Klub wie Feyenoord zu unterschreiben&#8220;, sagte Kastenmeier, der beim 16-maligen Meister als Ersatz f\u00fcr Stammkeeper Tjark Ernst eingeplant ist. Er kenne seine Rolle, so Kastenmeier, &#8222;ich werde bereitstehen, wenn man auf mich zur\u00fcckgreift. Ich habe riesige Lust.&#8220;<\/p>\n<p>+++ 01. September: Marokkanischer\u00a0WM-Fahrer geht zu RB +++<\/p>\n<p>RB Leipzig hat sich kurz vor Ende der Transferperiode die Dienste von Neil El Aynaoui gesichert. Der marokkanische Nationalspieler wechselt zun\u00e4chst auf Leihbasis von der AS Rom nach Sachsen.<\/p>\n<p>Medienberichten zufolge liegt die Leihgeb\u00fchr bei vier Millionen Euro. Zudem sicherte sich RB eine Kaufoption im n\u00e4chsten Sommer, die 25 Millionen Euro betragen soll.<\/p>\n<p>&#8222;Er bringt viel Laufst\u00e4rke und Aggressivit\u00e4t mit, ist gegen den Ball sehr intensiv und kann gleichzeitig mit seiner Spielst\u00e4rke f\u00fcr Dynamik und L\u00f6sungen im Mittelfeld sorgen. Er ist auf beiden Seiten des Balles pr\u00e4sent und kann gro\u00dfe R\u00e4ume bearbeiten&#8220;, sagte RB-Sportgesch\u00e4ftsf\u00fchrer Marcel Sch\u00e4fer in einer Pressemitteilung.<\/p>\n<p>+++ 01. September: BVB holt Nwaneri +++<\/p>\n<p>Nach dem bitteren Ausfall von Giannis Konstantelias hat Borussia Dortmund einen Ersatz gefunden. Die Leihe von Arsenal-Talent Ethan Nwaneri ging am Abend \u00fcber die B\u00fchne. <a href=\"https:\/\/www.sport.de\/news\/ne17112535\/fix-bvb-holt-arsenal-talent-als-konstantelias-ersatz\/\" target=\"_blank\" rel=\"nofollow noopener\">Alle Details zum BVB-Transfer gibt es hier.<\/a><\/p>\n<p>+++ 01. September: Moukoko geht in die T\u00fcrkei +++<\/p>\n<p>Auf den Wechsel nach D\u00e4nemark folgt f\u00fcr Ex-BVB-St\u00fcrmer Youssoufa Moukoko der n\u00e4chste Karriereknick. Am Abend wurde der 21-J\u00e4hrige bei\u00a0Corum FK in der T\u00fcrkei als Neuzugang vorgestellt.<\/p>\n<p>Beim Aufsteiger der S\u00fcperLig spielt\u00a0Moukoko zun\u00e4chst auf Leihbasis. Mit dem FC Kopenhagen hat\u00a0Corum zudem eine Kaufoption vereinbart.<\/p>\n<p>+++ 01. September: Woltemade in Turin vorgestellt +++<\/p>\n<p>Nach einem schweren Jahr in England l\u00e4uft Nick Woltemade k\u00fcnftig f\u00fcr Juventus Turin auf. Am Deadline Day wurde der Nationalspieler in Italien offiziell vorgestellt.\u00a0<\/p>\n<p>Konkret handelt es sich beim Transfer des Angreifers um eine Leihe ohne Kaufoption. Juve zahlt angeblich eine Leihgeb\u00fchr von rund vier Millionen Euro.<\/p>\n<p>+++ 01. September: Frankfurt gibt\u00a0Nkounkou ab +++<\/p>\n<p>Der Kader-Umbau bei Eintracht Frankfurt schreitet weiter voran. Nun verl\u00e4sst auch Au\u00dfenverteidiger\u00a0Niels Nkounkou die Hessen. Wie die SGE bekanntgab, wird der Franzose k\u00fcnftig auf Leihbasis f\u00fcr den OGC Nizza auflaufen. Dorthin hatte man zuvor bereits Angreifer Elye Wahi verliehen.<\/p>\n<p>+++ 01. September: Leverkusen schnappt sich Dou\u00e9 +++<\/p>\n<p>Bayer Leverkusen hat die Kaderl\u00fccke auf der rechten Defensivseite geschlossen und WM-Teilnehmer Gu\u00e9la Dou\u00e9 verpflichtet.<\/p>\n<p>Der Ivorer kommt vom franz\u00f6sischen Erstligisten Racing Stra\u00dfburg und hat einen Vertrag bis Sommer 2031 unterschrieben.\u00a0\u00dcbereinstimmenden Medienberichten zufolge zahlt die Werkself etwa 30 Millionen Euro als fixe Abl\u00f6sesumme an Stra\u00dfburg.<\/p>\n<p>Durch Bonuszahlungen k\u00f6nne die Transfersumme demnach sogar auf bis zu 36 Millionen Euro ansteigen. Offizielle Angaben machte die Werkself nicht.<\/p>\n<p>+++ 01. September: Schalke bastelt an Transfer-Knaller +++<\/p>\n<p>Gelingt dem FC Schalke 04 am Deadline Day noch ein Transfer-Coup? Laut &#8222;Sky&#8220; f\u00fchren die Bosse von S04 aktuell zumindest noch Gespr\u00e4che mit Angreifer\u00a0Hee-chan Hwang von den\u00a0Wolverhampton Wanderers. Im Raum steht demnach eine Last-Minute-Leihe.\u00a0<\/p>\n<p>Der S\u00fcdkoreaner k\u00f6nne sich den Schritt nach Gelsenkirchen gut vorstellen, hei\u00dft es. Doch reicht die Zeit, um alle Details zu kl\u00e4ren?<\/p>\n<p>+++ 01. September: Frankfurt l\u00e4sst wohl Bahoya ziehen +++<\/p>\n<p>Der Wechsel von\u00a0Jean Matt\u00e9o Bahoya von Eintracht Frankfurt zu Leeds United ist laut Fabrizio Romano praktisch perfekt. Dem Transfer-Insider zufolge steht nur noch der Medizincheck aus.\u00a0<\/p>\n<p>Im Anschluss wird\u00a0Bahoya per Leihe mit Kaufpflicht in die Premier League wechseln. Kommenden Sommer w\u00fcrde der Deal der SGE rund 30 Millionen Euro bescheren.<\/p>\n<p>+++ 01. September: HSV stellt\u00a0M\u00f6ller Wolfe vor +++<\/p>\n<p>Der Hamburger SV bekommt einen neuen Linksverteidiger. Wie am Abend bekannt wurde, wechselt\u00a0David M\u00f6ller Wolfe per Leihe von den\u00a0Wolverhampton Wanderers zum HSV.<\/p>\n<p>&#8222;Er verst\u00e4rkt unseren Kader noch einmal in der Breite und erh\u00f6ht die Variabilit\u00e4t in unserem Spiel. David ist ein sehr professioneller und verl\u00e4sslicher Teamplayer. Er besitzt einen sehr ruhigen, bodenst\u00e4ndigen und positiven Charakter. Damit wird er sehr gut in die Mannschaft passen&#8220;, erkl\u00e4rte Vorst\u00e4ndin Sport Kathleen Kr\u00fcger.<\/p>\n<p>+++ 01. September: Gladbach angelt sich K\u00fchn +++<\/p>\n<p>Nach dem verungl\u00fcckten Bundesliga-Auftakt bessert\u00a0Borussia M\u00f6nchengladbach in der Offensive nach. Per Leihe kommt\u00a0Nicolas K\u00fchn vom italienischen Erstligisten Como 1907 an den Niederrhein.<\/p>\n<p>&#8222;Wir haben immer gesagt, dass wir zuschlagen wollen, wenn sich noch einmal ein spannendes Fenster \u00f6ffnet mit einem Spieler, der uns direkt verst\u00e4rkt, dessen Profil wir nicht so im Kader haben und der wirtschaftlich realisierbar ist&#8220;, so Sportchef Rouven Schr\u00f6der.<\/p>\n<p>K\u00fchn sei nun eben diese Soforthilfe.<\/p>\n<p>+++ 01. September: Wilde Minuten in Bremen +++<\/p>\n<p>Werder Bremen hat am letzten Tag des Transferfensters die beiden Defensivspieler Arthur und Moussa Ndiaye verpflichtet.<\/p>\n<p>Der 23 Jahre alte Brasilianer Arthur kommt bis zum Ende der Saison auf Leihbasis vom Bundesliga-Konkurrenten Bayer Leverkusen an die Weser und soll dort die L\u00fccke auf der rechten Abwehrseite schlie\u00dfen.<\/p>\n<p>Kurz zuvor hatte der Nordklub bereits seine einj\u00e4hrige Leihe des 24-j\u00e4hrigen Linksverteidiger Ndiaye vom RSC Anderlecht bekannt gegeben, in der R\u00fcckrunde der Vorsaison war der Senegalese an Schalke 04 ausgeliehen gewesen.<\/p>\n<p>Platz im Kader macht dagegen Samuel Mbangula, der Fl\u00fcgelspieler wechselt auf Leihbasis in die Serie A zum FC Bologna. Die hohen Erwartungen konnte der im Vorjahr f\u00fcr zehn Millionen Euro verpflichtete Belgier, damit zweitteuerster Zugang der Klubgeschichte, nicht erf\u00fcllen.<\/p>\n<p>Bei Werder bahnt sich zudem schon der n\u00e4chste Transfer an. Laut &#8222;Bild&#8220; verhandeln die Norddeutschen mit dem VfB Stuttgart \u00fcber eine Leihe von\u00a0Badredine Bouanani.<\/p>\n<p>Der Algerier soll bis Saisonende an die Weser wechseln, um den Ausfall von\u00a0Justin Njinmah zu kompensieren, so offenbar das Kalk\u00fcl.<\/p>\n<p>+++ 01. September: Chema Andres vor VfB-Abschied +++<\/p>\n<p>Beim VfB Stuttgart wurde in den letzten Stunden vor allem \u00fcber Jamie Leweling und Josha Vagnoman spekuliert. Nun steht Youngster\u00a0Chema Andres offenbar unmittelbar vor einem Abschied.\u00a0<\/p>\n<p>Laut &#8222;Sky&#8220; haben sich die Schwaben mit Brighton &amp; Hove Albion aus der Premier League auf einen Transfer verst\u00e4ndigt. F\u00fcr den Spanier flie\u00dfen demnach 23 Millionen Euro an den Neckar. Zudem gibt es wohl eine Weiterverkaufsbeteiligung.<\/p>\n<p>Chema befinde sich f\u00fcr den Medizincheck bereits auf dem Weg nach England, hei\u00dft es.<\/p>\n<p>+++ 01. September: Mega-Deal in England +++<\/p>\n<p>Kurz vor Transferschluss ist der Wechsel des argentinischen Vizeweltmeisters Enzo Fernandez zu Manchester City offenbar fix.<\/p>\n<p>Wie &#8222;Sky&#8220; berichtet, haben sich der FC Chelsea und ManCity auf eine Abl\u00f6sesumme in H\u00f6he von 140 bis rund 152 Millionen Euro\u00a0geeinigt. Dies w\u00e4re der teuerste Transfer des Sommers und der sechste, bei dem die Abl\u00f6sesumme die 100-Millionen-Euro-Schallmauer knackt.<\/p>\n","protected":false},"excerpt":{"rendered":"Der Deadline Day 2026 ist Geschichte! W\u00e4hrend in der Nacht noch der eine oder andere Deal vermeldet wurde,&hellip;\n","protected":false},"author":2,"featured_media":1275528,"comment_status":"","ping_status":"","sticky":false,"template":"","format":"standard","meta":{"footnotes":"","_share_on_mastodon":"0"},"categories":[1828],"tags":[299,29,347,30,1420,348,4445,1209,957,804,863,887,4443],"class_list":["post-1275527","post","type-post","status-publish","format-standard","has-post-thumbnail","category-koeln","tag-bundesliga","tag-deutschland","tag-fussball","tag-germany","tag-koeln","tag-la-liga","tag-ligue-1","tag-nordrhein-westfalen","tag-premier-league","tag-serie-a","tag-sport-allgemein","tag-top-fussball","tag-transfers-und-geruechte"],"share_on_mastodon":{"url":"","error":""},"_links":{"self":[{"href":"https:\/\/www.europesays.com\/de\/wp-json\/wp\/v2\/posts\/1275527","targetHints":{"allow":["GET"]}}],"collection":[{"href":"https:\/\/www.europesays.com\/de\/wp-json\/wp\/v2\/posts"}],"about":[{"href":"https:\/\/www.europesays.com\/de\/wp-json\/wp\/v2\/types\/post"}],"author":[{"embeddable":true,"href":"https:\/\/www.europesays.com\/de\/wp-json\/wp\/v2\/users\/2"}],"replies":[{"embeddable":true,"href":"https:\/\/www.europesays.com\/de\/wp-json\/wp\/v2\/comments?post=1275527"}],"version-history":[{"count":0,"href":"https:\/\/www.europesays.com\/de\/wp-json\/wp\/v2\/posts\/1275527\/revisions"}],"wp:featuredmedia":[{"embeddable":true,"href":"https:\/\/www.europesays.com\/de\/wp-json\/wp\/v2\/media\/1275528"}],"wp:attachment":[{"href":"https:\/\/www.europesays.com\/de\/wp-json\/wp\/v2\/media?parent=1275527"}],"wp:term":[{"taxonomy":"category","embeddable":true,"href":"https:\/\/www.europesays.com\/de\/wp-json\/wp\/v2\/categories?post=1275527"},{"taxonomy":"post_tag","embeddable":true,"href":"https:\/\/www.europesays.com\/de\/wp-json\/wp\/v2\/tags?post=1275527"}],"curies":[{"name":"wp","href":"https:\/\/api.w.org\/{rel}","templated":true}]}}