{"id":1275557,"date":"2026-09-02T09:47:18","date_gmt":"2026-09-02T09:47:18","guid":{"rendered":"https:\/\/www.europesays.com\/de\/1275557\/"},"modified":"2026-09-02T09:47:18","modified_gmt":"2026-09-02T09:47:18","slug":"fussball-spanien-star-weint-bitterlich-weil-er-verkauft-wurde-sport","status":"publish","type":"post","link":"https:\/\/www.europesays.com\/de\/1275557\/","title":{"rendered":"Fu\u00dfball: Spanien-Star weint bitterlich, weil er verkauft wurde | Sport"},"content":{"rendered":"<p><a class=\"skip-content skip-content--link\" href=\"#in-content-skip-link-target-v-0-0\">TTS-Player \u00fcberspringen\u21b5<\/a><a id=\"in-content-skip-link-target-v-0-0\" class=\"skip-content--target-link-hidden skip-content skip-content--target-link\" href=\"#in-content-skip-link-target-v-0-0\">Artikel weiterlesen<\/a><\/p>\n<p><b>Bei seinem Abschied laufen die Tr\u00e4nen in Str\u00f6men. Pablo Garc\u00eda (20) ist Eigengew\u00e4chs von <\/b><a href=\"https:\/\/www.bild.de\/sport\/fussball\/primera-division\/startseite-62423734.bild.html\" class=\"text-link\" rel=\"nofollow noopener\" target=\"_blank\"><b>Real Betis<\/b><\/a><b> und verl\u00e4sst den Klub nach einem ganzen Leben im Verein. Er wurde kurz vor Ende des Transferfensters an Racing Santander verkauft, unterschreibt dort einen Vertrag bis 2030. Der Deal laut spanischen Medien: 5,5 Millionen Euro f\u00fcr 50 Prozent der Transferrechte. Bei seiner Abreise vom Trainingsgel\u00e4nde sp\u00e4t in der Nacht wird Garc\u00eda von etlichen Fans verabschiedet \u2013 ihm laufen die Tr\u00e4nen \u00fcber das Gesicht. Und auch seine Mutter, die mit ihm im Auto sitzt, ist total emotional.<\/b><\/p>\n<p><img decoding=\"async\" width=\"992\" height=\"558\" alt=\"Garc\u00eda ist sichtlich aufgel\u00f6st\" loading=\"lazy\" src=\"https:\/\/www.europesays.com\/de\/wp-content\/uploads\/2026\/09\/a4cfc9f5e1e4a09bea426c4acdacbf23,b35c3975.jpeg\"   class=\"landscape\"\/><\/p>\n<p class=\"fig__caption__text\">Garcia ist sichtlich aufgel\u00f6st<\/p>\n<p>Foto: x.com<\/p>\n<p>Laut der spanischen AS wollte der Verein aus Sevilla den jungen Spieler abgeben, ohne die Rechte komplett zu verlieren. So sollten demnach die Gehaltskosten gesenkt werden, um Platz f\u00fcr Dani Ceballos (30) zu schaffen, dessen Vertrag bei Real Madrid ausgelaufen ist. Bevor Garcia nach Kantabrien flog, \u00e4u\u00dferte sich der Spieler vor Journalisten noch zum hektischen Ende des Transferfensters. Garcia, der mit seinen Eltern zum Flughafen gereist war, sagte gefasst: \u201eJetzt m\u00fcssen wir uns auf das Wesentliche konzentrieren, das ist alles.\u201c <\/p>\n<p>Garc\u00eda: \u201eEs ist eine sehr schwere Zeit\u201c<\/p>\n<p>Und weiter: \u201eEs ist eine sehr schwere Zeit f\u00fcr alle, aber wir m\u00fcssen den Kopf hochhalten und nach vorne schauen. Ich hoffe, zur\u00fcckzukehren, das w\u00fcnschen wir uns alle. Es gab viele Dinge, die ich nicht beeinflussen konnte; ich w\u00fcnschte, alles w\u00e4re so gelaufen, wie wir es uns alle erhofft hatten. Vielen Dank von ganzem Herzen an alle Betis-Fans.\u201c<\/p>\n<p>Garcias Vater erkl\u00e4rte im Radiosender Cope: \u201eDas ist echt hart f\u00fcr uns.\u201c Und weiter: \u201eWenn es den Betis-Fans schon so geht, stellt euch vor, wie wir uns f\u00fchlen m\u00fcssen. Es waren 15 Jahre, eine ganze Ewigkeit.\u201c<\/p>\n<p><img decoding=\"async\" width=\"992\" height=\"558\" alt=\"Pablo Garcia erzielte gegen Valencia das Sieg-Tor\" loading=\"lazy\" src=\"https:\/\/www.europesays.com\/de\/wp-content\/uploads\/2026\/09\/3540ef3a31651c01ae9deae4d3fe5b31,bf4fd1cf.jpeg\"   class=\"landscape\"\/><\/p>\n<p class=\"fig__caption__text\">Pablo Garcia erzielte gegen Valencia das Sieg-Tor<\/p>\n<p>Foto: Getty Images<\/p>\n<p>Pablo Garc\u00eda hat 33 Pflichtspiele f\u00fcr die erste Mannschaft von Betis bestritten und dabei drei Tore erzielt, darunter den Treffer zum j\u00fcngsten Sieg gegen <a href=\"https:\/\/www.bild.de\/themen\/organisationen\/fc-valencia\/sport-nachrichten-news-fotos-videos-15888540.bild.html\" class=\"text-link\" rel=\"nofollow noopener\" target=\"_blank\">Valencia<\/a>. Er kam im Vorschulalter zu Betis und wurde eine der gr\u00f6\u00dften Hoffnungen des Klubs. Jetzt muss er sich vorerst von seinem Heimatverein verabschieden.<\/p>\n","protected":false},"excerpt":{"rendered":"TTS-Player \u00fcberspringen\u21b5Artikel weiterlesen Bei seinem Abschied laufen die Tr\u00e4nen in Str\u00f6men. Pablo Garc\u00eda (20) ist Eigengew\u00e4chs von Real&hellip;\n","protected":false},"author":2,"featured_media":1275558,"comment_status":"","ping_status":"","sticky":false,"template":"","format":"standard","meta":{"footnotes":"","_share_on_mastodon":"0"},"categories":[136],"tags":[1263,29,8834,347,30,25275,3349,803,265],"class_list":["post-1275557","post","type-post","status-publish","format-standard","has-post-thumbnail","category-sport","tag-aufmacher-bereich","tag-deutschland","tag-fc-barcelona","tag-fussball","tag-germany","tag-primera-division-la-liga","tag-real-madrid","tag-spielertransfer","tag-sport"],"share_on_mastodon":{"url":"https:\/\/pubeurope.com\/@de\/117200820136566436","error":""},"_links":{"self":[{"href":"https:\/\/www.europesays.com\/de\/wp-json\/wp\/v2\/posts\/1275557","targetHints":{"allow":["GET"]}}],"collection":[{"href":"https:\/\/www.europesays.com\/de\/wp-json\/wp\/v2\/posts"}],"about":[{"href":"https:\/\/www.europesays.com\/de\/wp-json\/wp\/v2\/types\/post"}],"author":[{"embeddable":true,"href":"https:\/\/www.europesays.com\/de\/wp-json\/wp\/v2\/users\/2"}],"replies":[{"embeddable":true,"href":"https:\/\/www.europesays.com\/de\/wp-json\/wp\/v2\/comments?post=1275557"}],"version-history":[{"count":0,"href":"https:\/\/www.europesays.com\/de\/wp-json\/wp\/v2\/posts\/1275557\/revisions"}],"wp:featuredmedia":[{"embeddable":true,"href":"https:\/\/www.europesays.com\/de\/wp-json\/wp\/v2\/media\/1275558"}],"wp:attachment":[{"href":"https:\/\/www.europesays.com\/de\/wp-json\/wp\/v2\/media?parent=1275557"}],"wp:term":[{"taxonomy":"category","embeddable":true,"href":"https:\/\/www.europesays.com\/de\/wp-json\/wp\/v2\/categories?post=1275557"},{"taxonomy":"post_tag","embeddable":true,"href":"https:\/\/www.europesays.com\/de\/wp-json\/wp\/v2\/tags?post=1275557"}],"curies":[{"name":"wp","href":"https:\/\/api.w.org\/{rel}","templated":true}]}}