{"id":1275563,"date":"2026-09-02T09:50:20","date_gmt":"2026-09-02T09:50:20","guid":{"rendered":"https:\/\/www.europesays.com\/de\/1275563\/"},"modified":"2026-09-02T09:50:20","modified_gmt":"2026-09-02T09:50:20","slug":"marktbericht-dax-bleibt-unter-druck","status":"publish","type":"post","link":"https:\/\/www.europesays.com\/de\/1275563\/","title":{"rendered":"Marktbericht: DAX bleibt unter Druck"},"content":{"rendered":"<p>            <img loading=\"lazy\" decoding=\"async\" class=\"ts-image\" src=\"https:\/\/www.europesays.com\/de\/wp-content\/uploads\/2026\/07\/boerse-522.jpg\" alt=\"Blick in die B\u00f6rse Frankfurt.\" title=\"Blick in die B\u00f6rse Frankfurt. | picture alliance\/dpa\"\/><\/p>\n<p>                    <strong>Marktbericht<\/strong><\/p>\n<p class=\"metatextline\">Stand: 02.09.2026 \u2022 10:51 Uhr<\/p>\n<p class=\"article-head__shorttext\">\n        <strong>Eine neue Welle von Inflationssorgen belastet die Weltb\u00f6rsen. Grund ist die neue Eskalation im Iran-Krieg. Der DAX gibt zum Handelsstart weiter nach, hat seine Talfahrt aber deutlich verlangsamt.<\/strong>\n    <\/p>\n<p class=\"textabsatz m-ten m-offset-one l-eight l-offset-two columns twelve\">Schwache Vorgaben lasten zur Wochenmitte auf dem DAX. Bis zum Vormittag b\u00fc\u00dft der deutsche Leitindex 0,4 Prozent auf 25.873 Punkte ein.<\/p>\n<p class=\"textabsatz m-ten m-offset-one l-eight l-offset-two columns twelve\">Damit ist er von seinem Rekordhoch bei 26.618 Punkten bislang schon um gut zweieinhalb Prozent zur\u00fcckgefallen. Vorgestern hatte der DAX bereits 1,2 Prozent verloren, <a href=\"https:\/\/www.tagesschau.de\/wirtschaft\/finanzen\/marktberichte\/marktbericht-dax-dow-geldanlage-inflation-100.html\" title=\"Marktbericht: DAX verliert erneut deutlich\" rel=\"nofollow noopener\" target=\"_blank\">gestern 1,1 Prozent<\/a> auf 25.970 Punkte.<\/p>\n<p class=\"textabsatz m-ten m-offset-one l-eight l-offset-two columns twelve\">Neue gegenseitige Angriffe im Persischen Golf haben die \u00d6lpreise weiter nach oben getrieben. W\u00e4hrend das US-Milit\u00e4r mehrere iranische Stellungen angriff, reagierte Teheran mit neuen Raketenangriffen auf verschiedene US-St\u00fctzpunkte in der Region. Die <a href=\"https:\/\/www.tagesschau.de\/ausland\/asien\/usa-iran-angriffe-124.html\" title=\"USA und Iran melden erneut heftige Angriffe\" rel=\"nofollow noopener\" target=\"_blank\">j\u00fcngste Eskalation<\/a> nach einer Phase relativer Ruhe weckt an den Weltb\u00f6rsen die Sorge vor einer neuen Inflationswelle.<\/p>\n<p class=\"textabsatz m-ten m-offset-one l-eight l-offset-two columns twelve\">Roh\u00f6l der Nordseesorte Brent kletterte \u00fcber Nacht weiter auf fast 96 Dollar pro Barrel. Das war der h\u00f6chste Preis seit Mitte Juni. Aktuell liegt die Notierung unter 95 Dollar.<\/p>\n<p class=\"textabsatz m-ten m-offset-one l-eight l-offset-two columns twelve\">Das hat die B\u00f6rsen in Asien auf Talfahrt geschickt. In S\u00fcdkorea brach der Kospi-Index um vier Prozent ein. Der japanische Nikkei-Index verlor 2,8 Prozent.<\/p>\n<p class=\"textabsatz m-ten m-offset-one l-eight l-offset-two columns twelve\">&#8222;Die Gefahr weiterer St\u00f6rungen an der Stra\u00dfe von Hormus hat neue Inflations\u00e4ngste ausgel\u00f6st und einen Ausverkauf bei Aktien an den meisten gro\u00dfen M\u00e4rkten sowie einen Einbruch an den globalen Anleihem\u00e4rkten verursacht&#8220;, schrieben die Analysten von Westpac.<\/p>\n<p class=\"textabsatz m-ten m-offset-one l-eight l-offset-two columns twelve\">Auch die New Yorker B\u00f6rsen hatten erneut an Boden verloren. Der Dow Jones verlor 0,8 Prozent, w\u00e4hrend die Technologiewerte an der Nasdaq 1,0 Prozent einb\u00fc\u00dften. Die Inflationssorgen haben auch die Verluste am Anleihemarkt<strong> <\/strong>beschleunigt. Die Rendite zehnj\u00e4hriger US-Staatsanleihen erreichte mit 4,81 Prozent den h\u00f6chsten Stand seit fast drei Jahren.<\/p>\n<p class=\"textabsatz m-ten m-offset-one l-eight l-offset-two columns twelve\">Auch der deutsche Anleihemarkt bleibt nerv\u00f6s. Heute Morgen ist die zehnj\u00e4hrige Rendite auf ein neues 15-Jahres-Hoch von 3,38 Prozent geklettert. Die hohen Renditen lasten wiederum auf den Aktienm\u00e4rkten. Sie machen Anleihen zunehmend zu einer attraktiven Anlagealternative.<\/p>\n<p class=\"textabsatz m-ten m-offset-one l-eight l-offset-two columns twelve\">Die Aktie von Volkswagen z\u00e4hlt am Morgen zu den gr\u00f6\u00dften DAX-Verlierern. Der Autobauer muss den EuroStoxx 50 am 21. September verlassen, wie der Indexanbieter ISS Stoxx gestern Abend bekanntgab. Angesichts der Krise der Wolfsburger ist der Aktienkurs seit Jahresbeginn um mehr als ein Viertel gesunken. Auf Sicht von f\u00fcnf Jahren liegt das Minus sogar bei fast zwei Dritteln. \u00dcberraschend kommt der Abstieg aus dem europ\u00e4ischen Leitindex laut einem H\u00e4ndler nicht.<\/p>\n","protected":false},"excerpt":{"rendered":"Marktbericht Stand: 02.09.2026 \u2022 10:51 Uhr Eine neue Welle von Inflationssorgen belastet die Weltb\u00f6rsen. Grund ist die neue&hellip;\n","protected":false},"author":2,"featured_media":1172776,"comment_status":"","ping_status":"","sticky":false,"template":"","format":"standard","meta":{"footnotes":"","_share_on_mastodon":"0"},"categories":[134],"tags":[665,175,170,169,1384,29,7126,30,171,5800,174,173,172],"class_list":["post-1275563","post","type-post","status-publish","format-standard","has-post-thumbnail","category-unternehmen-maerkte","tag-boerse","tag-business","tag-companies","tag-companies-markets","tag-dax","tag-deutschland","tag-dow-jones","tag-germany","tag-markets","tag-marktbericht","tag-maerkte","tag-unternehmen","tag-unternehmen-maerkte"],"share_on_mastodon":{"url":"","error":""},"_links":{"self":[{"href":"https:\/\/www.europesays.com\/de\/wp-json\/wp\/v2\/posts\/1275563","targetHints":{"allow":["GET"]}}],"collection":[{"href":"https:\/\/www.europesays.com\/de\/wp-json\/wp\/v2\/posts"}],"about":[{"href":"https:\/\/www.europesays.com\/de\/wp-json\/wp\/v2\/types\/post"}],"author":[{"embeddable":true,"href":"https:\/\/www.europesays.com\/de\/wp-json\/wp\/v2\/users\/2"}],"replies":[{"embeddable":true,"href":"https:\/\/www.europesays.com\/de\/wp-json\/wp\/v2\/comments?post=1275563"}],"version-history":[{"count":0,"href":"https:\/\/www.europesays.com\/de\/wp-json\/wp\/v2\/posts\/1275563\/revisions"}],"wp:featuredmedia":[{"embeddable":true,"href":"https:\/\/www.europesays.com\/de\/wp-json\/wp\/v2\/media\/1172776"}],"wp:attachment":[{"href":"https:\/\/www.europesays.com\/de\/wp-json\/wp\/v2\/media?parent=1275563"}],"wp:term":[{"taxonomy":"category","embeddable":true,"href":"https:\/\/www.europesays.com\/de\/wp-json\/wp\/v2\/categories?post=1275563"},{"taxonomy":"post_tag","embeddable":true,"href":"https:\/\/www.europesays.com\/de\/wp-json\/wp\/v2\/tags?post=1275563"}],"curies":[{"name":"wp","href":"https:\/\/api.w.org\/{rel}","templated":true}]}}