{"id":1275564,"date":"2026-09-02T09:51:19","date_gmt":"2026-09-02T09:51:19","guid":{"rendered":"https:\/\/www.europesays.com\/de\/1275564\/"},"modified":"2026-09-02T09:51:19","modified_gmt":"2026-09-02T09:51:19","slug":"sorge-um-koenigin-mette-marit-nach-lungenkomplikationen-muss-sie-wieder-ins-krankenhaus","status":"publish","type":"post","link":"https:\/\/www.europesays.com\/de\/1275564\/","title":{"rendered":"Sorge um K\u00f6nigin Mette-Marit: Nach Lungenkomplikationen muss sie wieder ins Krankenhaus"},"content":{"rendered":"<p>Sorge um Norwegens K\u00f6nigin\u201eKomplikationen\u201d nach Lungen-OP! Mette-Marit sagt Haakons Vereidigung kurzfristig ab<img alt=\"Kronprinz Haakon von Norwegen und Kronprinzessin Mette-Marit von Norwegen bei einem Besuch in Berlin im Jahr 2024. Mit dem Tod von K\u00f6nig Harald von Norwegen am 28. August 2026 ist Haakon nun der neue K\u00f6nig Norwegens.\" fetchpriority=\"high\" width=\"940\" height=\"529\" decoding=\"async\" data-nimg=\"1\" class=\"Image_image__SdgLQ Picture_image__vGN9W\" style=\"color:transparent\"   src=\"https:\/\/www.europesays.com\/de\/wp-content\/uploads\/2026\/09\/epi_1011730300_imago-sp__kronprinz-haakon-von.webp\"\/><\/p>\n<p>K\u00f6nigin Mette-Marit und K\u00f6nig Haakon. <\/p>\n<p>FlorianxGaertner\/ AA<\/p>\n<p class=\"AnnotatedMarkup_paragraph__IUT9l\"><strong>Eigentlich sollte K\u00f6nigin Mette-Marit ihrem Mann Haakon an diesem historischen Tag zur Seite stehen. <\/strong><br \/>Doch daraus wird nichts: Wegen gesundheitlicher Komplikationen nach ihrer Lungentransplantation muss die 53-J\u00e4hrige ihre Teilnahme an der Vereidigung des neuen norwegischen K\u00f6nigs kurzfristig absagen.<\/p>\n<p>Mette-Marit muss weiter engmaschig \u00fcberwacht werden<\/p>\n<p class=\"AnnotatedMarkup_paragraph__IUT9l\">Es sollte ein historischer Moment f\u00fcr die norwegische K\u00f6nigsfamilie werden \u2013 doch kurz vor der Vereidigung von <a href=\"https:\/\/www.rtl.de\/themen\/personen\/koenig-haakon-von-norwegen-steckbrief-familie-news-id30277163.html\" target=\"_self\" rel=\"nofollow noopener\">K\u00f6nig Haakon VIII.<\/a> gibt es beunruhigende Nachrichten aus dem Palast. <a href=\"https:\/\/www.rtl.de\/themen\/personen\/koenigin-mette-marit-von-norwegen-leben-familie-news-id30275247.html\" target=\"_self\" rel=\"nofollow noopener\"><strong>K\u00f6nigin Mette-Marit<\/strong><\/a> wird ihren Mann bei der Zeremonie im norwegischen Parlament am Dienstag (1. September) nicht begleiten k\u00f6nnen. Grund daf\u00fcr sind gesundheitliche Probleme nach ihrer Lungentransplantation, weswegen sie nach Haakons Vereidigung ins Krankenhaus musste.<\/p>\n<p>Galerie: Sie wird einmal K\u00f6nigin von Norwegen \u2013 so wuchs Ingrid Alexandra auf<\/p>\n<p class=\"AnnotatedMarkup_paragraph__IUT9l\">Wie der norwegische Hof mitteilt, muss die 53-J\u00e4hrige derzeit medizinisch \u00fcberwacht werden. <a href=\"https:\/\/www.rtl.de\/unterhaltung\/stars\/mette-marit-hat-eine-neue-lunge-transplantation-bei-norwegens-kronprinzessin-erfolgreich-id30858584.html\" target=\"_self\" rel=\"nofollow noopener\">Nach dem schweren Eingriff im Juni<\/a> war bereits klar gewesen, dass die Genesung Monate dauern k\u00f6nnte und in dieser Zeit auch Komplikationen auftreten k\u00f6nnen.<\/p>\n<p class=\"AnnotatedMarkup_paragraph__IUT9l\"><strong>Lese-Tipp:<\/strong> <a href=\"https:\/\/www.rtl.de\/leben\/gesundheit\/mette-marit-von-norwegen-hat-eine-neue-lunge-das-erwartet-sie-nach-der-transplantation-id30894915.html\" target=\"_self\" rel=\"nofollow noopener\">Mette-Marit hat eine neue Lunge! Das erwartet die Kronprinzessin von Norwegen jetzt<\/a><\/p>\n<p class=\"AnnotatedMarkup_paragraph__IUT9l\">Lungenfacharzt Are Holm vom National Hospital erkl\u00e4rt: <strong>\u201eEs ist nicht ungew\u00f6hnlich, dass nach einer Lungentransplantation Komplikationen auftreten.<\/strong> Auch die K\u00f6nigin hatte seit der Operation, zuletzt heute, bereits einige Komplikationen. Daher muss sie den ganzen Tag \u00fcber \u00fcberwacht werden.\u201d<\/p>\n<p>Galerie: Das bewegte Leben von K\u00f6nig HaraldTochter Ingrid Alexandra steht K\u00f6nig Haakon zur Seite<\/p>\n<p class=\"AnnotatedMarkup_paragraph__IUT9l\">Haakon VIII. legt am Dienstag um 13 Uhr seinen Eid auf die norwegische Verfassung im Storting in Oslo ab. <strong>An seiner Seite wird seine Tochter, Kronprinzessin Ingrid Alexandra (22), sein.<\/strong> Die neue Thronfolgerin legt ebenfalls einen Eid auf die Verfassung ab \u2013 allerdings schriftlich im K\u00f6nigspalast. K\u00f6nigin Sonja und Prinz Sverre Magnus sollen die Zeremonie im Parlament verfolgen.<\/p>\n<p class=\"AnnotatedMarkup_paragraph__IUT9l\">F\u00fcr die Familie ist es ohnehin eine emotionale Ausnahmesituation. Erst wenige Tage zuvor war K\u00f6nig Harald im Alter von 89 Jahren gestorben. Sein Sohn Haakon \u00fcbernahm daraufhin den norwegischen Thron.<\/p>\n<p class=\"AnnotatedMarkup_paragraph__IUT9l\">Verwendete Quellen: <a rel=\"noopener noreferrer nofollow\" href=\"https:\/\/www.kongehuset.no\/presse\/pressemeldinger\/edsavleggelsen-i-stortinget\" target=\"_blank\">kongehuset.no<\/a><\/p>\n","protected":false},"excerpt":{"rendered":"Sorge um Norwegens K\u00f6nigin\u201eKomplikationen\u201d nach Lungen-OP! Mette-Marit sagt Haakons Vereidigung kurzfristig ab K\u00f6nigin Mette-Marit und K\u00f6nig Haakon. FlorianxGaertner\/&hellip;\n","protected":false},"author":2,"featured_media":1275565,"comment_status":"","ping_status":"","sticky":false,"template":"","format":"standard","meta":{"footnotes":"","_share_on_mastodon":"0"},"categories":[3],"tags":[261016,62601,34937,214,141,13,263249,261351,565,261350,12327,14,15,913,263248,5276,34935,34933,34934,34936,8206,12,10,8,9,11,215,103,104],"class_list":["post-1275564","post","type-post","status-publish","format-standard","has-post-thumbnail","category-welt","tag-ah-analytics","tag-eilmeldungen","tag-ems_unterhaltung_royals","tag-entertainment","tag-gesundheit","tag-headlines","tag-koenigin-mette-marit-von-norwegen","tag-koenigshaus-norwegen","tag-koenigshaeuser","tag-kronprinz-haakon-von-norwegen","tag-lungentransplantation","tag-nachrichten","tag-news","tag-norwegen","tag-prinzessin-ingrid-alexandra-von-norwegen","tag-promi-news","tag-royal-baby","tag-royal-news","tag-royal-wedding","tag-royale-hochzeit","tag-royals","tag-schlagzeilen","tag-top-news","tag-top-meldungen","tag-topmeldungen","tag-topnews","tag-unterhaltung","tag-welt","tag-world"],"share_on_mastodon":{"url":"","error":"Validation failed: Text character limit of 500 exceeded"},"_links":{"self":[{"href":"https:\/\/www.europesays.com\/de\/wp-json\/wp\/v2\/posts\/1275564","targetHints":{"allow":["GET"]}}],"collection":[{"href":"https:\/\/www.europesays.com\/de\/wp-json\/wp\/v2\/posts"}],"about":[{"href":"https:\/\/www.europesays.com\/de\/wp-json\/wp\/v2\/types\/post"}],"author":[{"embeddable":true,"href":"https:\/\/www.europesays.com\/de\/wp-json\/wp\/v2\/users\/2"}],"replies":[{"embeddable":true,"href":"https:\/\/www.europesays.com\/de\/wp-json\/wp\/v2\/comments?post=1275564"}],"version-history":[{"count":0,"href":"https:\/\/www.europesays.com\/de\/wp-json\/wp\/v2\/posts\/1275564\/revisions"}],"wp:featuredmedia":[{"embeddable":true,"href":"https:\/\/www.europesays.com\/de\/wp-json\/wp\/v2\/media\/1275565"}],"wp:attachment":[{"href":"https:\/\/www.europesays.com\/de\/wp-json\/wp\/v2\/media?parent=1275564"}],"wp:term":[{"taxonomy":"category","embeddable":true,"href":"https:\/\/www.europesays.com\/de\/wp-json\/wp\/v2\/categories?post=1275564"},{"taxonomy":"post_tag","embeddable":true,"href":"https:\/\/www.europesays.com\/de\/wp-json\/wp\/v2\/tags?post=1275564"}],"curies":[{"name":"wp","href":"https:\/\/api.w.org\/{rel}","templated":true}]}}