{"id":1275574,"date":"2026-09-02T09:56:29","date_gmt":"2026-09-02T09:56:29","guid":{"rendered":"https:\/\/www.europesays.com\/de\/1275574\/"},"modified":"2026-09-02T09:56:29","modified_gmt":"2026-09-02T09:56:29","slug":"schleswig-holstein-aktuell-nachrichten-im-ueberblick-341","status":"publish","type":"post","link":"https:\/\/www.europesays.com\/de\/1275574\/","title":{"rendered":"Schleswig-Holstein aktuell: Nachrichten im \u00dcberblick"},"content":{"rendered":"<p>        <img decoding=\"async\" src=\"https:\/\/www.europesays.com\/de\/wp-content\/uploads\/2026\/03\/nachrichtenkompakt126.webp.webp\" alt=\"Grafik: Eine Sprechblase, in der die Kontur des Landes Schleswig-Holstein abgebildet ist.\" title=\"Grafik: Eine Sprechblase, in der die Kontur des Landes Schleswig-Holstein abgebildet ist. | NDR\" class=\"responsive\"\/><\/p>\n<p>AUDIO: Nachrichten 11:00 Uhr &#8211; 02.09.2026 (4 Min)<\/p>\n<p>\n                Stand: 02.09.2026 11:11 Uhr<\/p>\n<p class=\"preface\">Nachrichten aus Schleswig-Holstein vom 2. September 2026 &#8211; kompakt und aktuell im Newsblog von NDR SH: Lesen Sie hier im \u00dcberblick, was im Land passiert und noch wichtig wird.<\/p>\n<p>\n        11:05 Uhr\n    <\/p>\n<p>    Marko Ivezi\u0107 verl\u00e4sst Holstein Kiel<\/p>\n<p class=\"\">Fu\u00dfball-Zweitligist <a href=\"https:\/\/www.ndr.de\/sport\/fussball\/Holstein-Kiel-News-Spielplan-und-Ergebnisse,holsteinkiel611.html\" title=\"Holstein Kiel: News, Spielplan und Ergebnisse\" rel=\"nofollow noopener\" target=\"_blank\">Holstein Kiel<\/a> und Verteidiger Marko Ivezi\u0107 gehen getrennte Wege. Wie der Verein heute Vormittag gemeldet hat, wechselt der 24-j\u00e4hrige Serbe zum schottischen Erstligisten Hibernian Edinburgh. Ivezi\u0107 spielte drei Jahre f\u00fcr Holstein Kiel und geh\u00f6rte zu der Mannschaft, die 2024 den Aufstieg in die 1. Bundesliga schaffte. | NDR Schleswig-Holstein 02.09.2026 11:00 Uhr<\/p>\n<p>\n        10:03 Uhr\n    <\/p>\n<p>    Mehr Insolvenzen in Schleswig-Holstein<\/p>\n<p class=\"\">Im ersten Halbjahr des Jahres hat es mehr Unternehmens-Insolvenzen in Schleswig-Holstein gegeben als im gleichen Zeitraum des vergangenen Jahres. Die Insolvenzgerichte melden mehr als 571 Antr\u00e4ge &#8211; das ist ein Viertel mehr als noch vor einem Jahr. Laut dem Statistischen Landesamt gab es in den Kreisen <a href=\"https:\/\/www.ndr.de\/nachrichten\/schleswig-holstein\/Herzogtum-Lauenburg-Aktuelle-Nachrichten-und-Videos,herzogtumlauenburg126.html\" title=\"Herzogtum Lauenburg - Aktuelle Nachrichten und Videos\" rel=\"nofollow noopener\" target=\"_blank\">Herzogtum Lauenburg<\/a> und <a href=\"https:\/\/www.ndr.de\/nachrichten\/schleswig-holstein\/Stormarn-Aktuelle-Nachrichten-und-Videos,stormarn148.html\" title=\"Stormarn - Aktuelle Nachrichten und Videos\" rel=\"nofollow noopener\" target=\"_blank\">Stormarn<\/a> die meisten Insolvenzen. Am h\u00e4ufigsten sei die Bau-Branche betroffen. | NDR Schleswig-Holstein 02.09.2026 10:00 Uhr<\/p>\n<p>        <img decoding=\"async\" src=\"https:\/\/www.europesays.com\/de\/wp-content\/uploads\/2026\/03\/podcastlogo104.webp.webp\" alt=\"Ein Mikrofon vor zwei Menschen.\" title=\"Ein Mikrofon vor zwei Menschen. | NDR, Janis R\u00f6hlig\" class=\"responsive\" loading=\"lazy\"\/><\/p>\n<p>Alles, was f\u00fcr Schleswig-Holstein wichtig ist: Im Nachrichten-Podcast von NDR 1 Welle Nord h\u00f6ren Sie das Neueste aus Schleswig-Holstein, Deutschland und der Welt.<\/p>\n<p>\n        09:15 Uhr\n    <\/p>\n<p>    Versuchter Mord? Prozessbeginn in Kiel<\/p>\n<p class=\"\">Ein 37-j\u00e4hriger Mann muss sich ab heute wegen versuchten Mordes vor dem <a href=\"https:\/\/www.ndr.de\/nachrichten\/schleswig-holstein\/Kiel-Aktuelle-Nachrichten-News-und-Videos,kiel7262.html\" title=\"Kiel - Aktuelle Nachrichten und Videos\" rel=\"nofollow noopener\" target=\"_blank\">Kieler<\/a> Landgericht verantworten: Vergangenen Dezember soll er zu seiner Ex-Frau nach <a href=\"https:\/\/www.ndr.de\/nachrichten\/schleswig-holstein\/Neumuenster-Aktuelle-Nachrichten-und-Videos,neumuenster770.html\" title=\"Neum\u00fcnster - Aktuelle Nachrichten und Videos\" rel=\"nofollow noopener\" target=\"_blank\">Neum\u00fcnster<\/a> gefahren sein und mit einem Messer auf sie eingestochen haben. Laut Staatsanwaltschaft war die Trennung der Frau und ihre Beziehung zu einem anderen Mann der Grund f\u00fcr die Tat. | NDR Schleswig-Holstein 02.09.2026 07:30 Uhr<\/p>\n<p>        <img decoding=\"async\" src=\"https:\/\/www.europesays.com\/de\/wp-content\/uploads\/2026\/03\/podcastlogo104.webp.webp\" alt=\"Ein Mikrofon vor zwei Menschen.\" title=\"Ein Mikrofon vor zwei Menschen. | NDR, Janis R\u00f6hlig\" class=\"responsive\" loading=\"lazy\"\/><\/p>\n<p>Alles, was f\u00fcr Schleswig-Holstein wichtig ist: Im Nachrichten-Podcast von NDR 1 Welle Nord h\u00f6ren Sie das Neueste aus Schleswig-Holstein, Deutschland und der Welt.<\/p>\n<p>\n        06:59 Uhr\n    <\/p>\n<p>    Sanktionen gegen Russland: G\u00fcnther unterst\u00fctzt Bundesregierung<\/p>\n<p class=\"\">Schleswig-Holsteins Ministerpr\u00e4sident Daniel G\u00fcnther h\u00e4lt das Vorgehen Deutschlands gegen Russland f\u00fcr richtig. Als Land an der Ostsee sei Schleswig-Holstein von russischen Bedrohungen besonders stark betroffen, sagte der CDU-Politiker. Gerade Schleswig-Holstein sp\u00fcre an und auf der Ostsee fast jeden Tag, wie der Aggressor Russland die Grenzen teste. Deutschland macht Russland f\u00fcr den versuchten Drohnenanschlag am Flughafen Leipzig\/Halle verantwortlich. Als Gegenma\u00dfnahmen sollen unter anderem das russische Generalkonsulat geschlossen und Schiffe der sogenannten russischen Schattenflotte st\u00e4rker kontrolliert werden. | NDR Schleswig-Holstein 02.09.2026 06:00 Uhr<\/p>\n<p>        <img decoding=\"async\" src=\"https:\/\/www.europesays.com\/de\/wp-content\/uploads\/2026\/09\/drohne-leipzig-flughafen-ermittler-100.webp\" alt=\"Ein Polizist in Schutzkleidung ermittelt am Flughafen Leipzig\/Halle\" title=\"Ein Polizist in Schutzkleidung ermittelt am Flughafen Leipzig\/Halle | REUTERS\" class=\"responsive\" loading=\"lazy\"\/><\/p>\n<p>Russlands Anschlagsversuch mit Drohnen<\/p>\n<p>Die Spuren des Anschlagsversuchs am Flughafen Leipzig\/Halle sollen zu sogenannten Wegwerfagenten eines russischen Geheimdienstes f\u00fchren. Michael G\u00f6tschenberg erkl\u00e4rt, wie Ermittler und Bundesregierung zu diesem Schluss kamen.<\/p>\n<p>        <img decoding=\"async\" src=\"https:\/\/www.europesays.com\/de\/wp-content\/uploads\/2026\/03\/podcastlogo104.webp.webp\" alt=\"Ein Mikrofon vor zwei Menschen.\" title=\"Ein Mikrofon vor zwei Menschen. | NDR, Janis R\u00f6hlig\" class=\"responsive\" loading=\"lazy\"\/><\/p>\n<p>Alles, was f\u00fcr Schleswig-Holstein wichtig ist: Im Nachrichten-Podcast von NDR 1 Welle Nord h\u00f6ren Sie das Neueste aus Schleswig-Holstein, Deutschland und der Welt.<\/p>\n<p>\n        06:57 Uhr\n    <\/p>\n<p>    Gewaltpr\u00e4ventionsambulanzen in SH: Positive Bilanz nach zwei Jahren<\/p>\n<p class=\"\">Menschen helfen, bevor sie m\u00f6glicherweise zu T\u00e4tern werden: Das ist das Ziel der vier <a href=\"https:\/\/www.ndr.de\/nachrichten\/schleswig-holstein\/gewalt-in-sh-wie-praeventionsteams-taten-verhindern-sollen,gewaltpraeventionsambulanz-100.html\" title=\"Gewalt in SH: Wie Pr\u00e4ventionsteams Taten verhindern sollen\" rel=\"nofollow noopener\" target=\"_blank\">Gewaltpr\u00e4ventionsambulanzen<\/a> in <a href=\"https:\/\/www.ndr.de\/nachrichten\/schleswig-holstein\/Flensburg-Nachrichten-Hintergruende-und-Videos,flensburg6034.html\" title=\"Flensburg - Aktuelle Nachrichten und Videos\" rel=\"nofollow noopener\" target=\"_blank\">Flensburg<\/a>, <a href=\"https:\/\/www.ndr.de\/nachrichten\/schleswig-holstein\/Luebeck-Aktuelle-Nachrichten-und-Videos-,luebeck2802.html\" title=\"L\u00fcbeck - Aktuelle Nachrichten und Videos\" rel=\"nofollow noopener\" target=\"_blank\">L\u00fcbeck<\/a>, Elmshorn (<a href=\"https:\/\/www.ndr.de\/nachrichten\/schleswig-holstein\/Kreis-Pinneberg-Aktuelle-Nachrichten-und-Videos,pinneberg280.html\" title=\"Kreis Pinneberg - Aktuelle Nachrichten und Videos\" rel=\"nofollow noopener\" target=\"_blank\">Kreis Pinneberg<\/a>) und <a href=\"https:\/\/www.ndr.de\/nachrichten\/schleswig-holstein\/Kiel-Aktuelle-Nachrichten-News-und-Videos,kiel7262.html\" title=\"Kiel - Aktuelle Nachrichten und Videos\" rel=\"nofollow noopener\" target=\"_blank\">Kiel<\/a>. Das zust\u00e4ndige Justizministerium zieht nun eine positive Bilanz, nachdem das Projekt vor zwei Jahren ins Leben gerufen wurde. Anlass war damals die t\u00f6dliche Messerattacke in einem Regionalzug bei Brokstedt. Mehr als 440 Menschen haben das Angebot bereits genutzt. Ziel des Projekts ist es, sich um Menschen zu k\u00fcmmern, die ansonsten durch das Hilfesystem fallen w\u00fcrden. Der Projektleiter am Universit\u00e4tsklinikum in Kiel, Christian Huchzermeier, erkl\u00e4rt, dass die Menschen meist s\u00fcchtig, wohnungslos, gewaltbereit seien oder Traumata haben. Huchzermeier fordert daher unter anderem mehr Personal und eine stabile Finanzierung. | NDR Schleswig-Holstein 02.09.2026 06:00 Uhr<\/p>\n<p>        <img decoding=\"async\" src=\"https:\/\/www.europesays.com\/de\/wp-content\/uploads\/2026\/09\/1788342987_483_gewalt-226.webp\" alt=\"Flyer zum Thema Gewaltpr\u00e4ventionsambulanz.\" title=\"Flyer zum Thema Gewaltpr\u00e4ventionsambulanz. | NDR, Moritz Kodlin\" class=\"responsive\" loading=\"lazy\"\/><\/p>\n<p>Vier spezielle Ambulanzen helfen Menschen mit hohem Gewaltrisiko. Nach zwei Jahren gibt es Erfolge. Doch das Geld bleibt knapp.<\/p>\n<p>        <img decoding=\"async\" src=\"https:\/\/www.europesays.com\/de\/wp-content\/uploads\/2026\/03\/podcastlogo104.webp.webp\" alt=\"Ein Mikrofon vor zwei Menschen.\" title=\"Ein Mikrofon vor zwei Menschen. | NDR, Janis R\u00f6hlig\" class=\"responsive\" loading=\"lazy\"\/><\/p>\n<p>Alles, was f\u00fcr Schleswig-Holstein wichtig ist: Im Nachrichten-Podcast von NDR 1 Welle Nord h\u00f6ren Sie das Neueste aus Schleswig-Holstein, Deutschland und der Welt.<\/p>\n<p>\n        06:50 Uhr\n    <\/p>\n<p>    Zahl der Empf\u00e4nger von Grundrente gestiegen<\/p>\n<p class=\"\">In Schleswig-Holstein haben im vergangenen Jahr 47.000 Menschen die sogenannte Grundrente erhalten. Das hat die Deutsche Rentenversicherung Nord in <a href=\"https:\/\/www.ndr.de\/nachrichten\/schleswig-holstein\/Luebeck-Aktuelle-Nachrichten-und-Videos-,luebeck2802.html\" title=\"L\u00fcbeck - Aktuelle Nachrichten und Videos\" rel=\"nofollow noopener\" target=\"_blank\">L\u00fcbeck<\/a> mitgeteilt. Das ist ein Anstieg um 8,8 Prozent im Vergleich zum Vorjahr. Die Grundrente ist ein Zuschlag f\u00fcr Menschen, die lange gearbeitet, aber wenig verdient haben. \u00dcberwiegend Frauen erhalten ihn. | NDR Schleswig-Holstein 02.09.2026 06:00 Uhr<\/p>\n<p>        <img decoding=\"async\" src=\"https:\/\/www.europesays.com\/de\/wp-content\/uploads\/2026\/03\/podcastlogo104.webp.webp\" alt=\"Ein Mikrofon vor zwei Menschen.\" title=\"Ein Mikrofon vor zwei Menschen. | NDR, Janis R\u00f6hlig\" class=\"responsive\" loading=\"lazy\"\/><\/p>\n<p>Alles, was f\u00fcr Schleswig-Holstein wichtig ist: Im Nachrichten-Podcast von NDR 1 Welle Nord h\u00f6ren Sie das Neueste aus Schleswig-Holstein, Deutschland und der Welt.<\/p>\n<p>\n        06:40 Uhr\n    <\/p>\n<p>    Streit um K8 in Flensburg: Zweiter Anlauf f\u00fcr Enteignung eines Landwirts<\/p>\n<p class=\"\">Es geht um knapp einen Kilometer der <a href=\"https:\/\/www.ndr.de\/nachrichten\/schleswig-holstein\/die-k8-chronik-der-streit-um-eine-flensburger-kreisstrasse,k8-100.html\" title=\"Enteignung von Landwirt: Flensburg startet n\u00e4chsten Anlauf f\u00fcr die K8\" rel=\"nofollow noopener\" target=\"_blank\">Kreisstra\u00dfe 8<\/a>, die in <a href=\"https:\/\/www.ndr.de\/nachrichten\/schleswig-holstein\/Flensburg-Nachrichten-Hintergruende-und-Videos,flensburg6034.html\" title=\"Flensburg - Aktuelle Nachrichten und Videos\" rel=\"nofollow noopener\" target=\"_blank\">Flensburg<\/a>-Tarup seit 2019 \u00fcber Land f\u00fchrt, das dem Landwirt Knop geh\u00f6rt. Nachdem dieser ein Kaufangebot der Stadt abgelehnt hat, will Flensburg nun einen erneuten Versuch starten, ihn zu enteignen. Wichtig daf\u00fcr: Der Planungsausschuss hat am Dienstag ohne Gegenstimmen beschlossen, zun\u00e4chst einen neuen Bebauungsplan aufzustellen. Das Oberverwaltungsgericht hatte vor vier Jahren gleich mehrere inhaltliche M\u00e4ngel festgestellt &#8211; von Ausgleichsfl\u00e4chen bis zum Artenschutz. Oberb\u00fcrgermeister Fabian Geyer sagte, die Stadt sei auf die Forderungen von Bauer Knop weitgehend eingegangen: 7,5 Millionen Euro plus Land im Wert von 1,5 Millionen. Knop hatte erst zugestimmt, machte dann aber einen R\u00fcckzieher. Falls er doch noch unterschreiben sollte, w\u00e4re der Streit beigelegt. | NDR Schleswig-Holstein 02.09.2026 06:00 Uhr<\/p>\n<p>        <img decoding=\"async\" src=\"https:\/\/www.europesays.com\/de\/wp-content\/uploads\/2026\/03\/podcastlogo104.webp.webp\" alt=\"Ein Mikrofon vor zwei Menschen.\" title=\"Ein Mikrofon vor zwei Menschen. | NDR, Janis R\u00f6hlig\" class=\"responsive\" loading=\"lazy\"\/><\/p>\n<p>Alles, was f\u00fcr Schleswig-Holstein wichtig ist: Im Nachrichten-Podcast von NDR 1 Welle Nord h\u00f6ren Sie das Neueste aus Schleswig-Holstein, Deutschland und der Welt.<\/p>\n<p>        <img decoding=\"async\" src=\"https:\/\/www.europesays.com\/de\/wp-content\/uploads\/2026\/09\/kreisstrasse-102.webp\" alt=\"K8 in Flensburg: Auf einem Stra\u00dfenschild steht &quot;Sperrung&quot;\" title=\"K8 in Flensburg: Auf einem Stra\u00dfenschild steht &quot;Sperrung&quot; | NDR\" class=\"responsive\" loading=\"lazy\"\/><\/p>\n<p>Die Stadt wollte die Fl\u00e4chen kaufen, auf denen ein Teil der Kreisstra\u00dfe verl\u00e4uft. Der Eigent\u00fcmer lehnte ein Millionenangebot ab. Eine Chronologie.<\/p>\n<p>\n        06:24 Uhr\n    <\/p>\n<p>    Aggressiver Ochse an der A23 erschossen<\/p>\n<p class=\"\">In der Nacht ist an der A23 im <a href=\"https:\/\/www.ndr.de\/nachrichten\/schleswig-holstein\/Steinburg-Aktuelle-Nachrichten-und-Videos,steinburg118.html\" title=\"Steinburg - Aktuelle Nachrichten und Videos\" rel=\"nofollow noopener\" target=\"_blank\">Kreis Steinburg<\/a> ein aggressiver Ochse get\u00f6tet worden. Nach Angaben der Polizei waren in dem Ort Bokelrehm bereits Dienstagnachmittag f\u00fcnf Ochsen ausgeb\u00fcxt. Vier Tiere liefen zu einer Wiese zwischen den Ausfahrten Schenefeld und Hanerau-Hademarschen. Eines davon habe aggressiv auf Menschen reagiert und erschossen werden m\u00fcssen, so die Polizei. Die A23 war aus Sicherheitsgr\u00fcnden kurz gesperrt. | NDR Schleswig-Holstein 02.09.2026 05:30 Uhr<\/p>\n<p>        <img decoding=\"async\" src=\"https:\/\/www.europesays.com\/de\/wp-content\/uploads\/2026\/03\/podcastlogo104.webp.webp\" alt=\"Ein Mikrofon vor zwei Menschen.\" title=\"Ein Mikrofon vor zwei Menschen. | NDR, Janis R\u00f6hlig\" class=\"responsive\" loading=\"lazy\"\/><\/p>\n<p>Alles, was f\u00fcr Schleswig-Holstein wichtig ist: Im Nachrichten-Podcast von NDR 1 Welle Nord h\u00f6ren Sie das Neueste aus Schleswig-Holstein, Deutschland und der Welt.<\/p>\n<p>\n        01.09.2026 06:10 Uhr\n    <\/p>\n<p>    Das Wetter in Schleswig-Holstein: Wolkig und \u00fcberwiegend Schauer<\/p>\n<p class=\"\">Heute gibt es bei vielen Wolken von der Nordsee her schauerartige, vereinzelt gewittrige Regenf\u00e4lle. Vorher im S\u00fcdosten des Landes noch etwas Sonne und bis zum Mittag meist trocken. Die Temperaturen liegen bei maximal 19 Grad in Harrislee (<a href=\"https:\/\/www.ndr.de\/nachrichten\/schleswig-holstein\/Kreis-Schleswig-Flensburg-Aktuelle-Nachrichten-und-Videos,schleswigflensburg118.html\" title=\"Kreis Schleswig-Flensburg - Aktuelle Nachrichten und Videos\" rel=\"nofollow noopener\" target=\"_blank\">Kreis Schleswig-Flensburg<\/a>) und bis 22 Grad in Schwarzenbek (<a href=\"https:\/\/www.ndr.de\/nachrichten\/schleswig-holstein\/Herzogtum-Lauenburg-Aktuelle-Nachrichten-und-Videos,herzogtumlauenburg126.html\" title=\"Herzogtum Lauenburg - Aktuelle Nachrichten und Videos\" rel=\"nofollow noopener\" target=\"_blank\">Kreis Herzogtum Lauenburg<\/a>). Es weht ein schwacher bis m\u00e4\u00dfiger sowie b\u00f6iger, an der See frischer und stark b\u00f6iger S\u00fcdwest- bis Westwind. | NDR Schleswig-Holstein 02.09.2026 07:00 Uhr<\/p>\n<p>        <img decoding=\"async\" src=\"https:\/\/www.europesays.com\/de\/wp-content\/uploads\/2026\/09\/wetter-6934.webp\" alt=\"NDR Schleswig-Holstein Moderatorin Doreen Pelz mit der Wettervorhersage.\" title=\"NDR Schleswig-Holstein Moderatorin Doreen Pelz mit der Wettervorhersage. | NDR\" class=\"responsive\" loading=\"lazy\"\/><\/p>\n<p>NDR Schleswig-Holstein Moderatorin Doreen Pelz mit den Aussichten f\u00fcr den 2. September und die kommenden Tage.<\/p>\n","protected":false},"excerpt":{"rendered":"AUDIO: Nachrichten 11:00 Uhr &#8211; 02.09.2026 (4 Min) Stand: 02.09.2026 11:11 Uhr Nachrichten aus Schleswig-Holstein vom 2. September&hellip;\n","protected":false},"author":2,"featured_media":898760,"comment_status":"","ping_status":"","sticky":false,"template":"","format":"standard","meta":{"footnotes":"","_share_on_mastodon":"0"},"categories":[1852],"tags":[590,3364,29,548,663,3934,30,13,4949,17462,14,15,12,1971,17461,1973],"class_list":["post-1275574","post","type-post","status-publish","format-standard","has-post-thumbnail","category-kiel","tag-aktuell","tag-de","tag-deutschland","tag-eu","tag-europa","tag-europe","tag-germany","tag-headlines","tag-kiel","tag-kompakt","tag-nachrichten","tag-news","tag-schlagzeilen","tag-schleswig-holstein","tag-ueberblick","tag-wetter"],"share_on_mastodon":{"url":"https:\/\/pubeurope.com\/@de\/117200856157157855","error":""},"_links":{"self":[{"href":"https:\/\/www.europesays.com\/de\/wp-json\/wp\/v2\/posts\/1275574","targetHints":{"allow":["GET"]}}],"collection":[{"href":"https:\/\/www.europesays.com\/de\/wp-json\/wp\/v2\/posts"}],"about":[{"href":"https:\/\/www.europesays.com\/de\/wp-json\/wp\/v2\/types\/post"}],"author":[{"embeddable":true,"href":"https:\/\/www.europesays.com\/de\/wp-json\/wp\/v2\/users\/2"}],"replies":[{"embeddable":true,"href":"https:\/\/www.europesays.com\/de\/wp-json\/wp\/v2\/comments?post=1275574"}],"version-history":[{"count":0,"href":"https:\/\/www.europesays.com\/de\/wp-json\/wp\/v2\/posts\/1275574\/revisions"}],"wp:featuredmedia":[{"embeddable":true,"href":"https:\/\/www.europesays.com\/de\/wp-json\/wp\/v2\/media\/898760"}],"wp:attachment":[{"href":"https:\/\/www.europesays.com\/de\/wp-json\/wp\/v2\/media?parent=1275574"}],"wp:term":[{"taxonomy":"category","embeddable":true,"href":"https:\/\/www.europesays.com\/de\/wp-json\/wp\/v2\/categories?post=1275574"},{"taxonomy":"post_tag","embeddable":true,"href":"https:\/\/www.europesays.com\/de\/wp-json\/wp\/v2\/tags?post=1275574"}],"curies":[{"name":"wp","href":"https:\/\/api.w.org\/{rel}","templated":true}]}}