{"id":1275577,"date":"2026-09-02T10:00:12","date_gmt":"2026-09-02T10:00:12","guid":{"rendered":"https:\/\/www.europesays.com\/de\/1275577\/"},"modified":"2026-09-02T10:00:12","modified_gmt":"2026-09-02T10:00:12","slug":"braunschweig-aus-einem-trampelpfad-wird-hier-ein-befestigter-freizeitweg","status":"publish","type":"post","link":"https:\/\/www.europesays.com\/de\/1275577\/","title":{"rendered":"Braunschweig: Aus einem Trampelpfad wird hier ein befestigter Freizeitweg"},"content":{"rendered":"<p class=\"datum\">02.09.2026, 11:43 Uhr<\/p>\n<p><strong>Braunschweig. Der Bau eines Freizeitwegs zwischen Bocksbartstra\u00dfe und Volkmaroder Stra\u00dfe im Baugebiet Dibbesdorfer Stra\u00dfe &#8211; S\u00fcd hat begonnen. Darauf weist die <a class=\"redlink\" href=\"https:\/\/regionalheute.de\/braunschweig\/\" rel=\"nofollow noopener\" target=\"_blank\">Stadt Braunschweig<\/a> in einer Pressemeldung hin.<br \/><\/strong><br \/>\n<\/p>\n<p>Der vorhandene Trampelpfad wird in einen Weg mit wassergebundener Deckschicht und komfortabler Breite umgewandelt und erschlie\u00dft k\u00fcnftig das Wohngebiet von S\u00fcdwesten her. Die Verwaltung kommt damit dem Wunsch der Anlieger nach, diesen Wegeabschnitt vorzuziehen. <\/p>\n<p>Sechs Wochen gesperrt<\/p>\n<p>Aus Sicherheitsgr\u00fcnden kann das Baufeld w\u00e4hrend der Bauzeit von etwa sechs Wochen nicht als Weg genutzt werden. Daf\u00fcr bittet die Verwaltung um Verst\u00e4ndnis.<\/p>\n<p>In den Randbereichen zwischen Weg und Privatgrundst\u00fccken werden artenreiche Ansaaten etabliert, die neben einer attraktiven Optik auch einen Beitrag zur Biodiversit\u00e4t liefern. Ein Pflasterstreifen grenzt die Grundst\u00fccke ab. Die Kosten belaufen sich auf zirka 132.000 Euro.<\/p>\n","protected":false},"excerpt":{"rendered":"02.09.2026, 11:43 Uhr Braunschweig. Der Bau eines Freizeitwegs zwischen Bocksbartstra\u00dfe und Volkmaroder Stra\u00dfe im Baugebiet Dibbesdorfer Stra\u00dfe &#8211;&hellip;\n","protected":false},"author":2,"featured_media":1275578,"comment_status":"","ping_status":"","sticky":false,"template":"","format":"standard","meta":{"footnotes":"","_share_on_mastodon":"0"},"categories":[1850],"tags":[6429,3364,29,548,663,3934,30,13,14,15,1411,12],"class_list":["post-1275577","post","type-post","status-publish","format-standard","has-post-thumbnail","category-braunschweig","tag-braunschweig","tag-de","tag-deutschland","tag-eu","tag-europa","tag-europe","tag-germany","tag-headlines","tag-nachrichten","tag-news","tag-niedersachsen","tag-schlagzeilen"],"share_on_mastodon":{"url":"https:\/\/pubeurope.com\/@de\/117200868290005467","error":""},"_links":{"self":[{"href":"https:\/\/www.europesays.com\/de\/wp-json\/wp\/v2\/posts\/1275577","targetHints":{"allow":["GET"]}}],"collection":[{"href":"https:\/\/www.europesays.com\/de\/wp-json\/wp\/v2\/posts"}],"about":[{"href":"https:\/\/www.europesays.com\/de\/wp-json\/wp\/v2\/types\/post"}],"author":[{"embeddable":true,"href":"https:\/\/www.europesays.com\/de\/wp-json\/wp\/v2\/users\/2"}],"replies":[{"embeddable":true,"href":"https:\/\/www.europesays.com\/de\/wp-json\/wp\/v2\/comments?post=1275577"}],"version-history":[{"count":0,"href":"https:\/\/www.europesays.com\/de\/wp-json\/wp\/v2\/posts\/1275577\/revisions"}],"wp:featuredmedia":[{"embeddable":true,"href":"https:\/\/www.europesays.com\/de\/wp-json\/wp\/v2\/media\/1275578"}],"wp:attachment":[{"href":"https:\/\/www.europesays.com\/de\/wp-json\/wp\/v2\/media?parent=1275577"}],"wp:term":[{"taxonomy":"category","embeddable":true,"href":"https:\/\/www.europesays.com\/de\/wp-json\/wp\/v2\/categories?post=1275577"},{"taxonomy":"post_tag","embeddable":true,"href":"https:\/\/www.europesays.com\/de\/wp-json\/wp\/v2\/tags?post=1275577"}],"curies":[{"name":"wp","href":"https:\/\/api.w.org\/{rel}","templated":true}]}}