{"id":1275581,"date":"2026-09-02T10:02:16","date_gmt":"2026-09-02T10:02:16","guid":{"rendered":"https:\/\/www.europesays.com\/de\/1275581\/"},"modified":"2026-09-02T10:02:16","modified_gmt":"2026-09-02T10:02:16","slug":"pol-e-essen-bergheim-grosseinsatz-am-umspannwerk-in-bergheim-einladung-zur","status":"publish","type":"post","link":"https:\/\/www.europesays.com\/de\/1275581\/","title":{"rendered":"POL-E: Essen\/Bergheim: Gro\u00dfeinsatz am Umspannwerk in Bergheim &#8211; Einladung zur &#8230;"},"content":{"rendered":"<p class=\"date\">02.09.2026 \u2013 11:52<\/p>\n<p class=\"customer\">\n                        <a class=\"story-customer\" title=\"weiter zum newsroom von Polizei Essen\" href=\"https:\/\/www.presseportal.de\/blaulicht\/nr\/11562\" rel=\"nofollow noopener\" target=\"_blank\">Polizei Essen<\/a>\n                    <\/p>\n<p><a data-category=\"citylink-story-view\" data-action=\"click\" data-label=\"Citylink in Meldungsansicht\" class=\"story-city event-trigger\" href=\"https:\/\/www.presseportal.de\/regional\/Essen\" title=\"News aus Essen \" rel=\"nofollow noopener\" target=\"_blank\">Essen<\/a> (ots)<\/p>\n<p>Gestern Abend (1. September, gegen 20 Uhr) wurde die Polizei Rhein-Erft-Kreis zu einer technischen St\u00f6rung in einem Umspannwerk in Bergheim gerufen. Nach einem Kurzschluss waren dort mehrere Leitungen ausgefallen.<\/p>\n<p>Nach aktuellen Erkenntnissen gehen die Ermittler davon aus, dass es sich hierbei um eine vors\u00e4tzliche Tat und nicht um einen technischen Defekt handelt.<\/p>\n<p>Wir laden als ermittelnde Beh\u00f6rde hiermit interessierte Journalisten zu einer Pressekonferenz ein:<\/p>\n<p>Mittwoch, 2. September 2026, 14:00 Uhr<\/p>\n<p>Polizeipr\u00e4sidium Essen (Haupteingang), B\u00fcscherstra\u00dfe 2-6, 45131 Essen<\/p>\n<p>Der Leitende Kriminaldirektor Michael Esser (Polizeipr\u00e4sidium K\u00f6ln) und Oberstaatsanwalt Ulrich Bremer (Staatsanwaltschaft K\u00f6ln) informieren \u00fcber den aktuellen Ermittlungsstand.<\/p>\n<p class=\"contact-headline\">R\u00fcckfragen bitte an:<\/p>\n<p class=\"contact-text\">Polizei Essen\/ M\u00fclheim an der Ruhr<br \/>Pressestelle<br \/>Telefon: 0201-829 1065 (au\u00dferhalb der B\u00fcrodienstzeit 0201-829 7230)<br \/>Fax: 0201-829 1069<br \/>E-Mail: <a href=\"https:\/\/www.presseportal.de\/blaulicht\/pm\/11562\/mailto:pressestelle.essen@polizei.nrw.de\" class=\"uri-mailto\" rel=\"nofollow noopener\" target=\"_blank\">pressestelle.essen@polizei.nrw.de<\/a><\/p>\n<p><a target=\"_blank\" class=\"uri-ext outbound\" rel=\"noopener nofollow\" href=\"https:\/\/twitter.com\/Polizei_NRW_E\">https:\/\/twitter.com\/Polizei_NRW_E<\/a><br \/><a target=\"_blank\" class=\"uri-ext outbound\" rel=\"noopener nofollow\" href=\"http:\/\/www.facebook.com\/PolizeiEssen\">http:\/\/www.facebook.com\/PolizeiEssen<\/a><br \/><a target=\"_blank\" class=\"uri-ext outbound\" rel=\"noopener nofollow\" href=\"https:\/\/www.instagram.com\/polizei.nrw.e\">https:\/\/www.instagram.com\/polizei.nrw.e<\/a><br \/><a target=\"_blank\" class=\"uri-ext outbound\" rel=\"noopener nofollow\" href=\"https:\/\/www.whatsapp.com\/channel\/0029VaEsg0q1CYoUFKnPFk2F\">https:\/\/www.whatsapp.com\/channel\/0029VaEsg0q1CYoUFKnPFk2F<\/a><\/p>\n<p class=\"originator\">Original-Content von: Polizei Essen, \u00fcbermittelt durch news aktuell<\/p>\n<p>            <script async src=\"https:\/\/platform.twitter.com\/widgets.js\" charset=\"utf-8\"><\/script><script async src=\"\/\/www.instagram.com\/embed.js\"><\/script><\/p>\n","protected":false},"excerpt":{"rendered":"02.09.2026 \u2013 11:52 Polizei Essen Essen (ots) Gestern Abend (1. September, gegen 20 Uhr) wurde die Polizei Rhein-Erft-Kreis&hellip;\n","protected":false},"author":2,"featured_media":1266941,"comment_status":"","ping_status":"","sticky":false,"template":"","format":"standard","meta":{"footnotes":"","_share_on_mastodon":"0"},"categories":[1848],"tags":[3364,29,548,663,3934,3658,30,13,177,14,15,1209,176,121,178,180,179,181,12],"class_list":["post-1275581","post","type-post","status-publish","format-standard","has-post-thumbnail","category-gelsenkirchen","tag-de","tag-deutschland","tag-eu","tag-europa","tag-europe","tag-gelsenkirchen","tag-germany","tag-headlines","tag-kriminalitt","tag-nachrichten","tag-news","tag-nordrhein-westfalen","tag-nrw","tag-polizei","tag-presse","tag-pressemeldung","tag-pressemitteilung","tag-pressemitteilungen","tag-schlagzeilen"],"share_on_mastodon":{"url":"https:\/\/pubeurope.com\/@de\/117200876210286632","error":""},"_links":{"self":[{"href":"https:\/\/www.europesays.com\/de\/wp-json\/wp\/v2\/posts\/1275581","targetHints":{"allow":["GET"]}}],"collection":[{"href":"https:\/\/www.europesays.com\/de\/wp-json\/wp\/v2\/posts"}],"about":[{"href":"https:\/\/www.europesays.com\/de\/wp-json\/wp\/v2\/types\/post"}],"author":[{"embeddable":true,"href":"https:\/\/www.europesays.com\/de\/wp-json\/wp\/v2\/users\/2"}],"replies":[{"embeddable":true,"href":"https:\/\/www.europesays.com\/de\/wp-json\/wp\/v2\/comments?post=1275581"}],"version-history":[{"count":0,"href":"https:\/\/www.europesays.com\/de\/wp-json\/wp\/v2\/posts\/1275581\/revisions"}],"wp:featuredmedia":[{"embeddable":true,"href":"https:\/\/www.europesays.com\/de\/wp-json\/wp\/v2\/media\/1266941"}],"wp:attachment":[{"href":"https:\/\/www.europesays.com\/de\/wp-json\/wp\/v2\/media?parent=1275581"}],"wp:term":[{"taxonomy":"category","embeddable":true,"href":"https:\/\/www.europesays.com\/de\/wp-json\/wp\/v2\/categories?post=1275581"},{"taxonomy":"post_tag","embeddable":true,"href":"https:\/\/www.europesays.com\/de\/wp-json\/wp\/v2\/tags?post=1275581"}],"curies":[{"name":"wp","href":"https:\/\/api.w.org\/{rel}","templated":true}]}}