{"id":1275582,"date":"2026-09-02T10:03:17","date_gmt":"2026-09-02T10:03:17","guid":{"rendered":"https:\/\/www.europesays.com\/de\/1275582\/"},"modified":"2026-09-02T10:03:17","modified_gmt":"2026-09-02T10:03:17","slug":"wiesbaden-sorgen-um-krieg-und-demokratie-kinderwunsch-gesunken","status":"publish","type":"post","link":"https:\/\/www.europesays.com\/de\/1275582\/","title":{"rendered":"Wiesbaden | Sorgen um Krieg und Demokratie \u2013 Kinderwunsch gesunken"},"content":{"rendered":"<p>Wiesbaden (dpa) &#8211; Der Kinderwunsch junger Erwachsener ist laut einer Untersuchung des Bundesinstituts f\u00fcr Bev\u00f6lkerungsforschung erstmals seit vielen Jahren gesunken. Zudem haben Zukunftssorgen aufgrund globaler Krisen zugenommen, wie das Institut mitteilte. Laut aktueller Auswertung liegt der Kinderwunsch zurzeit bei 1,7 Kindern bei Frauen und 1,6 Kindern bei M\u00e4nnern. Damit w\u00fcnschen sich junge Menschen mehr Kinder, als sie bekommen. Die Geburtenrate in Deutschland lag zuletzt bei 1,35 Kindern.<\/p>\n<p>Die gr\u00f6\u00dften Sorgen junger Erwachsener sind demnach milit\u00e4rische Konflikte und Kriege. \u00abDeutlich zugenommen haben zudem Sorgen um eine m\u00f6gliche Schw\u00e4chung der Demokratie\u00bb, hie\u00df es. Zukunftssorgen st\u00fcnden im Zusammenhang mit der Familienplanung, sagte Miriam Tr\u00fcbner, wissenschaftliche Mitarbeiterin am Institut. F\u00fcr M\u00e4nner und Frauen h\u00e4nge etwa die Sorge vor einer m\u00f6glichen Schw\u00e4chung der Demokratie und dem Klimawandel mit einem geringeren Kinderwunsch zusammen.<\/p>\n","protected":false},"excerpt":{"rendered":"Wiesbaden (dpa) &#8211; Der Kinderwunsch junger Erwachsener ist laut einer Untersuchung des Bundesinstituts f\u00fcr Bev\u00f6lkerungsforschung erstmals seit vielen&hellip;\n","protected":false},"author":2,"featured_media":1275583,"comment_status":"","ping_status":"","sticky":false,"template":"","format":"standard","meta":{"footnotes":"","_share_on_mastodon":"0"},"categories":[1847],"tags":[14125,3364,29,548,663,3934,553,30,1724,13,2052,1114,1563,8221,14,15,12,924,4544],"class_list":["post-1275582","post","type-post","status-publish","format-standard","has-post-thumbnail","category-wiesbaden","tag-bevoelkerung","tag-de","tag-deutschland","tag-eu","tag-europa","tag-europe","tag-familie","tag-germany","tag-gesellschaft","tag-headlines","tag-hessen","tag-kinder","tag-klima","tag-konflikte","tag-nachrichten","tag-news","tag-schlagzeilen","tag-statistik","tag-wiesbaden"],"share_on_mastodon":{"url":"https:\/\/pubeurope.com\/@de\/117200880050087590","error":""},"_links":{"self":[{"href":"https:\/\/www.europesays.com\/de\/wp-json\/wp\/v2\/posts\/1275582","targetHints":{"allow":["GET"]}}],"collection":[{"href":"https:\/\/www.europesays.com\/de\/wp-json\/wp\/v2\/posts"}],"about":[{"href":"https:\/\/www.europesays.com\/de\/wp-json\/wp\/v2\/types\/post"}],"author":[{"embeddable":true,"href":"https:\/\/www.europesays.com\/de\/wp-json\/wp\/v2\/users\/2"}],"replies":[{"embeddable":true,"href":"https:\/\/www.europesays.com\/de\/wp-json\/wp\/v2\/comments?post=1275582"}],"version-history":[{"count":0,"href":"https:\/\/www.europesays.com\/de\/wp-json\/wp\/v2\/posts\/1275582\/revisions"}],"wp:featuredmedia":[{"embeddable":true,"href":"https:\/\/www.europesays.com\/de\/wp-json\/wp\/v2\/media\/1275583"}],"wp:attachment":[{"href":"https:\/\/www.europesays.com\/de\/wp-json\/wp\/v2\/media?parent=1275582"}],"wp:term":[{"taxonomy":"category","embeddable":true,"href":"https:\/\/www.europesays.com\/de\/wp-json\/wp\/v2\/categories?post=1275582"},{"taxonomy":"post_tag","embeddable":true,"href":"https:\/\/www.europesays.com\/de\/wp-json\/wp\/v2\/tags?post=1275582"}],"curies":[{"name":"wp","href":"https:\/\/api.w.org\/{rel}","templated":true}]}}