{"id":1275632,"date":"2026-09-02T10:38:12","date_gmt":"2026-09-02T10:38:12","guid":{"rendered":"https:\/\/www.europesays.com\/de\/1275632\/"},"modified":"2026-09-02T10:38:12","modified_gmt":"2026-09-02T10:38:12","slug":"pol-mfr-786-motorradfahrer-entzog-sich-verkehrskontrolle-zeugen-gesucht","status":"publish","type":"post","link":"https:\/\/www.europesays.com\/de\/1275632\/","title":{"rendered":"POL-MFR: (786) Motorradfahrer entzog sich Verkehrskontrolle &#8211; Zeugen gesucht"},"content":{"rendered":"<p class=\"date\">02.09.2026 \u2013 12:01<\/p>\n<p class=\"customer\">\n                        <a class=\"story-customer\" title=\"weiter zum newsroom von Polizeipr\u00e4sidium Mittelfranken\" href=\"https:\/\/www.presseportal.de\/blaulicht\/nr\/6013\" rel=\"nofollow noopener\" target=\"_blank\">Polizeipr\u00e4sidium Mittelfranken<\/a>\n                    <\/p>\n<p><a data-category=\"citylink-story-view\" data-action=\"click\" data-label=\"Citylink in Meldungsansicht\" class=\"story-city event-trigger\" href=\"https:\/\/www.presseportal.de\/regional\/N%FCrnberg%20%252F%20F%FCrth\" title=\"News aus N\u00fcrnberg \/ F\u00fcrth \" rel=\"nofollow noopener\" target=\"_blank\">N\u00fcrnberg \/ F\u00fcrth<\/a> (ots)<\/p>\n<p>Am Dienstagmorgen (01.09.2026) entzog sich ein Motorradfahrer auf der S\u00fcdwesttangente einer Kontrolle der Verkehrspolizei und fl\u00fcchtete anschlie\u00dfend mit hoher Geschwindigkeit durch das F\u00fcrther Stadtgebiet. Die Verkehrspolizeiinspektion N\u00fcrnberg sucht Zeugen.<\/p>\n<p>Gegen 07:45 Uhr fiel einer Streife der Verkehrspolizei das Motorrad erstmals im Bereich der Anschlussstelle N\u00fcrnberg-Gebersdorf auf. Im weiteren Verlauf befuhr der Fahrer die S\u00fcdwesttangente in Fahrtrichtung F\u00fcrth. Bei erlaubten 80 km\/h ma\u00dfen die Beamten mit ihrem Videofahrzeug eine Geschwindigkeit von 161 km\/h.<\/p>\n<p>Auf die Anhaltesignale der Streife verringerte der Fahrer zun\u00e4chst sein Tempo und folgte dem Streifenfahrzeug. Nach kurzer Zeit beschleunigte er jedoch erneut und entzog sich der beabsichtigten Kontrolle.<\/p>\n<p>Seine Fahrt f\u00fchrte \u00fcber die S\u00fcdwesttangente in Richtung Burgfarrnbach und weiter \u00fcber die Hafenstra\u00dfe, die Manfred-Roth-Stra\u00dfe, die Stra\u00dfe Am Gr\u00fcnen Weg sowie die W\u00fcrzburger Stra\u00dfe in Richtung Innenstadt. Anschlie\u00dfend fuhr der Motorradfahrer \u00fcber die Breslauer Stra\u00dfe und die Hardstra\u00dfe weiter. Auch innerhalb des Stadtgebiets erreichte er zeitweise Geschwindigkeiten von 90 km\/h und mehr. Schlie\u00dflich verlor die Streife das Motorrad aus den Augen.<\/p>\n<p>Bei dem Motorrad handelt es sich um eine Honda CBR1000RR. Das Fahrzeug ist auff\u00e4llig lila foliert und tr\u00e4gt die wei\u00dfe Aufschrift &#8222;mway&#8220;. Das Kennzeichen war mit gelbem Grund und schwarzer Schrift versehen. Aus welchem Land das Kennzeichen stammt, ist bislang nicht bekannt.<\/p>\n<p>Der m\u00e4nnliche Fahrer trug einen schwarzen Pullover mit der wei\u00dfen Aufschrift &#8222;SIWD&#8220; sowie eine beige Hose.<\/p>\n<p>Die Verkehrspolizeiinspektion N\u00fcrnberg hat die Ermittlungen aufgenommen und bittet Personen, die den Motorradfahrer auf der genannten Strecke beobachtet haben oder durch dessen Fahrweise gef\u00e4hrdet oder behindert wurden, sich zu melden. Auch Verkehrsteilnehmer, die Foto- oder Videoaufnahmen des Motorrads oder des Fahrers gefertigt haben, bittet die Verkehrspolizei um Kontaktaufnahme.<\/p>\n<p>Hinweise nimmt die Verkehrspolizeiinspektion N\u00fcrnberg unter der Telefonnummer 0911 6583-1530 entgegen.<\/p>\n<p>Erstellt durch: Michael Sebald \/ mc<\/p>\n<p class=\"contact-headline\">R\u00fcckfragen bitte an:<\/p>\n<p class=\"contact-text\">Polizeipr\u00e4sidium Mittelfranken<br \/>Pr\u00e4sidialb\u00fcro &#8211; Pressestelle<br \/>Jakobsplatz 5<br \/>D-90402 N\u00fcrnberg<br \/>E-Mail: <a href=\"https:\/\/www.presseportal.de\/blaulicht\/pm\/6013\/mailto:pp-mfr.pressestelle@polizei.bayern.de\" class=\"uri-mailto\" rel=\"nofollow noopener\" target=\"_blank\">pp-mfr.pressestelle@polizei.bayern.de<\/a><\/p>\n<p>Erreichbarkeiten:<br \/>Montag bis Donnerstag<br \/>07:00 bis 16:00 Uhr<br \/>Freitag<br \/>07:00 bis 15:00 Uhr<br \/>Sonntag<br \/>11:00 bis 14:00 Uhr<\/p>\n<p>Telefon: +49 (0)911 2112 1030<\/p>\n<p>Au\u00dferhalb der B\u00fcrozeiten:<\/p>\n<p>Telefon: +49 (0)911 2112 1553<\/p>\n<p>Die Pressestelle des Polizeipr\u00e4sidiums Mittelfranken im Internet:<br \/><a target=\"_blank\" class=\"uri-ext outbound\" rel=\"noopener nofollow\" href=\"http:\/\/ots.de\/P4TQ8h\">http:\/\/ots.de\/P4TQ8h<\/a><\/p>\n<p class=\"originator\">Original-Content von: Polizeipr\u00e4sidium Mittelfranken, \u00fcbermittelt durch news aktuell<\/p>\n","protected":false},"excerpt":{"rendered":"02.09.2026 \u2013 12:01 Polizeipr\u00e4sidium Mittelfranken N\u00fcrnberg \/ F\u00fcrth (ots) Am Dienstagmorgen (01.09.2026) entzog sich ein Motorradfahrer auf der&hellip;\n","protected":false},"author":2,"featured_media":1266941,"comment_status":"","ping_status":"","sticky":false,"template":"","format":"standard","meta":{"footnotes":"","_share_on_mastodon":"0"},"categories":[1837],"tags":[772,2918,3364,29,30,177,3783,121,178,180,179,181],"class_list":["post-1275632","post","type-post","status-publish","format-standard","has-post-thumbnail","category-nuernberg","tag-bayern","tag-by","tag-de","tag-deutschland","tag-germany","tag-kriminalitt","tag-nuernberg","tag-polizei","tag-presse","tag-pressemeldung","tag-pressemitteilung","tag-pressemitteilungen"],"share_on_mastodon":{"url":"https:\/\/pubeurope.com\/@de\/117201018116049024","error":""},"_links":{"self":[{"href":"https:\/\/www.europesays.com\/de\/wp-json\/wp\/v2\/posts\/1275632","targetHints":{"allow":["GET"]}}],"collection":[{"href":"https:\/\/www.europesays.com\/de\/wp-json\/wp\/v2\/posts"}],"about":[{"href":"https:\/\/www.europesays.com\/de\/wp-json\/wp\/v2\/types\/post"}],"author":[{"embeddable":true,"href":"https:\/\/www.europesays.com\/de\/wp-json\/wp\/v2\/users\/2"}],"replies":[{"embeddable":true,"href":"https:\/\/www.europesays.com\/de\/wp-json\/wp\/v2\/comments?post=1275632"}],"version-history":[{"count":0,"href":"https:\/\/www.europesays.com\/de\/wp-json\/wp\/v2\/posts\/1275632\/revisions"}],"wp:featuredmedia":[{"embeddable":true,"href":"https:\/\/www.europesays.com\/de\/wp-json\/wp\/v2\/media\/1266941"}],"wp:attachment":[{"href":"https:\/\/www.europesays.com\/de\/wp-json\/wp\/v2\/media?parent=1275632"}],"wp:term":[{"taxonomy":"category","embeddable":true,"href":"https:\/\/www.europesays.com\/de\/wp-json\/wp\/v2\/categories?post=1275632"},{"taxonomy":"post_tag","embeddable":true,"href":"https:\/\/www.europesays.com\/de\/wp-json\/wp\/v2\/tags?post=1275632"}],"curies":[{"name":"wp","href":"https:\/\/api.w.org\/{rel}","templated":true}]}}