{"id":1275642,"date":"2026-09-02T10:44:21","date_gmt":"2026-09-02T10:44:21","guid":{"rendered":"https:\/\/www.europesays.com\/de\/1275642\/"},"modified":"2026-09-02T10:44:21","modified_gmt":"2026-09-02T10:44:21","slug":"mehr-auswahl-bessere-erreichbarkeit-europcar-eroeffnet-neuen-standort-in-bremen","status":"publish","type":"post","link":"https:\/\/www.europesays.com\/de\/1275642\/","title":{"rendered":"Mehr Auswahl, bessere Erreichbarkeit: Europcar er\u00f6ffnet neuen Standort in Bremen"},"content":{"rendered":"<p class=\"date\">02.09.2026 \u2013 12:29<\/p>\n<p class=\"customer\">\n                        <a class=\"story-customer\" title=\"weiter zum newsroom von Europcar Mobility Group\" href=\"https:\/\/www.presseportal.de\/nr\/43591\" rel=\"nofollow noopener\" target=\"_blank\">Europcar Mobility Group<\/a>\n                    <\/p>\n<p><a class=\"glightbox-pseudo event-trigger\" href=\"https:\/\/cache.pressmailing.net\/thumbnail\/story_hires\/c16fa2e7-63bf-45b4-a2b4-437950e71d04\/260902_Bremen_Statio~hanie%20Petersen1.jpg.jpg\" data-description=\"Neue Station von Europcar in Bremen, Neuenlander Stra\u00dfe 83 \/ Weiterer Text \u00fcber ots und www.presseportal.de\/nr\/43591 \/ Die Verwendung dieses Bildes f\u00fcr redaktionelle Zwecke ist unter Beachtung aller mitgeteilten Nutzungsbedingungen zul\u00e4ssig und dann auch honorarfrei. Ver\u00f6ffentlichung ausschlie\u00dflich mit Bildrechte-Hinweis.\" data-category=\"medialightbox\" data-action=\"click\" data-label=\"single\" data-value=\"6a97f578270000fd2cc41a47\" rel=\"nofollow noopener\" target=\"_blank\"><img decoding=\"async\" height=\"540\" with=\"720\" src=\"https:\/\/www.europesays.com\/de\/wp-content\/uploads\/2026\/09\/mehr-auswahl-bessere-erreichbarkeit-europcar-er-ffnet-neuen-standort-in-bremen.jpeg\"   alt=\"Mehr Auswahl, bessere Erreichbarkeit: Europcar er\u00f6ffnet neuen Standort in Bremen\" class=\"single\"\/><\/a><\/p>\n<p><a data-category=\"citylink-story-view\" data-action=\"click\" data-label=\"Citylink in Meldungsansicht\" class=\"story-city event-trigger\" href=\"https:\/\/www.presseportal.de\/regional\/Hamburg%252FBremen\" title=\"News aus Hamburg\/Bremen \" rel=\"nofollow noopener\" target=\"_blank\">Hamburg\/Bremen<\/a> (ots)<\/p>\n<p><b>Europcar verlegt seine Bremer Van-&amp;-Truck-Station aus dem Industriegebiet in Strom in den besser erreichbaren Stadtteil Bremen-Neustadt und erweitert dort zugleich das Fahrzeugangebot. Ab sofort k\u00f6nnen Privat- und Gesch\u00e4ftskunden am neuen Standort in der Neuenlander Stra\u00dfe 83 neben Transportern und Lkw auch Pkw mieten. Die neue Station ersetzt den bisherigen Standort in der Ludwig-Erhard-Stra\u00dfe 45. <\/b><\/p>\n<p> &#8222;Mit dem neuen Standort verbinden wir eine gute Erreichbarkeit mit einem deutlich breiteren Angebot. Unsere Kundinnen und Kunden finden hier ab sofort vom Pkw \u00fcber den Transporter bis zum Lkw unterschiedliche Fahrzeugkategorien an einer Adresse\u201c, sagt Thorsten Buschmann, Stationsleitung bei Europcar f\u00fcr den Standort Bremen Neuenlander Stra\u00dfe. \u201eDamit k\u00f6nnen wir noch flexibler auf verschiedene Mobilit\u00e4tsbed\u00fcrfnisse eingehen und unsere Kundinnen und Kunden an sieben Tagen in der Woche pers\u00f6nlich zum passenden Fahrzeug beraten.\u201c <\/p>\n<p> Die Neuenlander Stra\u00dfe geh\u00f6rt als Teilst\u00fcck der Bundesstra\u00dfe 6 zu den wichtigen Verkehrsachsen der Stadt und ist \u00fcber den Autobahnzubringer Arsten an die A1 angebunden. Auch mit \u00f6ffentlichen Verkehrsmitteln l\u00e4sst sich die Station erreichen: Von der Haltestelle Schleiermacherstra\u00dfe der Stra\u00dfenbahnlinie 6 sind es nur rund 800 Meter zu Fu\u00df. <\/p>\n<p><b>Ein Standort f\u00fcr unterschiedliche Mobilit\u00e4tsbed\u00fcrfnisse<\/b><\/p>\n<p> Das Angebot richtet sich an private ebenso wie an gewerbliche Mietende. Je nach Bedarf stehen beispielsweise Transporter f\u00fcr den Umzug, Nutzfahrzeuge f\u00fcr gewerbliche Eins\u00e4tze oder Pkw f\u00fcr Alltag, Wochenende und individuelle Mobilit\u00e4t zur Verf\u00fcgung. <\/p>\n<p> Mit dem Umzug st\u00e4rkt Europcar zugleich sein Angebot in Bremen. K\u00fcnftig bietet der Mobilit\u00e4tsdienstleister an drei Bremer Standorten Fahrzeuge an. Neben der Neuenlander Stra\u00dfe 83 mit dem vollen Fahrzeug-Angebot stehen Kundinnen und Kunden am Breitenweg 32 sowie am Flughafen in Bremen Pkw zur Verf\u00fcgung. <\/p>\n<p> Aktuelle \u00d6ffnungszeiten unserer Stationen sowie attraktive Buchungsangebote finden Sie unter  <a target=\"_blank\" class=\"uri-ext outbound\" rel=\"noopener nofollow\" href=\"http:\/\/www.europcar.de\/\">europcar.de<\/a><\/p>\n<p><b>Kontakt der Station<\/b><\/p>\n<p> Europcar Bremen <\/p>\n<p> Neuenlander Stra\u00dfe 83 <\/p>\n<p> 28199 Bremen-Neustadt <\/p>\n<p> Tel: 0421 \/ 5350980 <\/p>\n<p class=\"contact-headline\">Pressekontakt:<\/p>\n<p class=\"contact-text\">Europcar Mobility Group Germany<br \/>Miriam Grether<br \/>Corporate Communications<br \/>Telefon: +49 160 98272201<br \/>E-Mail: <a href=\"https:\/\/www.presseportal.de\/pm\/43591\/mailto:presse@europcar.com\" class=\"uri-mailto\" rel=\"nofollow noopener\" target=\"_blank\">presse@europcar.com<\/a><\/p>\n<p>Agentur Faktor 3 AG<br \/>Team Europcar Mobility Group<br \/>Kattunbleiche 35<br \/>22041 Hamburg<br \/>Tel.: +49 40 679446-0<br \/>E-Mail: <a href=\"https:\/\/www.presseportal.de\/pm\/43591\/mailto:europcar@faktor3.de\" class=\"uri-mailto\" rel=\"nofollow noopener\" target=\"_blank\">europcar@faktor3.de<\/a><\/p>\n<p class=\"originator\">Original-Content von: Europcar Mobility Group, \u00fcbermittelt durch news aktuell<\/p>\n","protected":false},"excerpt":{"rendered":"02.09.2026 \u2013 12:29 Europcar Mobility Group Hamburg\/Bremen (ots) Europcar verlegt seine Bremer Van-&amp;-Truck-Station aus dem Industriegebiet in Strom&hellip;\n","protected":false},"author":2,"featured_media":1275643,"comment_status":"","ping_status":"","sticky":false,"template":"","format":"standard","meta":{"footnotes":"","_share_on_mastodon":"0"},"categories":[1824],"tags":[513,3477,2420,3364,29,263259,30,178,180,179,181,2332,625],"class_list":["post-1275642","post","type-post","status-publish","format-standard","has-post-thumbnail","category-bremen","tag-auto","tag-bild","tag-bremen","tag-de","tag-deutschland","tag-europcar","tag-germany","tag-presse","tag-pressemeldung","tag-pressemitteilung","tag-pressemitteilungen","tag-transport","tag-verbraucher"],"share_on_mastodon":{"url":"","error":""},"_links":{"self":[{"href":"https:\/\/www.europesays.com\/de\/wp-json\/wp\/v2\/posts\/1275642","targetHints":{"allow":["GET"]}}],"collection":[{"href":"https:\/\/www.europesays.com\/de\/wp-json\/wp\/v2\/posts"}],"about":[{"href":"https:\/\/www.europesays.com\/de\/wp-json\/wp\/v2\/types\/post"}],"author":[{"embeddable":true,"href":"https:\/\/www.europesays.com\/de\/wp-json\/wp\/v2\/users\/2"}],"replies":[{"embeddable":true,"href":"https:\/\/www.europesays.com\/de\/wp-json\/wp\/v2\/comments?post=1275642"}],"version-history":[{"count":0,"href":"https:\/\/www.europesays.com\/de\/wp-json\/wp\/v2\/posts\/1275642\/revisions"}],"wp:featuredmedia":[{"embeddable":true,"href":"https:\/\/www.europesays.com\/de\/wp-json\/wp\/v2\/media\/1275643"}],"wp:attachment":[{"href":"https:\/\/www.europesays.com\/de\/wp-json\/wp\/v2\/media?parent=1275642"}],"wp:term":[{"taxonomy":"category","embeddable":true,"href":"https:\/\/www.europesays.com\/de\/wp-json\/wp\/v2\/categories?post=1275642"},{"taxonomy":"post_tag","embeddable":true,"href":"https:\/\/www.europesays.com\/de\/wp-json\/wp\/v2\/tags?post=1275642"}],"curies":[{"name":"wp","href":"https:\/\/api.w.org\/{rel}","templated":true}]}}