{"id":1275662,"date":"2026-09-02T10:55:18","date_gmt":"2026-09-02T10:55:18","guid":{"rendered":"https:\/\/www.europesays.com\/de\/1275662\/"},"modified":"2026-09-02T10:55:18","modified_gmt":"2026-09-02T10:55:18","slug":"verkehrs-und-tarifverbund-stuttgart-meldet-mehr-fahrten-mit-bus-und-bahn","status":"publish","type":"post","link":"https:\/\/www.europesays.com\/de\/1275662\/","title":{"rendered":"Verkehrs- und Tarifverbund Stuttgart meldet mehr Fahrten mit Bus und Bahn"},"content":{"rendered":"<p>Von Januar bis Juni 2026 wurden rund 183,1 Millionen Mal \u00f6ffentliche Verkehrsmittel genutzt. Das sind rund 2,1 Millionen Fahrten mehr als im Vorjahreszeitraum.<\/p>\n<p>Kreis Ludwigsburg. Der Verkehrs- und Tarifverbund Stuttgart (VVS) zieht eine positive Bilanz f\u00fcr das erste Halbjahr 2026. Von Januar bis Juni wurden rund 183,1 Millionen Fahrten mit Bus und Bahn unternommen, teilt er mit. Das seien rund 2,1 Millionen Fahrten oder 1,18 Prozent mehr als im Vorjahreszeitraum. Bei den allgemeinen Zeitkarten stieg die Zahl der Fahrten um 1,98 Prozent, im Ausbildungsverkehr um 0,55 Prozent. Der sogenannte Gelegenheitsverkehr ging dagegen um 1,78 Prozent zur\u00fcck.<\/p>\n<p>Mehr als 600.000 Abonnements<\/p>\n<p>Auch die Nachfrage nach Abonnements bleibt laut VVS auf einem hohen Niveau. Ende Juni 2026 z\u00e4hlte er insgesamt 611.831 Abonnements. Im Vergleich zum Vorjahr stiegen die Zahlen um rund 9.000 (+ 1,5 %). Darunter sind rund 286.000 klassische Deutschland-Tickets, 198.000 Abonnements von Sch\u00fclerinnen, Sch\u00fclern und Auszubildenden sowie mehr als 124.000 Firmen-Abos. Zum Jahreswechsel war die Zahl der Abonnenten um 4,9 Prozent. Das h\u00e4nge unter anderem mit der Preisanpassung des Deutschland-Tickets von 58 auf 63 Euro zusammen, teilt der Verkehrsverbund mit. Die Abo-Zahlen seien bis Juni dann aber von Monat zu Monat wieder gestiegen. Das Dezember-Niveau konnte nicht wieder erreicht werden.<\/p>\n<p>Lesen Sie hier:<\/p>\n<p><a data-module=\"ar\" target=\"_blank\" href=\"https:\/\/www.lkz.de\/lokales\/landkreis-ludwigsburg_artikel,-so-wollen-die-landkreise-bei-den-ausgaben-fuer-den-oepnv-um-millionen-entlastet-werden-_arid,875758.html\" rel=\"nofollow noopener\"><img loading=\"lazy\" decoding=\"async\" src=\"https:\/\/www.europesays.com\/de\/wp-content\/uploads\/2026\/09\/1591064_1_galleryklein_6a58ec548e6e8.jpg\" alt=\"Am Aktionstag \u201eKommunen am Limit\u201c hatte Hemmingen auf die hohen Ausgaben unter anderem f\u00fcr den \u00d6PNV hingewiesen und eine st\u00e4rkere Beteiligung von Land und Bund gefordert.\" title=\"Am Aktionstag \u201eKommunen am Limit\u201c hatte Hemmingen auf die hohen Ausgaben unter anderem f\u00fcr den \u00d6PNV hingewiesen und eine st\u00e4rker\" width=\"120\" height=\"101\"\/><\/p>\n<p>Weniger Haushaltsmittel, h\u00f6here KostenSo wollen die Landkreise bei den Ausgaben f\u00fcr den \u00d6PNV um Millionen entlastet werden<\/p>\n<p><\/a><\/p>\n<p>\u201eDass wieder mehr Menschen mit Bus und Bahn unterwegs sind, ist ein gutes Signal \u2013 trotz der vielen Baustellen und der damit verbundenen Einschr\u00e4nkungen im ersten Halbjahr\u201c, sagt VVS-Gesch\u00e4ftsf\u00fchrerin Cornelia Christian. Eine dauerhaft hohe Nachfrage sei aber kein Selbstl\u00e4ufer. Entscheidend sei, dass ein attraktives Angebot gesichert und der Zugang zum \u00d6PNV so einfach wie m\u00f6glich gemacht werde.<\/p>\n<p>Tarife zum 1. September 2026 erh\u00f6ht<\/p>\n<p>Zum 1. September 2026 wurden die VVS-Tarife aufgrund der gestiegenen Kosten bei den Verkehrsunternehmen um durchschnittlich 5,95 Prozent erh\u00f6ht. Rund 85 Prozent der Fahrten im VVS werden allerdings mit dem Deutschland-Ticket zur\u00fcckgelegt und sind davon nicht betroffen. Das Tagesticket wird attraktiver f\u00fcr Familien: Wer ein Einzel-Tagesticket oder Stadtticket kauft, kann k\u00fcnftig bis zu drei Kinder im Alter von sechs bis 14 Jahren kostenlos mitnehmen. Der Preis eines Tagestickets entspricht weiterhin genau dem Preis von zwei Einzeltickets. <\/p>\n<p>Einchecken statt Zonen z\u00e4hlen<\/p>\n<p>Auch digital wird der Einstieg in den \u00d6PNV laut VVS einfacher. Mit CiCoBW (Check-in\/Check-out Baden-W\u00fcrttemberg) k\u00f6nnen Fahrg\u00e4ste ohne Tarifkenntnisse und ohne Abo spontan mit Bus und Bahn fahren. In der VVS-App gen\u00fcge vor Fahrtbeginn ein Wisch zum Einchecken, hei\u00dft es. Nach der Fahrt m\u00fcsse man wieder auschecken, der passende Fahrpreis werde automatisch ermittelt. Im Zuge einer Aktion der SSB zahlen Fahrg\u00e4ste noch bis 31. Oktober nie mehr als 63 Euro im Monat. CiCoBW ist laut VVS direkt \u00fcber die Startseite und die Fahrplanauskunft der VVS-App sowie alternativ \u00fcber den Ticketshop erreichbar. (red)<\/p>\n","protected":false},"excerpt":{"rendered":"Von Januar bis Juni 2026 wurden rund 183,1 Millionen Mal \u00f6ffentliche Verkehrsmittel genutzt. Das sind rund 2,1 Millionen&hellip;\n","protected":false},"author":2,"featured_media":1275663,"comment_status":"","ping_status":"","sticky":false,"template":"","format":"standard","meta":{"footnotes":"","_share_on_mastodon":"0"},"categories":[1830],"tags":[128337,1634,3364,29,30,107824,5998,5112,1441],"class_list":["post-1275662","post","type-post","status-publish","format-standard","has-post-thumbnail","category-stuttgart","tag-update-me","tag-baden-wuerttemberg","tag-de","tag-deutschland","tag-germany","tag-kreis-ludwigsburg","tag-leben","tag-oepnv","tag-stuttgart"],"share_on_mastodon":{"url":"","error":""},"_links":{"self":[{"href":"https:\/\/www.europesays.com\/de\/wp-json\/wp\/v2\/posts\/1275662","targetHints":{"allow":["GET"]}}],"collection":[{"href":"https:\/\/www.europesays.com\/de\/wp-json\/wp\/v2\/posts"}],"about":[{"href":"https:\/\/www.europesays.com\/de\/wp-json\/wp\/v2\/types\/post"}],"author":[{"embeddable":true,"href":"https:\/\/www.europesays.com\/de\/wp-json\/wp\/v2\/users\/2"}],"replies":[{"embeddable":true,"href":"https:\/\/www.europesays.com\/de\/wp-json\/wp\/v2\/comments?post=1275662"}],"version-history":[{"count":0,"href":"https:\/\/www.europesays.com\/de\/wp-json\/wp\/v2\/posts\/1275662\/revisions"}],"wp:featuredmedia":[{"embeddable":true,"href":"https:\/\/www.europesays.com\/de\/wp-json\/wp\/v2\/media\/1275663"}],"wp:attachment":[{"href":"https:\/\/www.europesays.com\/de\/wp-json\/wp\/v2\/media?parent=1275662"}],"wp:term":[{"taxonomy":"category","embeddable":true,"href":"https:\/\/www.europesays.com\/de\/wp-json\/wp\/v2\/categories?post=1275662"},{"taxonomy":"post_tag","embeddable":true,"href":"https:\/\/www.europesays.com\/de\/wp-json\/wp\/v2\/tags?post=1275662"}],"curies":[{"name":"wp","href":"https:\/\/api.w.org\/{rel}","templated":true}]}}