{"id":1275670,"date":"2026-09-02T10:59:14","date_gmt":"2026-09-02T10:59:14","guid":{"rendered":"https:\/\/www.europesays.com\/de\/1275670\/"},"modified":"2026-09-02T10:59:14","modified_gmt":"2026-09-02T10:59:14","slug":"unregelmaessigkeiten-aber-moeglich-kvb-bahnen-1-7-und-9-fahren-wieder-regulaer","status":"publish","type":"post","link":"https:\/\/www.europesays.com\/de\/1275670\/","title":{"rendered":"Unregelm\u00e4\u00dfigkeiten aber m\u00f6glich: KVB-Bahnen 1, 7 und 9 fahren wieder regul\u00e4r"},"content":{"rendered":"<p>Ab heute fahren die Stadtbahnen 1, 7 und 9 wieder durchgehend auf ihren Linien. Die KVB und Stadt K\u00f6ln haben den Sommer genutzt, um geb\u00fcndelte Bauma\u00dfnahmen von Deutz bis Bensberg durchzuf\u00fchren. Deshalb mussten die Linien 1, 7 und 9 ab dem 29. Juni getrennt werden.<\/p>\n<p>Die Ersatzbusverkehre ab\/bis Neumarkt und das Umsteigen der Fahrg\u00e4ste sind nun nicht mehr notwendig. Die B\u00fcndelung der Bauma\u00dfnahmen erfolgte, um die Stadtbahnen nicht immer wieder f\u00fcr Ma\u00dfnahmen trennen zu m\u00fcssen.<\/p>\n<p>Nicht genug Bahnen<\/p>\n<p>Bedingt durch die Erneuerung der Schieneninfrastruktur des \u201eMerheimer Dreiecks\u201c, \u00fcber die der KVB-Betriebshof Merheim angebunden ist, mussten Werkstattarbeiten aus Merheim in andere Werkst\u00e4tten verlagert werden. Damit konnten die Wartungs- und Reparaturkapazit\u00e4ten nicht vollst\u00e4ndig ersetzt werden. Deshalb kann die KVB zum Schuljahresbeginn nicht, wie bereits mehrfach angek\u00fcndigt, ausreichend viele Stadtbahnen zur Erf\u00fcllung des Fahrplans einsetzen. <\/p>\n<p>Auf allen Stadtbahn-Linien, mit Ausnahme der Linie 17, wird zum Schuljahresbeginn der \u00fcbliche 10-Minuten-Takt angeboten. Auf der Linie 17 besteht regul\u00e4r lediglich ein 20-Minuten-Takt. Jedoch k\u00f6nnen vor\u00fcbergehend die Verst\u00e4rkerfahrten auf den Linien 1 (zwischen Br\u00fcck und Moltkestra\u00dfe) und 18 (zwischen Klettenbergpark und Reichensperger Platz) ab dem 2. September noch nicht wieder durchgef\u00fchrt werden. Die Linie 5 ist dagegen wieder mit Doppelz\u00fcgen unterwegs.<\/p>\n<p>M\u00f6gliche Unregelm\u00e4\u00dfigkeiten im Fahrplan<\/p>\n<p>Die KVB arbeitet mit Hochdruck daran, die oben beschriebenen R\u00fcckst\u00e4nde bei der Instandhaltung der Fahrzeuge aufzuholen. Es kann allerdings nicht ausgeschlossen werden, dass es dadurch in den n\u00e4chsten Tagen zu weiteren Unregelm\u00e4\u00dfigkeiten im Fahrplan kommt. Die KVB bittet ihre Fahrg\u00e4ste um Verst\u00e4ndnis f\u00fcr die vor\u00fcber-gehenden Einschr\u00e4nkungen.<\/p>\n<p>                <a id=\"like-anchor\"\/><\/p>\n<p>                    Dieser Inhalt gef\u00e4llt Ihnen?<\/p>\n<p>Melden Sie sich an, um diesen Inhalt mit \u00abGef\u00e4llt mir\u00bb zu markieren.<\/p>\n<p>            \u00d7<\/p>\n<p>        <a href=\"#\" data-trigger-click-on-space-or-enter=\"\" class=\"button ggm-like-button hollow\" title=\"Gef\u00e4llt mir\" data-open=\"like-conversion-6a9801806fea8\"><\/p>\n<p>        <\/a><\/p>\n<p>\n        Gef\u00e4llt <strong>0<\/strong> mal<br \/>\n        0\n    <\/p>\n<p>            <a href=\"https:\/\/www.rheinische-anzeigenblaetter.de\/koeln\/profile-5180\/express-die-woche-redaktion\" class=\"stop-click-event-propagation\" rel=\"nofollow noopener\" target=\"_blank\">    <\/p>\n<p>                                                                            <img class=\"imagecontainer\" decoding=\"auto\" data-aspect-ratio=\"1\" src=\"https:\/\/media04.rheinische-anzeigenblaetter.de\/user\/2022\/03\/11\/8\/3788_L.jpg?1647014521\" style=\"object-position: 50% 50%;\" data-object-position=\"50% 50%\" bad-src=\"data:image\/gif;base64,R0lGODlhAQABAIAAAAAAAP\/\/\/yH5BAEAAAAALAAAAAABAAEAAAIBRAA7\"\/><\/p>\n<p>        <\/a><\/p>\n<p>                    Sie m\u00f6chten diesem Profil folgen?<\/p>\n<p>Verpassen Sie nicht die neuesten Inhalte von diesem Profil: Melden Sie sich an, um neuen Inhalten von Profilen und Orten in Ihrem <strong>pers\u00f6nlichen Feed<\/strong> zu folgen.<\/p>\n<p>            \u00d7<\/p>\n<p>\n            <strong>14<\/strong> folgen diesem Profil\n        <\/p>\n","protected":false},"excerpt":{"rendered":"Ab heute fahren die Stadtbahnen 1, 7 und 9 wieder durchgehend auf ihren Linien. Die KVB und Stadt&hellip;\n","protected":false},"author":2,"featured_media":1275671,"comment_status":"","ping_status":"","sticky":false,"template":"","format":"standard","meta":{"footnotes":"","_share_on_mastodon":"0"},"categories":[1828],"tags":[29,30,1420,1209],"class_list":["post-1275670","post","type-post","status-publish","format-standard","has-post-thumbnail","category-koeln","tag-deutschland","tag-germany","tag-koeln","tag-nordrhein-westfalen"],"share_on_mastodon":{"url":"https:\/\/pubeurope.com\/@de\/117201102116459884","error":""},"_links":{"self":[{"href":"https:\/\/www.europesays.com\/de\/wp-json\/wp\/v2\/posts\/1275670","targetHints":{"allow":["GET"]}}],"collection":[{"href":"https:\/\/www.europesays.com\/de\/wp-json\/wp\/v2\/posts"}],"about":[{"href":"https:\/\/www.europesays.com\/de\/wp-json\/wp\/v2\/types\/post"}],"author":[{"embeddable":true,"href":"https:\/\/www.europesays.com\/de\/wp-json\/wp\/v2\/users\/2"}],"replies":[{"embeddable":true,"href":"https:\/\/www.europesays.com\/de\/wp-json\/wp\/v2\/comments?post=1275670"}],"version-history":[{"count":0,"href":"https:\/\/www.europesays.com\/de\/wp-json\/wp\/v2\/posts\/1275670\/revisions"}],"wp:featuredmedia":[{"embeddable":true,"href":"https:\/\/www.europesays.com\/de\/wp-json\/wp\/v2\/media\/1275671"}],"wp:attachment":[{"href":"https:\/\/www.europesays.com\/de\/wp-json\/wp\/v2\/media?parent=1275670"}],"wp:term":[{"taxonomy":"category","embeddable":true,"href":"https:\/\/www.europesays.com\/de\/wp-json\/wp\/v2\/categories?post=1275670"},{"taxonomy":"post_tag","embeddable":true,"href":"https:\/\/www.europesays.com\/de\/wp-json\/wp\/v2\/tags?post=1275670"}],"curies":[{"name":"wp","href":"https:\/\/api.w.org\/{rel}","templated":true}]}}