{"id":1275672,"date":"2026-09-02T11:00:28","date_gmt":"2026-09-02T11:00:28","guid":{"rendered":"https:\/\/www.europesays.com\/de\/1275672\/"},"modified":"2026-09-02T11:00:28","modified_gmt":"2026-09-02T11:00:28","slug":"nach-anschlag-auf-umspannwerk-bei-koeln-ermittlungen-wegen-sabotage-politik","status":"publish","type":"post","link":"https:\/\/www.europesays.com\/de\/1275672\/","title":{"rendered":"Nach Anschlag auf Umspannwerk bei K\u00f6ln: Ermittlungen wegen Sabotage | Politik"},"content":{"rendered":"<p><a class=\"skip-content skip-content--link\" href=\"#in-content-skip-link-target-v-0-0\">TTS-Player \u00fcberspringen\u21b5<\/a><a id=\"in-content-skip-link-target-v-0-0\" class=\"skip-content--target-link-hidden skip-content skip-content--target-link\" href=\"#in-content-skip-link-target-v-0-0\">Artikel weiterlesen<\/a><\/p>\n<p>Bergheim (NRW) \u2013 <b>Nach der St\u00f6rung an einem Umspannwerk in Bergheim bei K\u00f6ln wird wegen verfassungsfeindlicher Sabotage ermittelt. Unbekannte h\u00e4tten Kabel \u00fcber die Oberleitung gebracht und so einen Kurzschluss verursacht, sagte Herbert Reul (74, CDU). <\/b><\/p>\n<p>Der Innenminister von <a href=\"https:\/\/www.bild.de\/regional\/nordrhein-westfalen\/home-npIP0qL0giWP1ZFIOHn2\" class=\"text-link\" rel=\"nofollow noopener\" target=\"_blank\">Nordrhein-Westfalen<\/a>: \u201eWer da ran geht, greift unser Land an.\u201c Die Ermittler gehen laut Reul mittlerweile von einer vors\u00e4tzlichen Tat aus. Gepr\u00fcft wird demnach \u201ein zwei Richtungen: fremdstaatlich gelenkte Sabotage und Linksextremismus\u201c.<\/p>\n<p><img decoding=\"async\" width=\"992\" height=\"558\" alt=\"Herbert Reul (74, CDU) spricht von einer vors\u00e4tzlichen Tat\" loading=\"lazy\" src=\"https:\/\/www.europesays.com\/de\/wp-content\/uploads\/2026\/09\/e8a2a8b447b2e7001356d23761aad86b,d813589b.jpeg\"   class=\"landscape\"\/><\/p>\n<p class=\"fig__caption__text\">Herbert Reul (74, CDU) spricht von einer vors\u00e4tzlichen Tat<\/p>\n<p>Foto: Fabian Strauch\/dpa<\/p>\n<p>Der Anschlag war am Dienstagabend kurz vor 20 Uhr ver\u00fcbt worden. Anwohner hatten pl\u00f6tzlich <a href=\"https:\/\/www.bild.de\/news\/inland\/koeln-moeglicher-anschlag-auf-umspannwerk-bei-bergheim-6a975b79518a586e1856018f\" class=\"text-link\" rel=\"nofollow noopener\" target=\"_blank\">Blitze am Umspannwerk gesehen und Explosionen geh\u00f6rt<\/a>, kurz danach kreiste ein Hubschrauber \u00fcber der Anlage der Firma Amprion. Zuerst hie\u00df es noch, eine Service-Drohne des Stromanbieters k\u00f6nnte versehentlich die Hochspannungsleitung getroffen haben. Jetzt wurden offenbar Hinweise auf Kabel gefunden, die die beobachteten Lichtb\u00f6gen verursacht hatten.<\/p>\n<p><img decoding=\"async\" width=\"992\" height=\"558\" alt=\"Nach dem Anschlag begann die Polizei sofort mit Ermittlungen am Umspannwerk\" loading=\"lazy\" src=\"https:\/\/www.europesays.com\/de\/wp-content\/uploads\/2026\/09\/3331d69b74676fe556810ded1b52f712,84e7c6c1.jpeg\"   class=\"landscape\"\/><\/p>\n<p class=\"fig__caption__text\">Nach dem Anschlag begann die Polizei sofort mit Ermittlungen am Umspannwerk<\/p>\n<p>Foto: Jan Ohmen<\/p>\n<p>Innenminister: \u201eDas war eine Straftat\u201c<\/p>\n<p>Herbert Reul weiter: \u201eDas war kein kaputter Schalter, das war Absicht, das war eine Straftat.\u201c Von dem Kurzschluss am Dienstagabend waren mehrere Leitungen betroffen. Der Strom fiel an f\u00fcnf Braunkohle-Bl\u00f6cken des <a href=\"https:\/\/www.bild.de\/themen\/organisationen\/kraftwerke\/news-fotos-videos-17003046.bild.html\" class=\"text-link\" rel=\"nofollow noopener\" target=\"_blank\">Kraftwerks<\/a> aus. Es gab der Polizei zufolge aber keine Stromausf\u00e4lle f\u00fcr Haushalte. Energieministerin Mona Neubaur (49, Gr\u00fcne) sagte: \u201eWer auch immer dahintersteckt, konnte die Energieversorgung nicht aus dem Takt bringen.\u201c Amprion betonte zugleich, dass Experten mit den zust\u00e4ndigen Sicherheitsbeh\u00f6rden daran arbeiten, den Sachverhalt schnellstm\u00f6glich aufzukl\u00e4ren und die Auswirkungen zu bewerten.<\/p>\n<p>Mehr zum Thema<\/p>\n<p>Auch in Brandenburg war am Dienstag ein Umspannwerk angegriffen worden. Dabei kamen mehr als <a href=\"https:\/\/www.bild.de\/regional\/brandenburg\/strom-anschlag-brandenburg-taeter-setzten-auf-zeitzuender-6a97c5ac9452c52238230a07\" class=\"text-link\" rel=\"nofollow noopener\" target=\"_blank\">20 selbstgebaute und mit Zeitz\u00fcndern versehene Raketen<\/a> zum Einsatz, die Kupferdr\u00e4hte in die Leitungen bef\u00f6rdern sollten. Ermittelt wird dort unter anderem wegen des Verdachts der Bildung einer terroristischen Vereinigung. Reul sagte, ein m\u00f6glicher Zusammenhang werde gepr\u00fcft.<\/p>\n<p>Blitze und Explosionen: M\u00f6glicher Anschlag auf Umspannwerk<a class=\"anchor video-teaser__anchor\" href=\"https:\/\/www.bild.de\/news\/inland\/blitze-und-explosionen-in-der-naehe-von-koeln-moeglicher-anschlag-auf-umspannwerk-6a97e4e99452c52238230e20\" rel=\"nofollow noopener\" target=\"_blank\"><img decoding=\"async\" width=\"992\" height=\"558\" alt=\"\" loading=\"lazy\" src=\"https:\/\/www.europesays.com\/de\/wp-content\/uploads\/2026\/09\/dcf78ac20a9d069c734edb259ed2b70e,1a49f0f9.jpeg\"   class=\"landscape teaser__image\"\/><\/a><\/p>\n<p>Quelle: privat, TNN02.09.2026<\/p>\n","protected":false},"excerpt":{"rendered":"TTS-Player \u00fcberspringen\u21b5Artikel weiterlesen Bergheim (NRW) \u2013 Nach der St\u00f6rung an einem Umspannwerk in Bergheim bei K\u00f6ln wird wegen&hellip;\n","protected":false},"author":2,"featured_media":1275673,"comment_status":"","ping_status":"","sticky":false,"template":"","format":"standard","meta":{"footnotes":"","_share_on_mastodon":"0"},"categories":[1828],"tags":[13774,37213,1737,29,6212,30,1420,15415,241825,1209,14063,16691,3447,2185,5667,138370],"class_list":["post-1275672","post","type-post","status-publish","format-standard","has-post-thumbnail","category-koeln","tag-anschlag","tag-bergheim","tag-breaking-news","tag-deutschland","tag-ermittlungsverfahren","tag-germany","tag-koeln","tag-kraftwerke","tag-newsos-import-bild","tag-nordrhein-westfalen","tag-reul-herbert","tag-sabotage","tag-staatsschutz","tag-strom","tag-stromausfall","tag-team-first"],"share_on_mastodon":{"url":"https:\/\/pubeurope.com\/@de\/117201107390861233","error":""},"_links":{"self":[{"href":"https:\/\/www.europesays.com\/de\/wp-json\/wp\/v2\/posts\/1275672","targetHints":{"allow":["GET"]}}],"collection":[{"href":"https:\/\/www.europesays.com\/de\/wp-json\/wp\/v2\/posts"}],"about":[{"href":"https:\/\/www.europesays.com\/de\/wp-json\/wp\/v2\/types\/post"}],"author":[{"embeddable":true,"href":"https:\/\/www.europesays.com\/de\/wp-json\/wp\/v2\/users\/2"}],"replies":[{"embeddable":true,"href":"https:\/\/www.europesays.com\/de\/wp-json\/wp\/v2\/comments?post=1275672"}],"version-history":[{"count":0,"href":"https:\/\/www.europesays.com\/de\/wp-json\/wp\/v2\/posts\/1275672\/revisions"}],"wp:featuredmedia":[{"embeddable":true,"href":"https:\/\/www.europesays.com\/de\/wp-json\/wp\/v2\/media\/1275673"}],"wp:attachment":[{"href":"https:\/\/www.europesays.com\/de\/wp-json\/wp\/v2\/media?parent=1275672"}],"wp:term":[{"taxonomy":"category","embeddable":true,"href":"https:\/\/www.europesays.com\/de\/wp-json\/wp\/v2\/categories?post=1275672"},{"taxonomy":"post_tag","embeddable":true,"href":"https:\/\/www.europesays.com\/de\/wp-json\/wp\/v2\/tags?post=1275672"}],"curies":[{"name":"wp","href":"https:\/\/api.w.org\/{rel}","templated":true}]}}