{"id":1275688,"date":"2026-09-02T11:09:20","date_gmt":"2026-09-02T11:09:20","guid":{"rendered":"https:\/\/www.europesays.com\/de\/1275688\/"},"modified":"2026-09-02T11:09:20","modified_gmt":"2026-09-02T11:09:20","slug":"berlin-sachsen-anhalt-sachsen-angst-vor-kriminalitaet-in-teilen-ostdeutschlands-besonders-gross","status":"publish","type":"post","link":"https:\/\/www.europesays.com\/de\/1275688\/","title":{"rendered":"Berlin, Sachsen-Anhalt, Sachsen: Angst vor Kriminalit\u00e4t in Teilen Ostdeutschlands besonders gro\u00df"},"content":{"rendered":"<p class=\"tspBAkv tspBAkw\">Die Menschen in Sachsen-Anhalt sowie weiten Teilen Sachsens und Berlin haben einer Studie zufolge deutschlandweit am meisten Angst vor Kriminalit\u00e4t. Laut einer Auswertung einer Befragung durch das M\u00fcnchner Ifo-Institut, die am Mittwoch ver\u00f6ffentlicht wurde, sch\u00e4tzten die Menschen dort das Risiko, in den kommenden zw\u00f6lf Monaten Opfer eines Verbrechens zu werden, am h\u00f6chsten ein. Dazu z\u00e4hlen Wohnungseinbruch, Diebstahl, K\u00f6rperverletzung, sexuelle Gewalt, Hasskriminalit\u00e4t und <a href=\"https:\/\/www.tagesspiegel.de\/gesellschaft\/von-studentin-aila-holscher-kursierten-gefalschte-pornos-im-netz-als-hatte-man-mir-meine-wurde-und-menschlichkeit-genommen-15387891.html?icid=in-text-link_16008849\" class=\"link link--internal\" data-gtm-class=\"article-text-link\" data-gtm-val=\"internal\" rel=\"nofollow noopener\" target=\"_blank\">digitaler Identit\u00e4tsdiebstahl.<\/a><\/p>\n<p class=\"tspBAkv\">Befragt wurden laut Ifo 5200 Menschen im Jahr 2022. Am wenigsten Angst vor Kriminalit\u00e4t haben demnach die Menschen in Schleswig-Holstein und weiten Teilen Niedersachsens. Bev\u00f6lkerungsgruppen mit niedrigem Bildungsabschluss haben der Auswertung zufolge durchschnittlich mehr Angst. Mit h\u00f6herem Anteil nimmt die Angst laut Ifo tendenziell ab. Unterschiede zwischen M\u00e4nnern und Frauen gibt es kaum.<\/p>\n<p>Lesen Sie mehr<a href=\"https:\/\/www.tagesspiegel.de\/gesellschaft\/auch-wegen-zukunftssorgen-junge-menschen-wunschen-sich-weniger-kinder-16008338.html?icid=topic-list_16008849___\" data-gtm-class=\"article-mzt-link\" data-hydrate-fingerprint=\"09740a54944caac75fd2c0c63fd5c5df\" data-hydrate-props=\"{&amp;escapedquot;element&amp;escapedquot;:{&amp;escapedquot;type&amp;escapedquot;:&amp;escapedquot;relatedContent&amp;escapedquot;,&amp;escapedquot;fieldMap&amp;escapedquot;:{},&amp;escapedquot;relation&amp;escapedquot;:{&amp;escapedquot;fields&amp;escapedquot;:{&amp;escapedquot;isPaid&amp;escapedquot;:null},&amp;escapedquot;href&amp;escapedquot;:&amp;escapedquot;\/gesellschaft\/auch-wegen-zukunftssorgen-junge-menschen-wunschen-sich-weniger-kinder-16008338.html&amp;escapedquot;,&amp;escapedquot;teaserTitle&amp;escapedquot;:{&amp;escapedquot;kicker&amp;escapedquot;:&amp;escapedquot;Auch wegen Zukunftssorgen&amp;escapedquot;,&amp;escapedquot;headline&amp;escapedquot;:&amp;escapedquot;Junge Menschen w\u00fcnschen sich weniger Kinder&amp;escapedquot;},&amp;escapedquot;id&amp;escapedquot;:&amp;escapedquot;16008338&amp;escapedquot;,&amp;escapedquot;type&amp;escapedquot;:&amp;escapedquot;story&amp;escapedquot;},&amp;escapedquot;isPartOfList&amp;escapedquot;:true,&amp;escapedquot;topicListType&amp;escapedquot;:&amp;escapedquot;topic-list&amp;escapedquot;},&amp;escapedquot;showArrow&amp;escapedquot;:true}\" data-hydrate-slots=\"{&#039;default&#039;:[]}\" class=\"tspB8oe tspB7oc\" rel=\"nofollow noopener\" target=\"_blank\">Auch wegen Zukunftssorgen Junge Menschen w\u00fcnschen sich weniger Kinder <\/a><a href=\"https:\/\/www.tagesspiegel.de\/internationales\/dpa-polizei-exhumiert-sterbliche-uberreste-von-jan-masaryk-16008779.html?icid=topic-list_16008849___\" data-gtm-class=\"article-mzt-link\" data-hydrate-fingerprint=\"09740a54944caac75fd2c0c63fd5c5df\" data-hydrate-props=\"{&amp;escapedquot;element&amp;escapedquot;:{&amp;escapedquot;type&amp;escapedquot;:&amp;escapedquot;relatedContent&amp;escapedquot;,&amp;escapedquot;fieldMap&amp;escapedquot;:{},&amp;escapedquot;relation&amp;escapedquot;:{&amp;escapedquot;fields&amp;escapedquot;:{&amp;escapedquot;isPaid&amp;escapedquot;:null},&amp;escapedquot;href&amp;escapedquot;:&amp;escapedquot;\/internationales\/dpa-polizei-exhumiert-sterbliche-uberreste-von-jan-masaryk-16008779.html&amp;escapedquot;,&amp;escapedquot;teaserTitle&amp;escapedquot;:{&amp;escapedquot;kicker&amp;escapedquot;:&amp;escapedquot;78 Jahre nach Prager Fenstersturz&amp;escapedquot;,&amp;escapedquot;headline&amp;escapedquot;:&amp;escapedquot;Polizei exhumiert sterbliche \u00dcberreste von Jan Masaryk&amp;escapedquot;},&amp;escapedquot;id&amp;escapedquot;:&amp;escapedquot;16008779&amp;escapedquot;,&amp;escapedquot;type&amp;escapedquot;:&amp;escapedquot;story&amp;escapedquot;},&amp;escapedquot;isPartOfList&amp;escapedquot;:true,&amp;escapedquot;topicListType&amp;escapedquot;:&amp;escapedquot;topic-list&amp;escapedquot;},&amp;escapedquot;showArrow&amp;escapedquot;:true}\" data-hydrate-slots=\"{&#039;default&#039;:[]}\" class=\"tspB8oe tspB7oc\" rel=\"nofollow noopener\" target=\"_blank\">78 Jahre nach Prager Fenstersturz Polizei exhumiert sterbliche \u00dcberreste von Jan Masaryk <\/a><a href=\"https:\/\/www.tagesspiegel.de\/gesellschaft\/panorama\/dpa-bei-tempo-200-in-bayern-ice-tur-offnet-sich-wahrend-der-fahrt--bahn-schliesst-technische-storung-aus-16007436.html?icid=topic-list_16008849___\" data-gtm-class=\"article-mzt-link\" data-hydrate-fingerprint=\"09740a54944caac75fd2c0c63fd5c5df\" data-hydrate-props=\"{&amp;escapedquot;element&amp;escapedquot;:{&amp;escapedquot;type&amp;escapedquot;:&amp;escapedquot;relatedContent&amp;escapedquot;,&amp;escapedquot;fieldMap&amp;escapedquot;:{},&amp;escapedquot;relation&amp;escapedquot;:{&amp;escapedquot;fields&amp;escapedquot;:{&amp;escapedquot;isPaid&amp;escapedquot;:null},&amp;escapedquot;href&amp;escapedquot;:&amp;escapedquot;\/gesellschaft\/panorama\/dpa-bei-tempo-200-in-bayern-ice-tur-offnet-sich-wahrend-der-fahrt--bahn-schliesst-technische-storung-aus-16007436.html&amp;escapedquot;,&amp;escapedquot;teaserTitle&amp;escapedquot;:{&amp;escapedquot;kicker&amp;escapedquot;:&amp;escapedquot;Bei Tempo 200 in Bayern&amp;escapedquot;,&amp;escapedquot;headline&amp;escapedquot;:&amp;escapedquot;ICE-T\u00fcr \u00f6ffnet sich w\u00e4hrend der Fahrt \u2013 Bahn schlie\u00dft technische St\u00f6rung aus&amp;escapedquot;},&amp;escapedquot;id&amp;escapedquot;:&amp;escapedquot;16007436&amp;escapedquot;,&amp;escapedquot;type&amp;escapedquot;:&amp;escapedquot;story&amp;escapedquot;},&amp;escapedquot;isPartOfList&amp;escapedquot;:true,&amp;escapedquot;topicListType&amp;escapedquot;:&amp;escapedquot;topic-list&amp;escapedquot;},&amp;escapedquot;showArrow&amp;escapedquot;:true}\" data-hydrate-slots=\"{&#039;default&#039;:[]}\" class=\"tspB8oe tspB7oc\" rel=\"nofollow noopener\" target=\"_blank\">Bei Tempo 200 in Bayern ICE-T\u00fcr \u00f6ffnet sich w\u00e4hrend der Fahrt \u2013 Bahn schlie\u00dft technische St\u00f6rung aus <\/a><\/p>\n<p class=\"tspBAkv\">Die Angst vor Kriminalit\u00e4t h\u00e4nge nur begrenzt mit der tats\u00e4chlichen Kriminalit\u00e4t zusammen, erkl\u00e4rte Studienautor Grega Ferenc. \u201eSo ist die Furcht vor Kriminalit\u00e4t in Schleswig-Holstein sehr gering, w\u00e4hrend sie in Sachsen-Anhalt erstaunlich hoch ist, obwohl beide L\u00e4nder mit etwa 8000 Straftaten je 100.000 Einwohner in etwa vergleichbare Kriminalit\u00e4tszahlen haben.\u201c (AFP)<\/p>\n","protected":false},"excerpt":{"rendered":"Die Menschen in Sachsen-Anhalt sowie weiten Teilen Sachsens und Berlin haben einer Studie zufolge deutschlandweit am meisten Angst&hellip;\n","protected":false},"author":2,"featured_media":1275689,"comment_status":"","ping_status":"","sticky":false,"template":"","format":"standard","meta":{"footnotes":"","_share_on_mastodon":"0"},"categories":[1825],"tags":[296,29,30,859,860,1971],"class_list":["post-1275688","post","type-post","status-publish","format-standard","has-post-thumbnail","category-berlin","tag-berlin","tag-deutschland","tag-germany","tag-sachsen","tag-sachsen-anhalt","tag-schleswig-holstein"],"share_on_mastodon":{"url":"https:\/\/pubeurope.com\/@de\/117201139939008206","error":""},"_links":{"self":[{"href":"https:\/\/www.europesays.com\/de\/wp-json\/wp\/v2\/posts\/1275688","targetHints":{"allow":["GET"]}}],"collection":[{"href":"https:\/\/www.europesays.com\/de\/wp-json\/wp\/v2\/posts"}],"about":[{"href":"https:\/\/www.europesays.com\/de\/wp-json\/wp\/v2\/types\/post"}],"author":[{"embeddable":true,"href":"https:\/\/www.europesays.com\/de\/wp-json\/wp\/v2\/users\/2"}],"replies":[{"embeddable":true,"href":"https:\/\/www.europesays.com\/de\/wp-json\/wp\/v2\/comments?post=1275688"}],"version-history":[{"count":0,"href":"https:\/\/www.europesays.com\/de\/wp-json\/wp\/v2\/posts\/1275688\/revisions"}],"wp:featuredmedia":[{"embeddable":true,"href":"https:\/\/www.europesays.com\/de\/wp-json\/wp\/v2\/media\/1275689"}],"wp:attachment":[{"href":"https:\/\/www.europesays.com\/de\/wp-json\/wp\/v2\/media?parent=1275688"}],"wp:term":[{"taxonomy":"category","embeddable":true,"href":"https:\/\/www.europesays.com\/de\/wp-json\/wp\/v2\/categories?post=1275688"},{"taxonomy":"post_tag","embeddable":true,"href":"https:\/\/www.europesays.com\/de\/wp-json\/wp\/v2\/tags?post=1275688"}],"curies":[{"name":"wp","href":"https:\/\/api.w.org\/{rel}","templated":true}]}}