{"id":1275713,"date":"2026-09-02T11:27:18","date_gmt":"2026-09-02T11:27:18","guid":{"rendered":"https:\/\/www.europesays.com\/de\/1275713\/"},"modified":"2026-09-02T11:27:18","modified_gmt":"2026-09-02T11:27:18","slug":"drohnenangriff-auf-leipziger-flughafen-putin-bezeichnet-deutsche-reaktion-als-schweren-fehler-und-geht-merz-an","status":"publish","type":"post","link":"https:\/\/www.europesays.com\/de\/1275713\/","title":{"rendered":"Drohnenangriff auf Leipziger Flughafen: Putin bezeichnet deutsche Reaktion als \u201eschweren Fehler\u201c und geht Merz an"},"content":{"rendered":"<p class=\"tspBAkv tspBAkw\">Die schweren Spannungen zwischen Berlin und Moskau haben sich<strong> infolge des gescheiterten Angriffs mit einer Sprengstoff-Drohne am Flughafen Leipzig\/Halle <\/strong>nochmals deutlich versch\u00e4rft. Die Regierung von <strong>Machthaber Wladimir Putin<\/strong> in Moskau muss zudem mit einem umfassenden neuen Sanktionspaket der Europ\u00e4ischen Union rechnen. Die EU-Au\u00dfenbeauftragte Kaja Kallas und mehrere Mitgliedstaaten<strong> bestellten ferner russische Diplomaten ein.<\/strong><\/p>\n<p class=\"tspBAkv\">Kallas sagte bei Beratungen der EU-Au\u00dfenminister in Irland, <strong>es liefen bereits Vorbereitungen, um 1600 weitere Personen und Unternehmen mit Verbindungen zum milit\u00e4risch-industriellen Komplex Russlands<\/strong> mit Strafma\u00dfnahmen zu belegen. M\u00f6glicherweise w\u00fcrden noch weitere hinzukommen.<\/p>\n<p class=\"tspBAkv\">Die Arbeiten an dem Sanktionspaket hatte Kallas bereits im August angek\u00fcndigt, also bevor Deutschland Russland \u00f6ffentlich verantwortlich machte. Es soll auch die russische Kriegsf\u00fchrung gegen die Ukraine weiter erschweren.<\/p>\n<blockquote class=\"tspB1np\">\n<p>Russland muss jetzt mit diesen Konsequenzen leben.<\/p>\n<\/blockquote>\n<p class=\"tspB1nq\"><strong>Johann Wadephul<\/strong>, Au\u00dfenminister (CDU)<\/p>\n<p class=\"tspBAkv\">Zum Drohnen-Vorfall in Leipzig und dem Vorwurf der Bundesregierung gegen Russland sagte Kallas,<strong> alle Mitgliedstaaten st\u00fcnden hinter Deutschland. <\/strong>\u201eIch denke, genau diese geschlossene Reaktion brauchen wir\u201c, sagte sie. Was in Leipzig vorgefallen sei, weise alle Merkmale von staatlich unterst\u00fctztem Terrorismus auf.<\/p>\n<p>Die Ma\u00dfnahmen gegen Russland im \u00dcberblick<\/p>\n<ul data-qa-hook=\"story-list-ul\" class=\"tspBVm5\">\n<li class=\"tspBVfz tspBVfz\">Dem <a href=\"https:\/\/www.tagesspiegel.de\/politik\/digitalministerium-zieht-neben-umstrittenes-gebaude-das-russische-haus-und-sein-neuer-nachbar-15947660.html?icid=in-text-link_16005949\" class=\"link link--internal\" data-gtm-class=\"article-text-link\" data-gtm-val=\"internal\" rel=\"nofollow noopener\" target=\"_blank\">Russischen Haus in Berlin<\/a> soll der Vertrag gek\u00fcndigt werden<\/li>\n<li class=\"tspBVfz tspBVfz\">Einreisekontrollen f\u00fcr russische Staatsb\u00fcrger sollen versch\u00e4rft werden<\/li>\n<li class=\"tspBVfz tspBVfz\">Der Druck auf die russische Schattenflotte soll erh\u00f6ht werden<\/li>\n<li class=\"tspBVfz tspBVfz\">Die Bundesregierung will sich bei der EU f\u00fcr die Sanktionierung weiterer russischer Verantwortlicher einsetzen<\/li>\n<\/ul>\n<p class=\"tspBAkv\">Die Sprengstoff-Drohne war am Abend des 4. August <a href=\"https:\/\/www.tagesspiegel.de\/politik\/mutmasslich-russischer-anschlag-auf-leipziger-flughafen-das-ist-kein-angriff-auf-deutschland-sondern-ein-eingriff-in-den-luftverkehr-15988843.html?icid=in-text-link_16005949\" class=\"link link--internal\" data-gtm-class=\"article-text-link\" data-gtm-val=\"internal\" rel=\"nofollow noopener\" target=\"_blank\">im Sicherheitsbereich des Flughafens zwischen ukrainischen Antonov-Frachtmaschinen entdeckt<\/a> worden. Eine weitere Drohne sowie Sprengstoff wurden sp\u00e4ter auf einem Feld in Kabelsketal (Saalekreis) in Sachsen-Anhalt entdeckt.<\/p>\n<p class=\"tspBAkv\"><strong>Au\u00dfenminister Johann Wadephul wies Vorw\u00fcrfe von Putin zur\u00fcck<\/strong>, Deutschland habe aus wahltaktischen Gr\u00fcnden Beweise gef\u00e4lscht. \u201eDas Gegenteil ist richtig\u201c, sagte der CDU-Politiker in Irland. \u201eWenn man wahltaktisch gedacht h\u00e4tte, h\u00e4tte man das vielleicht vermieden, weil es nat\u00fcrlich gerade in den Wahlk\u00e4mpfen in Ostdeutschland zu vielen Diskussionen f\u00fchrt\u201c, erg\u00e4nzte er.<\/p>\n<p class=\"tspBAkv\">\u201eWir haben uns fundiert eine Meinung und ein Urteil gebildet und haben daraus die Konsequenzen gezogen.\u201c Moskau habe eskaliert und den hybriden Angriff gestartet. \u201eUnd Russland muss jetzt mit diesen Konsequenzen leben\u201c, sagte Wadephul.<\/p>\n<p class=\"tspBAkv\"><strong>Putin bezeichnete die deutschen Strafma\u00dfnahmen gegen sein Land als \u201eschweren Fehler\u201c.<\/strong>  Die Reaktion der Bundesregierung um Bundeskanzler Friedrich Merz (CDU) sei vor allem innenpolitisch motiviert.<\/p>\n<p class=\"tspBAkv\">\u201eMerz hat das Vertrauen der B\u00fcrger verloren, da er die nationalen Interessen Deutschlands nicht sch\u00fctzt\u201c, sagte Putin nach dem Gipfeltreffen der Shanghaier Organisation f\u00fcr Zusammenarbeit (SCO). Die Zukunft der derzeitigen politischen Spitze Deutschlands stehe bei den kommenden Wahlen aufgrund der wirtschaftlichen Probleme auf dem Spiel.<\/p>\n<p> Medwedew droht mit Attacken auch in Berlin <\/p>\n<p class=\"tspBAkv\">Das Au\u00dfenministerium in Moskau k\u00fcndigte Gegenma\u00dfnahmen an. <strong>Der Vizechef des russischen nationalen Sicherheitsrates, Dmitri Medwedew,<\/strong> drohte Deutschland: \u201eSie verdienen einen direkten Schlag gegen alle deutschen Produktionsst\u00e4tten f\u00fcr Milit\u00e4rtechnik\u201c, schrieb der f\u00fcr seine scharfen \u00c4u\u00dferungen bekannte Kremlpolitiker bei Telegram. Gemeint seien R\u00fcstungsbetriebe, die f\u00fcr die Ukraine arbeiten\u00a0\u2013 und \u201edurchaus auch einige andere Orte in Berlin\u201c.<\/p>\n<p><img decoding=\"async\" src=\"https:\/\/www.europesays.com\/de\/wp-content\/uploads\/2026\/09\/1788348436_259_ex-kremlchef-medwedew.jpeg\" alt=\"ARCHIV - 19.04.2026, Russland, Moskau: Der stellvertretende Vorsitzende des russischen Sicherheitsrates und Chef der Kremlpartei Geeintes Russland, Dmitri Medwedew, h\u00e4lt seine Rede auf dem Allrussischen Forum \u00abKleine Heimat - Russlands St\u00e4rke\u00bb im Nationalen Zentrum \u00abRussland\u00bb in Moskau. (zu dpa: \u00abMedwedew: Deutschland verdient direkte Angriffe\u00bb) Foto: Ekaterina Shtukina\/Pool Sputnik\/dpa +++ dpa-Bildfunk +++\" aria-labelledby=\"caption-16008658\" width=\"620\" height=\"413\" loading=\"lazy\" class=\"tspBDk8\"\/> Der stellvertretende Vorsitzende des russischen Sicherheitsrates, Dmitri Medwedew, spricht bei einer Konferenz. <\/p>\n<p class=\"tspA6kl\"> \u00a9 dpa\/Ekaterina Shtukina <\/p>\n<p class=\"tspBAkv\">Auch Medwedew warf den deutschen Beh\u00f6rden vor, den Angriff auf dem Flughafen erfunden zu haben. Beweise gebe es nicht, betonte der russische Ex-Pr\u00e4sident. <strong>Medwedew beschimpfte die \u201ederzeitige deutsche F\u00fchrung\u201c als \u201eneonazistisch\u201c und \u201eextrem russophob\u201c<\/strong>. Russland sehe den Fall als eine \u201eProvokation\u201c, die den Interessen der Ukraine diene.<\/p>\n<p class=\"tspBAkv\">Am sp\u00e4ten Dienstagnachmittag hatten Bundesinnenminister Alexander Dobrindt (CSU) und Wadephul <a href=\"https:\/\/www.tagesspiegel.de\/politik\/nach-drohnenattacke-in-leipzig-merz-will-offenbar-nationale-massnahmen-gegen-russland-verkunden-15995991.html?icid=in-text-link_16005949\" class=\"link link--internal\" data-gtm-class=\"article-text-link\" data-gtm-val=\"internal\" rel=\"nofollow noopener\" target=\"_blank\">Russland f\u00fcr den Drohnen-Vorfall verantwortlich gemacht<\/a> und Strafma\u00dfnahmen angek\u00fcndigt.<\/p>\n<p class=\"tspBAkv\">Dazu z\u00e4hlen die Schlie\u00dfung des Russischen Hauses in Berlin\u00a0\u2013 das Kulturinstitut steht im Verdacht, als Tarnung f\u00fcr Spionagezwecke zu dienen\u00a0\u2013 und des Generalkonsulats in Bonn sowie die damit verbundene Ausweisung zahlreicher Diplomaten. <strong>Zudem soll es versch\u00e4rfte Einreisekontrollen f\u00fcr Russen sowie ein h\u00e4rteres Vorgehen gegen die russische Schattenflotte geben.<\/strong><\/p>\n<p><img decoding=\"async\" src=\"https:\/\/www.europesays.com\/de\/wp-content\/uploads\/2026\/09\/statement-dobrindt-und-wadephul-zur-sprengstoff-drohne.jpeg\"   alt=\"01.09.2026, Berlin: Johann Wadephul (l, CDU), Bundesau\u00dfenminister, und Alexander Dobrindt (CSU), Bundesinnenminister, geben eine Pressekonferenz zu den Entwicklungen im Fall der am Flughafen Leipzig\/Halle gefundenen Sprengstoff-Drohne im Bundesinnenministerium. Foto: Kay Nietfeld\/dpa +++ dpa-Bildfunk +++\" aria-labelledby=\"caption-16006486\" width=\"440\" height=\"330\" loading=\"lazy\" class=\"tspBDk8\"\/> Johann Wadephul (l., CDU), Au\u00dfenminister, und Alexander Dobrindt (CSU), Bundesinnenminister, geben eine Pressekonferenz. <\/p>\n<p class=\"tspA6kl\"> \u00a9 dpa\/Kay Nietfeld <\/p>\n<p class=\"tspBAkv\">Tatmittel wie Drohnenkonfigurationen und Sprengstoff seien aus anderen Angriffen Russlands bekannt, sagten die Minister zur Begr\u00fcndung. Die Ausf\u00fchrung <strong>sei sogenannten Low-Level-Agenten, auch \u201eWegwerf-Agenten\u201c genannt<\/strong>, zuzuordnen. Dobrindt verwies auf polizeiliche Ermittlungen und nachrichtendienstliche Erkenntnisse.<\/p>\n<p class=\"tspBAkv\">Die Bundesanwaltschaft sprach nach dem Vorfall in Leipzig von einem \u201eschwerwiegenden Angriff auf die Transport- und Logistikinfrastruktur in Deutschland\u201c. Ermittelt wird wegen des Verdachts des versuchten Herbeif\u00fchrens einer Sprengstoffexplosion und des gef\u00e4hrlichen Eingriffs in den Luftverkehr.<\/p>\n<p> Artikel 4 der Nato wird nicht angewendet <\/p>\n<p class=\"tspBAkv\">Informationen der \u201eZeit\u201c zufolge ermittelt der Generalbundesanwalt seit Mitte August gegen zwei Beschuldigte. DNA-Spuren f\u00fchrten nach Litauen, Finnland und Polen.<\/p>\n<p class=\"tspBAkv\">In Br\u00fcssel wird sich der Nato-Rat auf deutsche Initiative mit dem gescheiterten Anschlag befassen. <strong>Bei einer Tagung auf Botschafterebene werde es eine Aussprache \u00fcber die wachsende hybride Bedrohung durch Russland geben, hei\u00dft es aus deutschen Regierungskreisen. <\/strong>Artikel 4 des Nato-Vertrags will die Bundesregierung aber nicht ziehen. Er sieht Beratungen der Verb\u00fcndeten vor, wenn sich ein Nato-Staat f\u00fcr von au\u00dfen gef\u00e4hrdet erkl\u00e4rt.<\/p>\n<p>Lesermeinungen zum Artikel<\/p>\n<p class=\"tspBAkv\">\u201eDas Russische Haus h\u00e4tte schon 2014 geschlossen werden m\u00fcssen, als <strong>Russland die europ\u00e4ische Friedensordnung offen torpediert<\/strong>, die Krim \u00fcberfallen und annektiert und seinen Angriffskrieg gegen die Ukraine begonnen hat. <strong>Besser sp\u00e4t als nie<\/strong>\u00a0\u2013 aber wir sehen heute: Es r\u00e4cht sich einfach, einem <strong>Aggressor nicht rechtzeitig Einhalt zu gebieten<\/strong>.\u201c<\/p>\n<p><strong>Sie m\u00f6chten darauf antworten? Hier gelangen Sie <a href=\"https:\/\/www.tagesspiegel.de\/politik\/drohnenangriff-auf-leipziger-flughafenputin-bezeichnet-reaktion-deutschlands-als-schweren-fehler-und-greift-merz-an-16005949.html?commentId=7e1d1009-641d-425f-b042-e1ac4af71fab\" target=\"_blank\" rel=\"noopener nofollow\" class=\"link link--external\" data-gtm-class=\"article-text-link\" data-gtm-val=\"external\" aria-describedby=\"message-target-blank\">direkt zur Diskussion mit Tagesspiegel-Nutzer Torsten_Torstenson<\/a><\/strong><\/p>\n<p class=\"tspBAkv\">Der Artikel wurde seit Gr\u00fcndung des B\u00fcndnisses 1949 nur neunmal in Anspruch genommen, dreimal seit dem von Russland begonnenen Angriffskrieg gegen die Ukraine\u00a0\u2013 aber bislang nie von Deutschland.<\/p>\n<p>Lesen Sie auch<a href=\"https:\/\/www.tagesspiegel.de\/internationales\/putins-soldaten-haben-hochstens-drei-stunden-lang-internet-russische-starlink-alternative-ist-bisher-ein-flop-16002367.html?icid=topic-list_16005949___\" data-gtm-class=\"article-mzt-link\" data-hydrate-fingerprint=\"09740a54944caac75fd2c0c63fd5c5df\" data-hydrate-props=\"{&amp;escapedquot;element&amp;escapedquot;:{&amp;escapedquot;type&amp;escapedquot;:&amp;escapedquot;relatedContent&amp;escapedquot;,&amp;escapedquot;fieldMap&amp;escapedquot;:{},&amp;escapedquot;relation&amp;escapedquot;:{&amp;escapedquot;fields&amp;escapedquot;:{&amp;escapedquot;isPaid&amp;escapedquot;:null},&amp;escapedquot;href&amp;escapedquot;:&amp;escapedquot;\/internationales\/putins-soldaten-haben-hochstens-drei-stunden-lang-internet-russische-starlink-alternative-ist-bisher-ein-flop-16002367.html&amp;escapedquot;,&amp;escapedquot;teaserTitle&amp;escapedquot;:{&amp;escapedquot;kicker&amp;escapedquot;:&amp;escapedquot;Putins Soldaten haben h\u00f6chstens drei Stunden lang Internet&amp;escapedquot;,&amp;escapedquot;headline&amp;escapedquot;:&amp;escapedquot;Russische Starlink-Alternative ist bisher ein Flop&amp;escapedquot;},&amp;escapedquot;id&amp;escapedquot;:&amp;escapedquot;16002367&amp;escapedquot;,&amp;escapedquot;type&amp;escapedquot;:&amp;escapedquot;story&amp;escapedquot;},&amp;escapedquot;isPartOfList&amp;escapedquot;:true,&amp;escapedquot;topicListType&amp;escapedquot;:&amp;escapedquot;topic-list&amp;escapedquot;},&amp;escapedquot;showArrow&amp;escapedquot;:true}\" data-hydrate-slots=\"{&#039;default&#039;:[]}\" class=\"tspB8oe tspB7oc\" rel=\"nofollow noopener\" target=\"_blank\">Putins Soldaten haben h\u00f6chstens drei Stunden lang Internet Russische Starlink-Alternative ist bisher ein Flop <\/a><a href=\"https:\/\/www.tagesspiegel.de\/politik\/dobrindts-drohnenschwindel-das-abwehrzentrum-in-berlin-halt-offenbar-nicht-was-es-verspricht-15997569.html?icid=topic-list_16005949___\" data-gtm-class=\"article-mzt-link\" data-hydrate-fingerprint=\"09740a54944caac75fd2c0c63fd5c5df\" data-hydrate-props=\"{&amp;escapedquot;element&amp;escapedquot;:{&amp;escapedquot;type&amp;escapedquot;:&amp;escapedquot;relatedContent&amp;escapedquot;,&amp;escapedquot;fieldMap&amp;escapedquot;:{},&amp;escapedquot;relation&amp;escapedquot;:{&amp;escapedquot;fields&amp;escapedquot;:{&amp;escapedquot;isPaid&amp;escapedquot;:true},&amp;escapedquot;href&amp;escapedquot;:&amp;escapedquot;\/politik\/dobrindts-drohnenschwindel-das-abwehrzentrum-in-berlin-halt-offenbar-nicht-was-es-verspricht-15997569.html&amp;escapedquot;,&amp;escapedquot;teaserTitle&amp;escapedquot;:{&amp;escapedquot;kicker&amp;escapedquot;:&amp;escapedquot;Dobrindts Drohnenschwindel&amp;escapedquot;,&amp;escapedquot;headline&amp;escapedquot;:&amp;escapedquot;Das Abwehrzentrum in Berlin h\u00e4lt offenbar nicht, was es verspricht&amp;escapedquot;},&amp;escapedquot;id&amp;escapedquot;:&amp;escapedquot;15997569&amp;escapedquot;,&amp;escapedquot;type&amp;escapedquot;:&amp;escapedquot;story&amp;escapedquot;},&amp;escapedquot;isPartOfList&amp;escapedquot;:true,&amp;escapedquot;topicListType&amp;escapedquot;:&amp;escapedquot;topic-list&amp;escapedquot;},&amp;escapedquot;showArrow&amp;escapedquot;:true}\" data-hydrate-slots=\"{&#039;default&#039;:[]}\" class=\"tspB8oe tspB7oc\" rel=\"nofollow noopener\" target=\"_blank\">Dobrindts Drohnenschwindel Das Abwehrzentrum in Berlin h\u00e4lt offenbar nicht, was es verspricht <\/a><a href=\"https:\/\/www.tagesspiegel.de\/internationales\/russlands-hybride-kriegsfuhrung-wie-sehr-mussen-wir-in-deutschland-besorgt-sein-15992681.html?icid=topic-list_16005949___\" data-gtm-class=\"article-mzt-link\" data-hydrate-fingerprint=\"09740a54944caac75fd2c0c63fd5c5df\" data-hydrate-props=\"{&amp;escapedquot;element&amp;escapedquot;:{&amp;escapedquot;type&amp;escapedquot;:&amp;escapedquot;relatedContent&amp;escapedquot;,&amp;escapedquot;fieldMap&amp;escapedquot;:{},&amp;escapedquot;relation&amp;escapedquot;:{&amp;escapedquot;fields&amp;escapedquot;:{&amp;escapedquot;isPaid&amp;escapedquot;:true},&amp;escapedquot;href&amp;escapedquot;:&amp;escapedquot;\/internationales\/russlands-hybride-kriegsfuhrung-wie-sehr-mussen-wir-in-deutschland-besorgt-sein-15992681.html&amp;escapedquot;,&amp;escapedquot;teaserTitle&amp;escapedquot;:{&amp;escapedquot;kicker&amp;escapedquot;:&amp;escapedquot;Russlands hybride Kriegsf\u00fchrung&amp;escapedquot;,&amp;escapedquot;headline&amp;escapedquot;:&amp;escapedquot;Wie sehr m\u00fcssen wir in Deutschland besorgt sein?&amp;escapedquot;},&amp;escapedquot;id&amp;escapedquot;:&amp;escapedquot;15992681&amp;escapedquot;,&amp;escapedquot;type&amp;escapedquot;:&amp;escapedquot;story&amp;escapedquot;},&amp;escapedquot;isPartOfList&amp;escapedquot;:true,&amp;escapedquot;topicListType&amp;escapedquot;:&amp;escapedquot;topic-list&amp;escapedquot;},&amp;escapedquot;showArrow&amp;escapedquot;:true}\" data-hydrate-slots=\"{&#039;default&#039;:[]}\" class=\"tspB8oe tspB7oc\" rel=\"nofollow noopener\" target=\"_blank\">Russlands hybride Kriegsf\u00fchrung Wie sehr m\u00fcssen wir in Deutschland besorgt sein? <\/a><\/p>\n<p class=\"tspBAkv\">Beim EU-Treffen in Irland wird auch <strong>die weitere Unterst\u00fctzung der Ukraine im Abwehrkampf gegen Russland<\/strong> eine zentrale Rolle spielen.<\/p>\n<p class=\"tspBAkv\">Neben der Luftverteidigung geht es um die Vorbereitung auf den kommenden Winter und den Schutz der Energieversorgung, um ukrainische Getreideexporte sowie um die Finanzierung weiterer Hilfen und die m\u00f6gliche Nutzung eingefrorener russischer Verm\u00f6genswerte. (mit Agenturen)<\/p>\n","protected":false},"excerpt":{"rendered":"Die schweren Spannungen zwischen Berlin und Moskau haben sich infolge des gescheiterten Angriffs mit einer Sprengstoff-Drohne am Flughafen&hellip;\n","protected":false},"author":2,"featured_media":1274553,"comment_status":"","ping_status":"","sticky":false,"template":"","format":"standard","meta":{"footnotes":"","_share_on_mastodon":"0"},"categories":[2],"tags":[20,1173,31,29,88475,775,30,13,5300,14,15,307,860,12,2544,10,8,9,11,317,306],"class_list":["post-1275713","post","type-post","status-publish","format-standard","has-post-thumbnail","category-deutschland","tag-alexander-dobrindt","tag-bundesregierung","tag-cdu","tag-deutschland","tag-die-eu","tag-friedrich-merz","tag-germany","tag-headlines","tag-irland","tag-nachrichten","tag-news","tag-russland","tag-sachsen-anhalt","tag-schlagzeilen","tag-terrorismus","tag-top-news","tag-top-meldungen","tag-topmeldungen","tag-topnews","tag-ukraine","tag-wladimir-putin"],"share_on_mastodon":{"url":"","error":""},"_links":{"self":[{"href":"https:\/\/www.europesays.com\/de\/wp-json\/wp\/v2\/posts\/1275713","targetHints":{"allow":["GET"]}}],"collection":[{"href":"https:\/\/www.europesays.com\/de\/wp-json\/wp\/v2\/posts"}],"about":[{"href":"https:\/\/www.europesays.com\/de\/wp-json\/wp\/v2\/types\/post"}],"author":[{"embeddable":true,"href":"https:\/\/www.europesays.com\/de\/wp-json\/wp\/v2\/users\/2"}],"replies":[{"embeddable":true,"href":"https:\/\/www.europesays.com\/de\/wp-json\/wp\/v2\/comments?post=1275713"}],"version-history":[{"count":0,"href":"https:\/\/www.europesays.com\/de\/wp-json\/wp\/v2\/posts\/1275713\/revisions"}],"wp:featuredmedia":[{"embeddable":true,"href":"https:\/\/www.europesays.com\/de\/wp-json\/wp\/v2\/media\/1274553"}],"wp:attachment":[{"href":"https:\/\/www.europesays.com\/de\/wp-json\/wp\/v2\/media?parent=1275713"}],"wp:term":[{"taxonomy":"category","embeddable":true,"href":"https:\/\/www.europesays.com\/de\/wp-json\/wp\/v2\/categories?post=1275713"},{"taxonomy":"post_tag","embeddable":true,"href":"https:\/\/www.europesays.com\/de\/wp-json\/wp\/v2\/tags?post=1275713"}],"curies":[{"name":"wp","href":"https:\/\/api.w.org\/{rel}","templated":true}]}}