{"id":1275716,"date":"2026-09-02T11:29:27","date_gmt":"2026-09-02T11:29:27","guid":{"rendered":"https:\/\/www.europesays.com\/de\/1275716\/"},"modified":"2026-09-02T11:29:27","modified_gmt":"2026-09-02T11:29:27","slug":"christliches-klinikum-halle-schliesst-klinikfusion-ab","status":"publish","type":"post","link":"https:\/\/www.europesays.com\/de\/1275716\/","title":{"rendered":"Christliches Klinikum Halle schlie\u00dft Klinikfusion ab"},"content":{"rendered":"<p>Die Krankenh\u00e4user St. Elisabeth und St. Barbara sowie Martha-Maria Halle-D\u00f6lau treten seit dem 1. September unter dem gemeinsamen Namen Christliches Klinikum Halle (Saale) GmbH auf.<\/p>\n<p>Das teilte das Krankenhaus in einer Pressemitteilung mit. Das neue Klinikum besch\u00e4ftigt nach eigenen Angaben rund 3.000 Mitarbeitende und b\u00fcndelt seine Leistungen an drei Standorten in Halle.<\/p>\n<p>Zum Verbund geh\u00f6ren neben station\u00e4ren und ambulanten Angeboten auch Medizinische Versorgungszentren sowie Hospiz-, Palliativ- und Pflegedienste. Die bisherigen Standorte D\u00f6lau, St. Elisabeth und St. Barbara bleiben erhalten.<\/p>\n<p>Dreij\u00e4hriger Fusionsprozess abgeschlossen<\/p>\n<p>Mit dem neuen Namen endet ein mehrj\u00e4hriger Zusammenschlussprozess. Krankenhausgesch\u00e4ftsf\u00fchrer Jan Jakobitz sagte: \u201eDas Christliche Klinikum Halle ist das Ergebnis eines von vielen Beteiligten engagiert vorangebrachten Prozesses. Was vor rund drei Jahren als erste \u00dcberlegung begonnen hat, wird heute Realit\u00e4t.\u201c<\/p>\n<p>Zum Nutzen der Fusion erkl\u00e4rte Jakobitz: \u201eDas Entstehen des CKH ist f\u00fcr die Patientinnen und Patienten in Halle und der Region eine gute Nachricht, denn es bietet ein noch besser vernetztes und noch umfangreicheres spezialisiertes Versorgungsspektrum.\u201c<\/p>\n<p>Nach Angaben der Klinik verfolgt das neue Haus ein gemeinsames Medizin- und Standortkonzept. Ziel ist es, medizinische Leistungen st\u00e4rker zu b\u00fcndeln und Abl\u00e4ufe standort\u00fcbergreifend zu organisieren.<\/p>\n<p>Fusionen gewinnen im konfessionellen Sektor an Bedeutung<\/p>\n<p>Der Zusammenschluss in Halle steht beispielhaft f\u00fcr die Entwicklung vieler freigemeinn\u00fctziger Krankenhaustr\u00e4ger. Konfessionelle Kliniken geraten durch wirtschaftlichen Druck und die Anforderungen der Krankenhausreform zunehmend unter Zugzwang. Fusionen und Verbundstrukturen gelten vielerorts als M\u00f6glichkeit, Standorte langfristig zu sichern und Leistungsspektren zu b\u00fcndeln.<\/p>\n<p>Mit dieser Entwicklung besch\u00e4ftigt sich auch die aktuelle <a href=\"https:\/\/www.bibliomedmanager.de\/fw\/ausgabe\/9-2026-konfessionelle-kliniken-unter-druck\" target=\"_self\" rel=\"nofollow noopener\">f&amp;w-Titelstrecke &#8222;Konfessionelle Kliniken unter Druck&#8220;<\/a>. Darin analysiert Lena Reseck, warum konfessionelle Krankenh\u00e4user verst\u00e4rkt auf Zusammenschl\u00fcsse setzen und welche Rolle Fusionen im Zuge der Krankenhausreform spielen.<\/p>\n<p>Alexianer sehen Wachstum durch Kooperationen<\/p>\n<p>Auch andere konfessionelle Tr\u00e4ger verfolgen \u00e4hnliche Strategien. So erl\u00e4uterte <a href=\"https:\/\/www.bibliomedmanager.de\/fw\/artikel\/alexianer-christian-von-klitzing-wachstumsstrategie\" target=\"_self\" rel=\"nofollow noopener\">Alexianer-Chef Christian von Klitzing<\/a> k\u00fcrzlich im Gespr\u00e4ch mit f&amp;w, wie Kooperationen, Zusammenschl\u00fcsse und eine gezielte Wachstumsstrategie die Zukunftsf\u00e4higkeit freigemeinn\u00fctziger Krankenh\u00e4user st\u00e4rken sollen.<\/p>\n<p>F\u00fcr Halle markiert die Gr\u00fcndung des Christlichen Klinikums nun den Abschluss eines der gr\u00f6\u00dften konfessionellen Krankenhauszusammenschl\u00fcsse in Sachsen-Anhalt. Die Verantwortlichen wollen die medizinischen Schwerpunkte der bisherigen H\u00e4user k\u00fcnftig unter einem gemeinsamen Dach weiterentwickeln.<\/p>\n<p>cs<\/p>\n","protected":false},"excerpt":{"rendered":"Die Krankenh\u00e4user St. Elisabeth und St. Barbara sowie Martha-Maria Halle-D\u00f6lau treten seit dem 1. September unter dem gemeinsamen&hellip;\n","protected":false},"author":2,"featured_media":1275717,"comment_status":"","ping_status":"","sticky":false,"template":"","format":"standard","meta":{"footnotes":"","_share_on_mastodon":"0"},"categories":[1860],"tags":[68538,263273,3364,29,68540,68539,27507,548,663,3934,174149,30,4612,290,27502,4062,17332,13,20069,4344,39541,263274,3263,10701,99806,47431,166,263275,837,68541,27505,14,15,17331,860,12,263276],"class_list":["post-1275716","post","type-post","status-publish","format-standard","has-post-thumbnail","category-halle-saale","tag-bibliomed","tag-christliches-klinikum-halle","tag-de","tag-deutschland","tag-drg","tag-drg-forum","tag-e-health","tag-eu","tag-europa","tag-europe","tag-freigemeinnuetzige-kliniken","tag-germany","tag-gesundheitspolitik","tag-gesundheitswesen","tag-gesundheitswirtschaft","tag-halle","tag-halle-saale","tag-headlines","tag-klinik","tag-kliniken","tag-klinikfusion","tag-konfessionelle-krankenhaeuser","tag-krankenhaus","tag-krankenhaeuser","tag-krankenhausfusion","tag-krankenhausreform","tag-krankenkassen","tag-martha-maria-halle-doelau","tag-medizin","tag-medizincontrolling","tag-medizintechnik","tag-nachrichten","tag-news","tag-saale","tag-sachsen-anhalt","tag-schlagzeilen","tag-st-elisabeth-st-barbara"],"share_on_mastodon":{"url":"","error":"Validation failed: Text character limit of 500 exceeded"},"_links":{"self":[{"href":"https:\/\/www.europesays.com\/de\/wp-json\/wp\/v2\/posts\/1275716","targetHints":{"allow":["GET"]}}],"collection":[{"href":"https:\/\/www.europesays.com\/de\/wp-json\/wp\/v2\/posts"}],"about":[{"href":"https:\/\/www.europesays.com\/de\/wp-json\/wp\/v2\/types\/post"}],"author":[{"embeddable":true,"href":"https:\/\/www.europesays.com\/de\/wp-json\/wp\/v2\/users\/2"}],"replies":[{"embeddable":true,"href":"https:\/\/www.europesays.com\/de\/wp-json\/wp\/v2\/comments?post=1275716"}],"version-history":[{"count":0,"href":"https:\/\/www.europesays.com\/de\/wp-json\/wp\/v2\/posts\/1275716\/revisions"}],"wp:featuredmedia":[{"embeddable":true,"href":"https:\/\/www.europesays.com\/de\/wp-json\/wp\/v2\/media\/1275717"}],"wp:attachment":[{"href":"https:\/\/www.europesays.com\/de\/wp-json\/wp\/v2\/media?parent=1275716"}],"wp:term":[{"taxonomy":"category","embeddable":true,"href":"https:\/\/www.europesays.com\/de\/wp-json\/wp\/v2\/categories?post=1275716"},{"taxonomy":"post_tag","embeddable":true,"href":"https:\/\/www.europesays.com\/de\/wp-json\/wp\/v2\/tags?post=1275716"}],"curies":[{"name":"wp","href":"https:\/\/api.w.org\/{rel}","templated":true}]}}