{"id":1275720,"date":"2026-09-02T11:33:24","date_gmt":"2026-09-02T11:33:24","guid":{"rendered":"https:\/\/www.europesays.com\/de\/1275720\/"},"modified":"2026-09-02T11:33:24","modified_gmt":"2026-09-02T11:33:24","slug":"u-boot-fuer-israel-hat-kieler-hafen-verlassen","status":"publish","type":"post","link":"https:\/\/www.europesays.com\/de\/1275720\/","title":{"rendered":"U-Boot f\u00fcr Israel hat Kieler Hafen verlassen"},"content":{"rendered":"<p>&#8222;Dolphin&#8220;-Klasse <\/p>\n<p>U-Boot f\u00fcr Israel hat Kieler Hafen verlassen<\/p>\n<p>Aktualisiert am 02.09.2026 &#8211; 12:51 UhrLesedauer: 1 Min.<\/p>\n<p><a href=\"#focus-0\" class=\"transition-colors block text-current relative\" data-sctrack=\"FocusGalleryImage.Reference\"><img fetchpriority=\"high\" data-testid=\"Opener.Image\"   loading=\"eager\" src=\"https:\/\/www.europesays.com\/de\/wp-content\/uploads\/2026\/09\/das-u-boot-ist-nach-angaben-von-tkms-das-letzte-der-fuer-israel-hergestellten-u-boote-der-dolphin-kl.jpeg\" alt=\"TKMS\" title=\"TKMS\" width=\"2048\" height=\"1152\" class=\"bg-[url:var(--lqipURL)] bg-cover bg-center flex h-full w-full max-w-full\" style=\"--lqipURL:url('https:\/\/images.t-online.de\/2026\/09\/Py1WafD8YWNs\/0x107:2048x1152\/fit-in\/150x0\/filters:blur(25)\/das-u-boot-ist-nach-angaben-von-tkms-das-letzte-der-fuer-israel-hergestellten-u-boote-der-dolphin-klasse-symbolbild.jpg')\" decoding=\"async\"\/><img loading=\"lazy\" src=\"https:\/\/www.t-online.de\/s\/paper\/_next\/static\/media\/zoom-in.f7dae02f.svg\" alt=\"Vergr\u00f6\u00dfern des Bildes\" title=\"Vergr\u00f6\u00dfern des Bildes\" class=\"block h-[calc(var(--height)_\/_16_*_1rem)] w-[calc(var(--width)_\/_16_*_1rem)] max-w-none absolute right-8 bottom-8 rounded-4 bg-snow p-8\" style=\"--width:32;--height:32\" decoding=\"async\"\/><\/a><\/p>\n<p>Das U-Boot ist nach Angaben von TKMS das letzte der f\u00fcr Israel hergestellten U-Boote der &#8222;Dolphin&#8220;-Klasse. (Symbolbild) (Quelle: Marcus Brandt\/dpa\/dpa-bilder)<\/p>\n<p><img loading=\"lazy\" src=\"https:\/\/www.t-online.de\/s\/paper\/_next\/static\/media\/audio-volume.6689034c.svg\" alt=\"\" title=\"\" class=\"block h-[calc(var(--height)_\/_16_*_1rem)] w-[calc(var(--width)_\/_16_*_1rem)] max-w-none group-hover:brightness-0 group-hover:invert\" style=\"--width:16;--height:16\" decoding=\"async\"\/>Vorlesen<\/p>\n<p>Aktuelle Zeit:0:00Gesamtdauer:0:00<\/p>\n<p>1x<img loading=\"lazy\" src=\"https:\/\/www.t-online.de\/s\/paper\/_next\/static\/media\/font-sizes.32942e33.svg\" alt=\"\" title=\"\" class=\"block h-[calc(var(--height)_\/_16_*_1rem)] w-[calc(var(--width)_\/_16_*_1rem)] max-w-none group-hover:hidden group-aria-expanded:hidden\" style=\"--width:16;--height:16\" decoding=\"async\"\/><img loading=\"lazy\" src=\"https:\/\/www.t-online.de\/s\/paper\/_next\/static\/media\/font-sizes-dark-mode.e382645c.svg\" alt=\"\" title=\"\" class=\"block h-[calc(var(--height)_\/_16_*_1rem)] w-[calc(var(--width)_\/_16_*_1rem)] max-w-none hidden group-hover:block group-aria-expanded:block\" style=\"--width:16;--height:16\" decoding=\"async\"\/><img loading=\"lazy\" src=\"https:\/\/www.t-online.de\/s\/paper\/_next\/static\/media\/sharing-menu-icon.1eb71368.svg\" alt=\"\" title=\"\" class=\"block h-[calc(var(--height)_\/_16_*_1rem)] w-[calc(var(--width)_\/_16_*_1rem)] max-w-none group-hover:brightness-0 group-hover:invert\" style=\"--width:16;--height:16\" decoding=\"async\"\/>Artikel teilen<\/p>\n<p class=\"font-bold text-18 leading-17 user-text-lg:text-22 user-text-xl:text-24\">Das U-Boot &#8222;INS Drakon&#8220; hat Kiel verlassen und ist auf dem Weg nach Israel. Der Export ist umstritten.<\/p>\n<p class=\"text-18 leading-17 user-text-lg:text-22 user-text-xl:text-24\">Das U-Boot &#8222;INS Drakon&#8220; hat die Werft in Kiel verlassen. Das best\u00e4tigte der U-Bootbauer TKMS. Das Boot befinde sich nun auf dem Weg nach Israel. Die &#8222;INS Drakon&#8220; lief am Dienstag aus und durchquerte den Nord-Ostsee-Kanal, dabei wurde das U-Boot von der schleswig-holsteinischen Landespolizei begleitet.<\/p>\n<p class=\"text-18 leading-17 user-text-lg:text-22 user-text-xl:text-24\">Nach Angaben der Werft ist die &#8222;INS Drakon&#8220; das letzte der f\u00fcr Israel hergestellten U-Boote der &#8222;Dolphin&#8220;-Klasse &#8211; es ist 68 Meter lang und mit zehn Torpedo-Rohren ausger\u00fcstet. <\/p>\n<p class=\"text-18 leading-17 user-text-lg:text-22 user-text-xl:text-24\">Der Export nach Israel ist umstritten, weil nach Meinung von Experten eine Nachr\u00fcstung des Bootes mit Atomwaffen m\u00f6glich ist. Israel verf\u00fcgt damit nun \u00fcber sechs U-Boote, die in der Kieler Werft ThyssenKrupp Marine Systems (TKMS) entwickelt wurden. <\/p>\n<p class=\"text-18 leading-17 user-text-lg:text-22 user-text-xl:text-24\">Das israelische Milit\u00e4r sagte, das U-Boot sei auf dem Weg in die nordisraelische K\u00fcstenstadt Haifa. Bei einer Verabschiedungszeremonie in Kiel waren unter anderem Marineinspekteur Jan Christian Kaack, Israels Botschafter Ron Prosor und Vertreter des israelischen Milit\u00e4rs anwesend. <\/p>\n<p class=\"text-18 leading-17 user-text-lg:text-22 user-text-xl:text-24\">Bei der Abfahrt des U-Boots habe es gro\u00dfe Sicherheitsvorkehrungen gegeben, teilte Israels Armee mit. Sie lobte die F\u00e4higkeiten des Schiffes, das bei Eins\u00e4tzen \u00fcber eine gr\u00f6\u00dfere Reichweite verf\u00fcge als andere U-Boote der israelischen Marine. <\/p>\n<p class=\"text-18 leading-17 user-text-lg:text-22 user-text-xl:text-24\">Israels Botschafter Prosor sagte israelischen Armeeangaben zufolge bei der Zeremonie: &#8222;Die Lieferung des U-Boots ist ein Zeugnis f\u00fcr die Tiefe der strategischen Partnerschaft zwischen Jerusalem und Berlin.&#8220;<\/p>\n","protected":false},"excerpt":{"rendered":"&#8222;Dolphin&#8220;-Klasse U-Boot f\u00fcr Israel hat Kieler Hafen verlassen Aktualisiert am 02.09.2026 &#8211; 12:51 UhrLesedauer: 1 Min. Das U-Boot&hellip;\n","protected":false},"author":2,"featured_media":1275721,"comment_status":"","ping_status":"","sticky":false,"template":"","format":"standard","meta":{"footnotes":"","_share_on_mastodon":"0"},"categories":[1852],"tags":[3364,29,548,663,3934,30,13,4949,451,14,15,53735,12,1971,8148],"class_list":["post-1275720","post","type-post","status-publish","format-standard","has-post-thumbnail","category-kiel","tag-de","tag-deutschland","tag-eu","tag-europa","tag-europe","tag-germany","tag-headlines","tag-kiel","tag-militaer","tag-nachrichten","tag-news","tag-nord-ostsee-kanal","tag-schlagzeilen","tag-schleswig-holstein","tag-werft"],"share_on_mastodon":{"url":"https:\/\/pubeurope.com\/@de\/117201237286873289","error":""},"_links":{"self":[{"href":"https:\/\/www.europesays.com\/de\/wp-json\/wp\/v2\/posts\/1275720","targetHints":{"allow":["GET"]}}],"collection":[{"href":"https:\/\/www.europesays.com\/de\/wp-json\/wp\/v2\/posts"}],"about":[{"href":"https:\/\/www.europesays.com\/de\/wp-json\/wp\/v2\/types\/post"}],"author":[{"embeddable":true,"href":"https:\/\/www.europesays.com\/de\/wp-json\/wp\/v2\/users\/2"}],"replies":[{"embeddable":true,"href":"https:\/\/www.europesays.com\/de\/wp-json\/wp\/v2\/comments?post=1275720"}],"version-history":[{"count":0,"href":"https:\/\/www.europesays.com\/de\/wp-json\/wp\/v2\/posts\/1275720\/revisions"}],"wp:featuredmedia":[{"embeddable":true,"href":"https:\/\/www.europesays.com\/de\/wp-json\/wp\/v2\/media\/1275721"}],"wp:attachment":[{"href":"https:\/\/www.europesays.com\/de\/wp-json\/wp\/v2\/media?parent=1275720"}],"wp:term":[{"taxonomy":"category","embeddable":true,"href":"https:\/\/www.europesays.com\/de\/wp-json\/wp\/v2\/categories?post=1275720"},{"taxonomy":"post_tag","embeddable":true,"href":"https:\/\/www.europesays.com\/de\/wp-json\/wp\/v2\/tags?post=1275720"}],"curies":[{"name":"wp","href":"https:\/\/api.w.org\/{rel}","templated":true}]}}