{"id":1275724,"date":"2026-09-02T11:36:16","date_gmt":"2026-09-02T11:36:16","guid":{"rendered":"https:\/\/www.europesays.com\/de\/1275724\/"},"modified":"2026-09-02T11:36:16","modified_gmt":"2026-09-02T11:36:16","slug":"braunschweig-verliert-immer-mehr-geschaefte-das-sind-die-gruende","status":"publish","type":"post","link":"https:\/\/www.europesays.com\/de\/1275724\/","title":{"rendered":"Braunschweig verliert immer mehr Gesch\u00e4fte \u2013 das sind die Gr\u00fcnde"},"content":{"rendered":"\n<p class=\"wp-block-paragraph\">Wer durch die Braunschweiger Innenstadt l\u00e4uft, sieht sie sofort: Leere Schaufenster, Schilder mit dem Hinweis auf einen R\u00e4umungsverkauf oder aber \u201eWir schlie\u00dfen\u201c-Schilder. Viele Braunschweiger empfinden die Entwicklung als beunruhigend. Doch die Wahrheit hinter dem Leerstand ist vielschichtiger, als sie auf den ersten Blick wirkt.<\/p>\n<p class=\"wp-block-paragraph\">Denn parallel zu den Schlie\u00dfungen er\u00f6ffnen auch neue Gesch\u00e4fte, Caf\u00e9s und Restaurants. Die Braunschweiger Innenstadt befindet sich in einem echten Umbruch. Welche Gr\u00fcnde stecken wirklich hinter dem Ladensterben?<\/p>\n<blockquote class=\"wp-block-quote is-style-default is-layout-flow wp-block-quote-is-layout-flow\" style=\"padding-right:var(--wp--preset--spacing--60);padding-left:var(--wp--preset--spacing--60)\"><p> \ud83d\udccc Ladensterben in Braunschweig: Das solltest du au\u00dferdem wissen  <\/p>\n<ul class=\"wp-block-list has-small-font-size\">\n<li>Die Braunschweig Zukunft GmbH erfasst Leerst\u00e4nde in der Innenstadt bereits seit Sommer 2021 systematisch<\/li>\n<li>Ende 2022 gab es seit Beginn dieser Erfassung den niedrigsten Leerstand \u00fcberhaupt<\/li>\n<li>Die Schloss-Arkaden er\u00f6ffneten 2007 mit dem Elektronikmarkt Saturn als s\u00fcdlichem Ankermieter<\/li>\n<li>Eine Studie der Unternehmensberatung pwc aus dem Jahr 2023 attestiert klassischen Shopping-Centern, wie sie bis 2015 gebaut wurden, keine Zukunft mehr<\/li>\n<\/ul>\n<\/blockquote>\n<p>\t\t Braunschweig: Wie viele L\u00e4den stehen tats\u00e4chlich leer? <\/p>\n<p class=\"wp-block-paragraph\">Rund 100 leerstehende Fl\u00e4chen z\u00e4hlte man zum Jahreswechsel 2025\/26 innerhalb der Braunschweiger Okerumflut. Das klingt zun\u00e4chst dramatisch. Gleichzeitig er\u00f6ffneten im vergangenen Jahr mehr als 45 neue L\u00e4den, Caf\u00e9s und Restaurants in der City. 44 neue Leerst\u00e4nde standen damit fast genauso vielen Neuer\u00f6ffnungen gegen\u00fcber. <\/p>\n<p class=\"wp-block-paragraph\">Die Wirtschaftsf\u00f6rderung spricht deshalb von keinem eindeutigen Trend. Schlie\u00dfungen und Neuer\u00f6ffnungen w\u00fcrden sich schlicht parallel abspielen, wie die Braunschweig Zukunft GmbH erkl\u00e4rt. Die Gr\u00fcnde f\u00fcr einzelne Gesch\u00e4ftsaufgaben seien zudem sehr individuell. <\/p>\n<p> Warum geben H\u00e4ndler ihre L\u00e4den in Braunschweig auf? <\/p>\n<p class=\"wp-block-paragraph\">Der Strukturwandel im Einzelhandel trifft nicht nur Braunschweig, sondern Innenst\u00e4dte in ganz Deutschland. Der Online-Handel zieht seit Jahren Kaufkraft aus den St\u00e4dten ab. Kunden bestellen lieber bequem von zuhause, statt durch die Fu\u00dfg\u00e4ngerzone zu bummeln. <\/p>\n<p class=\"wp-block-paragraph\">Dazu kommen wirtschaftliche Nachwirkungen der Corona-Pandemie sowie steigende Kosten. Mieten in Toplagen sind hoch, Energie und Personal sind teurer geworden. Manchmal scheitert aber auch ein einzelnes Konzept am Markt, obwohl treue Kundschaft dahintersteht. So musste das beliebte Unverpackt-Gesch\u00e4ft in der Fallersleber Stra\u00dfe 2024 aufgeben, trotz seiner Fangemeinde.<\/p>\n<p> Wie erleben die Menschen den Wandel? <\/p>\n<p class=\"wp-block-paragraph\">F\u00fcr viele Braunschweiger f\u00fchlt sich die Lage schlimmer an, als es die Zahlen vermuten lassen. Der 71-j\u00e4hrige Michael, der sein ganzes Leben in der Stadt verbracht hat, findet klare Worte. \u201eEs ist katastrophal, wirklich\u201c, sagt er. \u201eEs ist auch kein Einkaufsparadies mehr, es ist schon traurig.\u201c Ihn zieht inzwischen vor allem die Gastronomie in die City.<\/p>\n<p class=\"wp-block-paragraph\">Auch j\u00fcngere Bewohner sp\u00fcren die Ver\u00e4nderung deutlich. Die 22-j\u00e4hrige Verena erz\u00e4hlt, dass viele neue L\u00e4den nur kurz bestehen und danach lange leer stehen. Manchmal zieht es sie deshalb eher nach Hannover oder Hamburg zum Einkaufen. In Braunschweig bleibt sie trotzdem gerne, wegen der Atmosph\u00e4re und der historischen Geb\u00e4ude.<\/p>\n<p> Was unternimmt die Stadt gegen den Leerstand? <\/p>\n<p class=\"wp-block-paragraph\">Braunschweig sitzt dem Wandel nicht tatenlos gegen\u00fcber. Seit 2020 l\u00e4uft ein umfassender Innenstadtdialog mit Stadtmarketing und weiteren Akteuren der Stadtentwicklung. Daraus entstand eine Innenstadtstrategie, die die City st\u00e4rker als sozialen Treffpunkt positionieren soll und nicht nur als Einkaufsmeile.<\/p>\n<p class=\"wp-block-paragraph\">Mehr News:<\/p>\n<p class=\"wp-block-paragraph\">Auch die Betreiber gro\u00dfer Malls denken um. Statt reiner Verkaufsfl\u00e4chen sollen k\u00fcnftig Wohnungen, Gastronomie und Freizeitangebote einziehen. Ob dieser Umbau gelingt, h\u00e4ngt von vielen Faktoren ab. Vermieter, Handel und Stadt m\u00fcssen an einem Strang ziehen, damit aus dem Leerstand wieder Leben wird.<\/p>\n","protected":false},"excerpt":{"rendered":"Wer durch die Braunschweiger Innenstadt l\u00e4uft, sieht sie sofort: Leere Schaufenster, Schilder mit dem Hinweis auf einen R\u00e4umungsverkauf&hellip;\n","protected":false},"author":2,"featured_media":1275725,"comment_status":"","ping_status":"","sticky":false,"template":"","format":"standard","meta":{"footnotes":"","_share_on_mastodon":"0"},"categories":[1850],"tags":[6429,3364,29,548,663,3934,30,13,14,15,1411,12],"class_list":["post-1275724","post","type-post","status-publish","format-standard","has-post-thumbnail","category-braunschweig","tag-braunschweig","tag-de","tag-deutschland","tag-eu","tag-europa","tag-europe","tag-germany","tag-headlines","tag-nachrichten","tag-news","tag-niedersachsen","tag-schlagzeilen"],"share_on_mastodon":{"url":"https:\/\/pubeurope.com\/@de\/117201245899615375","error":""},"_links":{"self":[{"href":"https:\/\/www.europesays.com\/de\/wp-json\/wp\/v2\/posts\/1275724","targetHints":{"allow":["GET"]}}],"collection":[{"href":"https:\/\/www.europesays.com\/de\/wp-json\/wp\/v2\/posts"}],"about":[{"href":"https:\/\/www.europesays.com\/de\/wp-json\/wp\/v2\/types\/post"}],"author":[{"embeddable":true,"href":"https:\/\/www.europesays.com\/de\/wp-json\/wp\/v2\/users\/2"}],"replies":[{"embeddable":true,"href":"https:\/\/www.europesays.com\/de\/wp-json\/wp\/v2\/comments?post=1275724"}],"version-history":[{"count":0,"href":"https:\/\/www.europesays.com\/de\/wp-json\/wp\/v2\/posts\/1275724\/revisions"}],"wp:featuredmedia":[{"embeddable":true,"href":"https:\/\/www.europesays.com\/de\/wp-json\/wp\/v2\/media\/1275725"}],"wp:attachment":[{"href":"https:\/\/www.europesays.com\/de\/wp-json\/wp\/v2\/media?parent=1275724"}],"wp:term":[{"taxonomy":"category","embeddable":true,"href":"https:\/\/www.europesays.com\/de\/wp-json\/wp\/v2\/categories?post=1275724"},{"taxonomy":"post_tag","embeddable":true,"href":"https:\/\/www.europesays.com\/de\/wp-json\/wp\/v2\/tags?post=1275724"}],"curies":[{"name":"wp","href":"https:\/\/api.w.org\/{rel}","templated":true}]}}