{"id":1275728,"date":"2026-09-02T11:38:27","date_gmt":"2026-09-02T11:38:27","guid":{"rendered":"https:\/\/www.europesays.com\/de\/1275728\/"},"modified":"2026-09-02T11:38:27","modified_gmt":"2026-09-02T11:38:27","slug":"bauhaus-kehrt-nach-gelsenkirchen-zu","status":"publish","type":"post","link":"https:\/\/www.europesays.com\/de\/1275728\/","title":{"rendered":"Bauhaus kehrt nach Gelsenkirchen zu&#8230;"},"content":{"rendered":"<p>Bauhaus er\u00f6ffnet am 24. September 2026 ein neues Fachcentrum in Gelsenkirchen. Den Standort hatte der deutsche DIY-Marktf\u00fchrer bereits im Winter von Hellweg \u00fcbernommen. Er kehrt damit nach rund 20 Jahren in die Stadt zur\u00fcck. Der Bau in der Grothusstra\u00dfe 22 mit mehr als 13.000 m2 wird derzeit modernisiert. Zwischen 1991 und 2007 betrieb Bauhaus in Gelsenkirchen ein rund 3.000 m2 gro\u00dfes Haus.<\/p>\n<p>Derzeit befindet sich der Standort in der Einrichtungsphase. Mit 15 Fachabteilungen und mehr als 50.000 Produkten vor Ort sowie insgesamt 160.000 L\u00f6sungen \u00fcber den Onlineshop soll die neue Niederlassung eine Auswahl f\u00fcr jedes Vorhaben rund um Werkstatt, Haus und Garten bieten. Mehr als 50 Mitarbeiter, darunter \u00fcber 30 Fachberater sowie zwei Auszubildende, stehen k\u00fcnftig f\u00fcr Serviceleistungen und Fragen zur Verf\u00fcgung.<\/p>\n<p>Fokus auf Gewerbekunden<\/p>\n<p>Mit dem Profi Depot und zwei Gro\u00dfkundenfachberatern liegt ein\u2026<\/p>\n","protected":false},"excerpt":{"rendered":"Bauhaus er\u00f6ffnet am 24. September 2026 ein neues Fachcentrum in Gelsenkirchen. Den Standort hatte der deutsche DIY-Marktf\u00fchrer bereits&hellip;\n","protected":false},"author":2,"featured_media":1275729,"comment_status":"","ping_status":"","sticky":false,"template":"","format":"standard","meta":{"footnotes":"","_share_on_mastodon":"0"},"categories":[1848],"tags":[263277,3364,29,548,663,3934,3658,30,13,14,15,1209,12],"class_list":["post-1275728","post","type-post","status-publish","format-standard","has-post-thumbnail","category-gelsenkirchen","tag-bauhaus-markteinrichtung-hellweg-baugewerbe","tag-de","tag-deutschland","tag-eu","tag-europa","tag-europe","tag-gelsenkirchen","tag-germany","tag-headlines","tag-nachrichten","tag-news","tag-nordrhein-westfalen","tag-schlagzeilen"],"share_on_mastodon":{"url":"https:\/\/pubeurope.com\/@de\/117201253770306076","error":""},"_links":{"self":[{"href":"https:\/\/www.europesays.com\/de\/wp-json\/wp\/v2\/posts\/1275728","targetHints":{"allow":["GET"]}}],"collection":[{"href":"https:\/\/www.europesays.com\/de\/wp-json\/wp\/v2\/posts"}],"about":[{"href":"https:\/\/www.europesays.com\/de\/wp-json\/wp\/v2\/types\/post"}],"author":[{"embeddable":true,"href":"https:\/\/www.europesays.com\/de\/wp-json\/wp\/v2\/users\/2"}],"replies":[{"embeddable":true,"href":"https:\/\/www.europesays.com\/de\/wp-json\/wp\/v2\/comments?post=1275728"}],"version-history":[{"count":0,"href":"https:\/\/www.europesays.com\/de\/wp-json\/wp\/v2\/posts\/1275728\/revisions"}],"wp:featuredmedia":[{"embeddable":true,"href":"https:\/\/www.europesays.com\/de\/wp-json\/wp\/v2\/media\/1275729"}],"wp:attachment":[{"href":"https:\/\/www.europesays.com\/de\/wp-json\/wp\/v2\/media?parent=1275728"}],"wp:term":[{"taxonomy":"category","embeddable":true,"href":"https:\/\/www.europesays.com\/de\/wp-json\/wp\/v2\/categories?post=1275728"},{"taxonomy":"post_tag","embeddable":true,"href":"https:\/\/www.europesays.com\/de\/wp-json\/wp\/v2\/tags?post=1275728"}],"curies":[{"name":"wp","href":"https:\/\/api.w.org\/{rel}","templated":true}]}}