{"id":1275734,"date":"2026-09-02T11:43:22","date_gmt":"2026-09-02T11:43:22","guid":{"rendered":"https:\/\/www.europesays.com\/de\/1275734\/"},"modified":"2026-09-02T11:43:22","modified_gmt":"2026-09-02T11:43:22","slug":"earth-night-licht-aus-am-11-september","status":"publish","type":"post","link":"https:\/\/www.europesays.com\/de\/1275734\/","title":{"rendered":"Earth Night: Licht aus am 11. September"},"content":{"rendered":"<p><img loading=\"lazy\" decoding=\"async\" src=\"https:\/\/www.europesays.com\/de\/wp-content\/uploads\/2026\/09\/mrn_news_platzhalter_logo-2026-neu-11.jpg\" alt=\"Mrn news platzhalter logo 2026 neu\" width=\"1500\" height=\"833\" class=\"alignnone size-full wp-image-651793\"  \/><br \/>Mannheim \/ Metropolregion Rhein-Neckar \u2013 Am 11. September 2026 beteiligt sich die Stadt Mannheim an der weltweiten Initiative \u201eEarth Night\u201c, um auf das Thema Lichtverschmutzung aufmerksam zu machen. Ab Einbruch der Dunkelheit, sp\u00e4testens ab 22 Uhr, hei\u00dft es dann: Licht aus \u2013 f\u00fcr eine ganze Nacht. Zahlreiche st\u00e4dtische Fachbereiche, Eigenbetriebe sowie Institutionen und Unternehmen werden ihre Beleuchtung abschalten und damit ein starkes Zeichen f\u00fcr den Umweltschutz setzen.<\/p>\n<p>Die st\u00e4dtischen Aktionen im \u00dcberblick:<\/p>\n<p>Kunsthalle: Die Kunsthalle wird zus\u00e4tzlich die Fassadenstrahler und den Werbeschriftzug \u00fcber dem Haupteingang sowie die Beleuchtung des Kunstwerks \u201eKosuth\u201c ausschalten, um ihr Engagement f\u00fcr den Schutz der Nacht zu unterstreichen.<\/p>\n<p>Reiss-Engelhorn-Museen (REM): Die REM verzichten bereits seit l\u00e4ngerer Zeit auf die Beleuchtung der Zeughausfassade und setzen damit ein dauerhaftes Zeichen f\u00fcr den verantwortungsvollen Umgang mit Licht.<\/p>\n<p>Stadtentw\u00e4sserung: Die Beleuchtung der markanten Faulbeh\u00e4lter und des W\u00e4rmespeichers im Kl\u00e4rwerk wird in dieser Nacht deaktiviert. Diese Bauwerke werden normalerweise mit selbst erzeugtem Strom \u00fcber LED beleuchtet. Aus Sicherheitsgr\u00fcnden bleibt die restliche Beleuchtung auf dem Gel\u00e4nde jedoch im 24\/7-Betrieb in Funktion.<\/p>\n<p>Luisenpark: Ab etwa 23:30 Uhr wird die Parkbeleuchtung f\u00fcr den Rest der Nacht ausgeschaltet, ebenso die Beleuchtung des Fernmeldeturms.<\/p>\n<p>Technisches Rathaus: Nicht sicherheitsrelevante Beleuchtung wird ausgeschaltet und nur \u00fcber Bewegungsmelder gesteuert. An der Pforte im Erdgeschoss wird die Beleuchtung auf 30% gedimmt.<\/p>\n<p>Die Stadt Mannheim l\u00e4dt alle B\u00fcrgerinnen und B\u00fcrger ein, sich an der Earth Night zu beteiligen. Auch zu Hause k\u00f6nnen alle mitmachen \u2013 einfach unn\u00f6tiges Licht ausschalten oder Vorh\u00e4nge schlie\u00dfen, damit der Nachthimmel wieder sichtbar wird.<\/p>\n<p>Praktische Tipps f\u00fcr eine umweltschonende Beleuchtung sind hier zusammengestellt: www.mannheim.de\/lichtverschmutzung.<\/p>\n<p>\u00dcber die Earth Night:<\/p>\n<p>Die Earth Night ist eine Aktion gegen Lichtverschmutzung von den \u201ePaten der Nacht\u201c. Ziel dieser Aktion ist es, auf das wachsende Problem der Lichtverschmutzung aufmerksam zu machen, die durch den \u00fcberm\u00e4\u00dfigen Einsatz von Kunstlicht verursacht wird. Das immer intensiver werdende Licht erhellt die N\u00e4chte zunehmend, was nachweislich sch\u00e4dliche Auswirkungen auf die Umwelt, die Gesundheit der Menschen und die Natur hat. <\/p>\n<p>Quelle: Stadt Mannheim<\/p>\n<p class=\"post-modified-info\">Zuletzt aktualisiert am 2. September 2026, 12:47<\/p>\n","protected":false},"excerpt":{"rendered":"Mannheim \/ Metropolregion Rhein-Neckar \u2013 Am 11. September 2026 beteiligt sich die Stadt Mannheim an der weltweiten Initiative&hellip;\n","protected":false},"author":2,"featured_media":1275735,"comment_status":"","ping_status":"","sticky":false,"template":"","format":"standard","meta":{"footnotes":"","_share_on_mastodon":"0"},"categories":[1845],"tags":[61836,3951,1634,17283,12612,29849,3364,29,2819,588,14967,64997,548,663,3934,68948,30,13,14203,2096,9834,25488,25489,14,17444,6237,14480,15,2218,64998,5206,28951,12,22954,3041,64611,2185,39146,1467,16725,12031,173,24447],"class_list":["post-1275734","post","type-post","status-publish","format-standard","has-post-thumbnail","category-mannheim","tag-61836","tag-aktion","tag-baden-wuerttemberg","tag-beleuchtung","tag-buerger","tag-buergerinnen","tag-de","tag-deutschland","tag-einbruch","tag-einsatz","tag-engagement","tag-engelhorn","tag-eu","tag-europa","tag-europe","tag-funktion","tag-germany","tag-headlines","tag-klaerwerk","tag-mannheim","tag-menschen","tag-metropolregion","tag-metropolregion-rhein-neckar","tag-nachrichten","tag-nacht","tag-natur","tag-neckar","tag-news","tag-rathaus","tag-rem","tag-rhein","tag-rhein-neckar","tag-schlagzeilen","tag-schutz","tag-stadt","tag-stadt-mannheim","tag-strom","tag-thema","tag-tipps","tag-umgang","tag-umweltschutz","tag-unternehmen","tag-zeichen"],"share_on_mastodon":{"url":"https:\/\/pubeurope.com\/@de\/117201275462729058","error":""},"_links":{"self":[{"href":"https:\/\/www.europesays.com\/de\/wp-json\/wp\/v2\/posts\/1275734","targetHints":{"allow":["GET"]}}],"collection":[{"href":"https:\/\/www.europesays.com\/de\/wp-json\/wp\/v2\/posts"}],"about":[{"href":"https:\/\/www.europesays.com\/de\/wp-json\/wp\/v2\/types\/post"}],"author":[{"embeddable":true,"href":"https:\/\/www.europesays.com\/de\/wp-json\/wp\/v2\/users\/2"}],"replies":[{"embeddable":true,"href":"https:\/\/www.europesays.com\/de\/wp-json\/wp\/v2\/comments?post=1275734"}],"version-history":[{"count":0,"href":"https:\/\/www.europesays.com\/de\/wp-json\/wp\/v2\/posts\/1275734\/revisions"}],"wp:featuredmedia":[{"embeddable":true,"href":"https:\/\/www.europesays.com\/de\/wp-json\/wp\/v2\/media\/1275735"}],"wp:attachment":[{"href":"https:\/\/www.europesays.com\/de\/wp-json\/wp\/v2\/media?parent=1275734"}],"wp:term":[{"taxonomy":"category","embeddable":true,"href":"https:\/\/www.europesays.com\/de\/wp-json\/wp\/v2\/categories?post=1275734"},{"taxonomy":"post_tag","embeddable":true,"href":"https:\/\/www.europesays.com\/de\/wp-json\/wp\/v2\/tags?post=1275734"}],"curies":[{"name":"wp","href":"https:\/\/api.w.org\/{rel}","templated":true}]}}