{"id":1275744,"date":"2026-09-02T11:49:15","date_gmt":"2026-09-02T11:49:15","guid":{"rendered":"https:\/\/www.europesays.com\/de\/1275744\/"},"modified":"2026-09-02T11:49:15","modified_gmt":"2026-09-02T11:49:15","slug":"kreis-herford-polizei-begruesst-22-neue-beamtinnen-und-beamte","status":"publish","type":"post","link":"https:\/\/www.europesays.com\/de\/1275744\/","title":{"rendered":"Kreis Herford: Polizei begr\u00fc\u00dft 22 neue Beamtinnen und Beamte"},"content":{"rendered":"<p>Die Kreispolizei in Herford hat Nachschub bekommen. Landrat Mirco Schmidt als Beh\u00f6rdenleiter hat bei einer Feierstunde 22 neue Beamtinnen und Beamte willkommen gehei\u00dfen. Die meisten sind Absolventen der Hochschule f\u00fcr Polizei und \u00f6ffentliche Verwaltung NRW.\u00a0<\/p>\n<p>Zuerst in den Wachdienst<\/p>\n<p>Nach Abschluss des Studiums \u00fcbernehmen sie ihre ersten Aufgaben. Zun\u00e4chst werden sie vor allem den Wachdienst der Kriminalpolizei verst\u00e4rken.\u00a0<\/p>\n","protected":false},"excerpt":{"rendered":"Die Kreispolizei in Herford hat Nachschub bekommen. Landrat Mirco Schmidt als Beh\u00f6rdenleiter hat bei einer Feierstunde 22 neue&hellip;\n","protected":false},"author":2,"featured_media":1275745,"comment_status":"","ping_status":"","sticky":false,"template":"","format":"standard","meta":{"footnotes":"","_share_on_mastodon":"0"},"categories":[1841],"tags":[8270,1605,3364,29,79324,30,16398,1209],"class_list":["post-1275744","post","type-post","status-publish","format-standard","has-post-thumbnail","category-bielefeld","tag-kreispolizei","tag-bielefeld","tag-de","tag-deutschland","tag-feierstunde","tag-germany","tag-herford","tag-nordrhein-westfalen"],"share_on_mastodon":{"url":"https:\/\/pubeurope.com\/@de\/117201296692472050","error":""},"_links":{"self":[{"href":"https:\/\/www.europesays.com\/de\/wp-json\/wp\/v2\/posts\/1275744","targetHints":{"allow":["GET"]}}],"collection":[{"href":"https:\/\/www.europesays.com\/de\/wp-json\/wp\/v2\/posts"}],"about":[{"href":"https:\/\/www.europesays.com\/de\/wp-json\/wp\/v2\/types\/post"}],"author":[{"embeddable":true,"href":"https:\/\/www.europesays.com\/de\/wp-json\/wp\/v2\/users\/2"}],"replies":[{"embeddable":true,"href":"https:\/\/www.europesays.com\/de\/wp-json\/wp\/v2\/comments?post=1275744"}],"version-history":[{"count":0,"href":"https:\/\/www.europesays.com\/de\/wp-json\/wp\/v2\/posts\/1275744\/revisions"}],"wp:featuredmedia":[{"embeddable":true,"href":"https:\/\/www.europesays.com\/de\/wp-json\/wp\/v2\/media\/1275745"}],"wp:attachment":[{"href":"https:\/\/www.europesays.com\/de\/wp-json\/wp\/v2\/media?parent=1275744"}],"wp:term":[{"taxonomy":"category","embeddable":true,"href":"https:\/\/www.europesays.com\/de\/wp-json\/wp\/v2\/categories?post=1275744"},{"taxonomy":"post_tag","embeddable":true,"href":"https:\/\/www.europesays.com\/de\/wp-json\/wp\/v2\/tags?post=1275744"}],"curies":[{"name":"wp","href":"https:\/\/api.w.org\/{rel}","templated":true}]}}