{"id":1275747,"date":"2026-09-02T11:51:14","date_gmt":"2026-09-02T11:51:14","guid":{"rendered":"https:\/\/www.europesays.com\/de\/1275747\/"},"modified":"2026-09-02T11:51:14","modified_gmt":"2026-09-02T11:51:14","slug":"wuppertal-ist-eine-kunstarbeiterstadt","status":"publish","type":"post","link":"https:\/\/www.europesays.com\/de\/1275747\/","title":{"rendered":"Wuppertal ist eine Kunstarbeiterstadt"},"content":{"rendered":"<p class=\"text_ohne_einzug richtext text-em-55 !leading-serif mx-6 desktop:mx-0\">K\u00fcnstlerinnen und K\u00fcnstler wissen um ihre, sich selbst verpflichtende Aufgabe, das Lebensgef\u00fchl ihrer Zeit zum Ausdruck zu bringen. Wie sie das machen, ist immer wieder bemerkenswert, inspirierend und oft nicht leicht zu entschl\u00fcsseln, denn es ist tats\u00e4chlich eine Aufgabe f\u00fcr sehr viele H\u00e4nde. Zum Gl\u00fcck haben wir in Wuppertal eine gro\u00dfe, lebendige Kunst- und Kulturszene, die sich selbstlos engagiert, sich je nach Bedarf immer wieder neu organisiert und sich gerne freiwillig daran abarbeitet, sich nicht unterkriegen zu lassen. In einer Stadt am Fluss mit einem zum Teil sehr experimentierfreudigen Publikum, das diesen kreativen Standortfaktor sch\u00e4tzt. Aus meiner Sicht steht einer Transformation zur Kunstarbeiterstadt also nichts mehr im Wege.<\/p>\n","protected":false},"excerpt":{"rendered":"K\u00fcnstlerinnen und K\u00fcnstler wissen um ihre, sich selbst verpflichtende Aufgabe, das Lebensgef\u00fchl ihrer Zeit zum Ausdruck zu bringen.&hellip;\n","protected":false},"author":2,"featured_media":1275748,"comment_status":"","ping_status":"","sticky":false,"template":"","format":"standard","meta":{"footnotes":"","_share_on_mastodon":"0"},"categories":[1840],"tags":[263280,263283,3364,29,30,2075,263281,263282,263278,173114,4818,149766,2264,263284,1209,263279,194372,19466,4418,17352],"class_list":["post-1275747","post","type-post","status-publish","format-standard","has-post-thumbnail","category-wuppertal","tag-5nischenprojekt","tag-bekenntniskunst","tag-de","tag-deutschland","tag-germany","tag-kunst","tag-kunstarbeit","tag-kunstarbeiten","tag-kunstarbeiterstadt","tag-kunstvereins","tag-kunstwerke","tag-lowisch","tag-museum","tag-nischen","tag-nordrhein-westfalen","tag-skulpturengruppe","tag-tine","tag-vohwinkel","tag-wuppertal","tag-wuppertalerinnen"],"share_on_mastodon":{"url":"https:\/\/pubeurope.com\/@de\/117201304752560947","error":""},"_links":{"self":[{"href":"https:\/\/www.europesays.com\/de\/wp-json\/wp\/v2\/posts\/1275747","targetHints":{"allow":["GET"]}}],"collection":[{"href":"https:\/\/www.europesays.com\/de\/wp-json\/wp\/v2\/posts"}],"about":[{"href":"https:\/\/www.europesays.com\/de\/wp-json\/wp\/v2\/types\/post"}],"author":[{"embeddable":true,"href":"https:\/\/www.europesays.com\/de\/wp-json\/wp\/v2\/users\/2"}],"replies":[{"embeddable":true,"href":"https:\/\/www.europesays.com\/de\/wp-json\/wp\/v2\/comments?post=1275747"}],"version-history":[{"count":0,"href":"https:\/\/www.europesays.com\/de\/wp-json\/wp\/v2\/posts\/1275747\/revisions"}],"wp:featuredmedia":[{"embeddable":true,"href":"https:\/\/www.europesays.com\/de\/wp-json\/wp\/v2\/media\/1275748"}],"wp:attachment":[{"href":"https:\/\/www.europesays.com\/de\/wp-json\/wp\/v2\/media?parent=1275747"}],"wp:term":[{"taxonomy":"category","embeddable":true,"href":"https:\/\/www.europesays.com\/de\/wp-json\/wp\/v2\/categories?post=1275747"},{"taxonomy":"post_tag","embeddable":true,"href":"https:\/\/www.europesays.com\/de\/wp-json\/wp\/v2\/tags?post=1275747"}],"curies":[{"name":"wp","href":"https:\/\/api.w.org\/{rel}","templated":true}]}}