{"id":1275784,"date":"2026-09-02T12:15:15","date_gmt":"2026-09-02T12:15:15","guid":{"rendered":"https:\/\/www.europesays.com\/de\/1275784\/"},"modified":"2026-09-02T12:15:15","modified_gmt":"2026-09-02T12:15:15","slug":"aufsessplatz-im-fokus-polizei-nimmt-zweiten-videoanhaenger-in-nuernberg-in-betrieb","status":"publish","type":"post","link":"https:\/\/www.europesays.com\/de\/1275784\/","title":{"rendered":"Aufse\u00dfplatz im Fokus: Polizei nimmt zweiten Videoanh\u00e4nger in N\u00fcrnberg in Betrieb"},"content":{"rendered":"<p>                                &#8211;                                Der Aufse\u00dfplatz in N\u00fcrnberg wird seit Mittwoch von einem Videoanh\u00e4nger \u00fcberwacht. Steigende Straftaten und St\u00f6rungen durch \u00fcberm\u00e4\u00dfigen Alkoholkonsum f\u00fchren zu dieser Ma\u00dfnahme. Die Polizei will den Platz sicherer machen und schnell eingreifen.<\/p>\n<p>                Das Polizeipr\u00e4sidium Mittelfranken weitet die mobile Video\u00fcberwachung im \u00f6ffentlichen Raum aus. Seit Mittwoch, 2. September, ist am Aufse\u00dfplatz ein Videoanh\u00e4nger in Betrieb. Es ist nach dem Nelson-Mandela-Platz der zweite in N\u00fcrnberg.<\/p>\n<p>Der Aufse\u00dfplatz z\u00e4hlt zu den am st\u00e4rksten frequentierten Pl\u00e4tzen der S\u00fcdstadt. In den vergangenen Monaten registrierte das Polizeipr\u00e4sidium Mittelfranken dort einen Anstieg an Straftaten sowie an Mitteilungen aus der Bev\u00f6lkerung. Im Mittelpunkt steht \u00fcberm\u00e4\u00dfiger Alkoholkonsum im \u00f6ffentlichen Raum. Die Begleiterscheinungen reichen von P\u00f6beleien und Streitereien bis hin zu K\u00f6rperverletzungsdelikten untereinander. Passanten, Anwohner und Gewerbetreibende werden dadurch immer wieder bel\u00e4stigt. Das Polizeipr\u00e4sidium Mittelfranken r\u00fcckte den Platz deshalb verst\u00e4rkt in den Fokus seiner Ma\u00dfnahmen, hei\u00dft es in der Meldung. Bereits im Dezember 2025 hat die Stadt N\u00fcrnberg in enger Abstimmung mit der Polizei eine Alkoholverbotszone erlassen, um die Sicherheit auf dem Platz zu verbessern.<\/p>\n<p>                                                        Das Ziel: Der N\u00fcrnberger Aufse\u00dfplatz soll sicherer werden<\/p>\n<p>Auf Grund dieser Entwicklung und ihres Einflusses auf das Sicherheitsgef\u00fchl der B\u00fcrgerinnen und B\u00fcrger verst\u00e4rkt das Polizeipr\u00e4sidium Mittelfranken im Rahmen des Projekts \u201eBayern 360\u00b0 Sicherheit\u201c die Ma\u00dfnahmen am Aufse\u00dfplatz. Der Videoanh\u00e4nger ist Teil dieses Ma\u00dfnahmenpakets. Ziel der Video\u00fcberwachung ist es, Sicherheitsst\u00f6rungen und Straftaten fr\u00fchzeitig zu erkennen, schnell einzuschreiten und diese konsequent zu verfolgen. Der Aufse\u00dfplatz soll damit f\u00fcr die Menschen in der S\u00fcdstadt sicherer werden.<\/p>\n<p>Am Nelson-Mandela-Platz und im angrenzenden Celtispark hat sich die mobile Video\u00fcberwachung seit ihrer Einrichtung bew\u00e4hrt. Die Sicherheitslage dort hat sich zuletzt positiv entwickelt. Die Video\u00fcberwachung ist dabei ein Baustein eines Gesamtkonzepts: Uniformierte und zivile Streifen, Schwerpunktkontrollen sowie die enge Zusammenarbeit mit der Stadt N\u00fcrnberg und der Staatsanwaltschaft N\u00fcrnberg-F\u00fcrth greifen ineinander.<\/p>\n<p>Polizeipr\u00e4sident Gernot Rochholz: \u201eWir gehen weiter konsequent gegen Straftaten und Sicherheitsst\u00f6rungen vor. Am Nelson-Mandela-Platz haben wir gesehen, dass unser Konzept aus Pr\u00e4senz, entschlossenem Einschreiten und Video\u00fcberwachung wirkt. Genau dieses Konzept versuchen wir jetzt an den Aufse\u00dfplatz zu bringen. Wer hier Straftaten begeht, muss wissen, dass wir ein Auge auf ihn haben und schnell einschreiten.\u201c<\/p>\n<p>Die Kameras des Anh\u00e4ngers sind schwenkbar und decken den Platz \u00fcber eine 360-Grad-Ansicht ab. Gro\u00dfen Wert legt die Polizei dabei auf den Datenschutz: Durch eine sogenannte Privatzonenausblendung werden Bereiche, die f\u00fcr die Sicherheit am Platz nicht relevant sind, ausgeblendet und nicht erfasst. Dazu z\u00e4hlen etwa Au\u00dfenbereiche der Gastronomie oder private Bereiche angrenzender Geb\u00e4ude. Die Video\u00fcberwachung erfolgt offen auf Grundlage des Polizeiaufgabengesetzes. Hinweisschilder vor Ort weisen auf die Aufnahmen hin.<\/p>\n<p><strong><a href=\"https:\/\/www.nn.de\/region\/polizeiberichte\" onclick=\"trackClickEventForLink(&#039;Article Link Click&#039;, &#039;Hier geht es zu allen aktuellen Polizeimeldungen.&#039;, &#039;&#039;, &#039;https:\/\/www.nn.de\/region\/polizeiberichte&#039;, &#039;1.15263308&#039;, &#039;Aufse\u00dfplatz im Fokus: Polizei nimmt zweiten Videoanh\u00e4nger in N\u00fcrnberg in Betrieb&#039;)\" rel=\"nofollow noopener\" target=\"_blank\">Hier geht es zu allen aktuellen Polizeimeldungen.<\/a><\/strong><\/p>\n","protected":false},"excerpt":{"rendered":"&#8211; Der Aufse\u00dfplatz in N\u00fcrnberg wird seit Mittwoch von einem Videoanh\u00e4nger \u00fcberwacht. Steigende Straftaten und St\u00f6rungen durch \u00fcberm\u00e4\u00dfigen&hellip;\n","protected":false},"author":2,"featured_media":1275785,"comment_status":"","ping_status":"","sticky":false,"template":"","format":"standard","meta":{"footnotes":"","_share_on_mastodon":"0"},"categories":[1837],"tags":[772,3364,29,30,3783],"class_list":["post-1275784","post","type-post","status-publish","format-standard","has-post-thumbnail","category-nuernberg","tag-bayern","tag-de","tag-deutschland","tag-germany","tag-nuernberg"],"share_on_mastodon":{"url":"https:\/\/pubeurope.com\/@de\/117201399294767921","error":""},"_links":{"self":[{"href":"https:\/\/www.europesays.com\/de\/wp-json\/wp\/v2\/posts\/1275784","targetHints":{"allow":["GET"]}}],"collection":[{"href":"https:\/\/www.europesays.com\/de\/wp-json\/wp\/v2\/posts"}],"about":[{"href":"https:\/\/www.europesays.com\/de\/wp-json\/wp\/v2\/types\/post"}],"author":[{"embeddable":true,"href":"https:\/\/www.europesays.com\/de\/wp-json\/wp\/v2\/users\/2"}],"replies":[{"embeddable":true,"href":"https:\/\/www.europesays.com\/de\/wp-json\/wp\/v2\/comments?post=1275784"}],"version-history":[{"count":0,"href":"https:\/\/www.europesays.com\/de\/wp-json\/wp\/v2\/posts\/1275784\/revisions"}],"wp:featuredmedia":[{"embeddable":true,"href":"https:\/\/www.europesays.com\/de\/wp-json\/wp\/v2\/media\/1275785"}],"wp:attachment":[{"href":"https:\/\/www.europesays.com\/de\/wp-json\/wp\/v2\/media?parent=1275784"}],"wp:term":[{"taxonomy":"category","embeddable":true,"href":"https:\/\/www.europesays.com\/de\/wp-json\/wp\/v2\/categories?post=1275784"},{"taxonomy":"post_tag","embeddable":true,"href":"https:\/\/www.europesays.com\/de\/wp-json\/wp\/v2\/tags?post=1275784"}],"curies":[{"name":"wp","href":"https:\/\/api.w.org\/{rel}","templated":true}]}}