{"id":1275810,"date":"2026-09-02T12:36:17","date_gmt":"2026-09-02T12:36:17","guid":{"rendered":"https:\/\/www.europesays.com\/de\/1275810\/"},"modified":"2026-09-02T12:36:17","modified_gmt":"2026-09-02T12:36:17","slug":"cerro-abajo-mountainbiker-rasen-durch-stuttgart","status":"publish","type":"post","link":"https:\/\/www.europesays.com\/de\/1275810\/","title":{"rendered":"Cerro Abajo: Mountainbiker rasen durch Stuttgart"},"content":{"rendered":"<p>Am Wochenende wird es in Stuttgart spektakul\u00e4r: Beim Downhill-Rennen Cerro Abajo rasen Mountainbikerinnen und Mountainbiker aus der ganzen Welt erstmals durch die Landeshauptstadt. Die Route f\u00fchrt sie vom Wei\u00dfenburgpark bis zum Wilhelmsplatz. <\/p>\n<p>Parkverbote wegen Radrennen in Stuttgart<\/p>\n<p>Die Fahrerinnen und Fahrer rasen mit bis zu Tempo 60 \u00fcber die etwa 1,2 Kilometer lange Strecke. Damit sie ungehindert verschiedene Hindernisse \u00fcberwinden k\u00f6nnen, kommt es zu Einschr\u00e4nkungen f\u00fcr Anwohnerinnen und Anwohner. Entlang des Streckenverlaufs gelten deshalb teilweise schon seit dem 28. August Parkverbote. Eine \u00dcbersicht, wann und wo was gilt, <a href=\"https:\/\/img.redbull.com\/image\/upload\/redbullcom\/2026\/8\/31\/wvldnhnnqpjdjsp7ssqd\" class=\"link link-inline inline-link\" title=\"Parkverbote Cerro Abajo\" target=\"_blank\" rel=\"external noopener noreferrer nofollow\" data-pjax=\"0\">gibt es hier<\/a>. <\/p>\n<p>Mountainbike-Rennen: &#8222;W\u00fcrde sagen, alle sind begeistert&#8220;<\/p>\n<p>Mehrere Anwohner zeigen sich trotz der Einschr\u00e4nkungen erfreut \u00fcber das bevorstehende Event. &#8222;Das ist eine super Sache. Ich w\u00fcrde sagen, alle sind begeistert&#8220;, erz\u00e4hlt ein Stuttgarter. &#8222;Mein Wohnzimmer ist Richtung Mozartplatz&#8220;, erg\u00e4nzt ein anderer. &#8222;Das ist jetzt zwar durch die Absperrungen und Toilettenh\u00e4uschen weniger sch\u00f6n, aber man kann hier bestimmt gut dieses Event verfolgen.&#8220; Eine Stuttgarterin sagt wiederum, sie freue sich vor allem auf die sechs Frauen im Starterfeld. Das beweise, dass der anspruchsvolle Kurs mit etwa 130 H\u00f6henmetern nicht nur etwas f\u00fcr M\u00e4nner sei. <\/p>\n<p>Cerro Abajo am Sonntag live im SWR <\/p>\n<p>Los geht das Cerro Abajo am Samstag ab 13:30 Uhr. Den kompletten Zeitplan <a href=\"https:\/\/www.redbull.com\/de-de\/events\/red-bull-stuttgart-cerro-abajo\/red-bull-cerro-abajo-zeitplan\" class=\"link link-inline inline-link\" title=\"Zeitplan Cerro Abajo\" target=\"_blank\" rel=\"external noopener noreferrer nofollow\" data-pjax=\"0\">gibt es hier<\/a>. Am Sonntag \u00fcbertr\u00e4gt der SWR das Finale live im Fernsehen und im Stream:<\/p>\n<p>SSB setzt lange Stadtbahnen ein<\/p>\n<p>Wer am Samstag und Sonntag nicht von zuhause aus zuschauen kann, sollte am besten mit den \u00f6ffentlichen Verkehrsmitteln anreisen, r\u00e4t der Veranstalter. Am Sonntag setzt die SSB auf den Linien U6, U7 und U12 extra lange Z\u00fcge ein. Ansonsten d\u00fcrfte das Rennen den \u00f6ffentlichen Nahverkehr kaum behindern, sch\u00e4tzt das Verkehrsunternehmen. Lediglich die Buslinien 43 und 44 sollen wegen Stra\u00dfensperrungen am Wochenende umgeleitet werden.<\/p>\n<p>Autofahrerinnen und -fahrer m\u00fcssen sich auf deutlich gr\u00f6\u00dfere Einschr\u00e4nkungen einstellen. <a href=\"https:\/\/www.redbull.com\/de-de\/events\/red-bull-stuttgart-cerro-abajo\/red-bull-cerro-abajo-faq#2-infos-fur-anwohnende\" class=\"link link-inline inline-link\" title=\"Cerro Abajo Infos Anwohner\" target=\"_blank\" rel=\"external noopener noreferrer nofollow\" data-pjax=\"0\">Laut Veranstalter<\/a> werden insbesondere der Startbereich im Wei\u00dfenburgpark, die Fu\u00dfwege in der Bopseranlage, der Carola-Blume-Weg, die Bopserstra\u00dfe, der Mozartplatz, die Schlosserstra\u00dfe und der Zielbereich am Wilhelmsplatz inklusive der Wilhelmstra\u00dfe gesperrt. Au\u00dferdem m\u00fcssen querende Stra\u00dfen in bestimmten Abschnitten gesperrt werden, darunter die Hohenheimer Stra\u00dfe (B27). Umleitungen <a href=\"https:\/\/www.stuttgart.de\/pressemitteilungen\/2026\/september\/deutschlandpremiere-von-red-bull-cerro-abajo-in-stuttgart-die-stadt-gibt-tipps-fuer-fans-und-hinweise-zum-verkehr-7154658\" class=\"link link-inline inline-link\" title=\"Stadt gibt Tipps f\u00fcr Fans\" target=\"_blank\" rel=\"external noopener noreferrer nofollow\" data-pjax=\"0\">werden laut Stadt Stuttgart ausgeschildert<\/a>.<\/p>\n<p>Unsere Artikel gezielt bei Google anzeigen lassen<\/p>\n<p>Wenn Sie bei Google nach Informationen suchen, werden Ihnen bestimmte Nachrichten in der sogenannten Schlagzeilen-Box angezeigt. Welche das sind, k\u00f6nnen Sie jetzt direkt mitbestimmen.<\/p>\n<p>Wenn Sie SWR Aktuell als bevorzugte Quelle hinterlegen, bekommen Sie unsere Inhalte auch \u00f6fter ausgespielt. Wie das genau geht, erkl\u00e4ren wir Ihnen <a href=\"https:\/\/www.swr.de\/home\/swr-bevorzugte-quelle-google-100.html\" class=\"link link-inline inline-link\" title=\"Immer top informiert sein - Jetzt SWR als &quot;Bevorzugte Quelle&quot; bei Google hinzuf\u00fcgen\" rel=\"nofollow noopener\" target=\"_blank\">hier<\/a>.<\/p>\n<p>\u2192 Hier k\u00f6nnen Sie <a href=\"https:\/\/1.ard.de\/preferedsources\" class=\"link link-inline inline-link\" title=\"Google\" target=\"_blank\" rel=\"noopener nofollow\" data-pjax=\"0\">SWR Aktuell als Ihre bevorzugte Quelle einstellen<\/a>.<\/p>\n","protected":false},"excerpt":{"rendered":"Am Wochenende wird es in Stuttgart spektakul\u00e4r: Beim Downhill-Rennen Cerro Abajo rasen Mountainbikerinnen und Mountainbiker aus der ganzen&hellip;\n","protected":false},"author":2,"featured_media":1275811,"comment_status":"","ping_status":"","sticky":false,"template":"","format":"standard","meta":{"footnotes":"","_share_on_mastodon":"0"},"categories":[1830],"tags":[1634,3364,29,30,1441],"class_list":["post-1275810","post","type-post","status-publish","format-standard","has-post-thumbnail","category-stuttgart","tag-baden-wuerttemberg","tag-de","tag-deutschland","tag-germany","tag-stuttgart"],"share_on_mastodon":{"url":"https:\/\/pubeurope.com\/@de\/117201481612328982","error":""},"_links":{"self":[{"href":"https:\/\/www.europesays.com\/de\/wp-json\/wp\/v2\/posts\/1275810","targetHints":{"allow":["GET"]}}],"collection":[{"href":"https:\/\/www.europesays.com\/de\/wp-json\/wp\/v2\/posts"}],"about":[{"href":"https:\/\/www.europesays.com\/de\/wp-json\/wp\/v2\/types\/post"}],"author":[{"embeddable":true,"href":"https:\/\/www.europesays.com\/de\/wp-json\/wp\/v2\/users\/2"}],"replies":[{"embeddable":true,"href":"https:\/\/www.europesays.com\/de\/wp-json\/wp\/v2\/comments?post=1275810"}],"version-history":[{"count":0,"href":"https:\/\/www.europesays.com\/de\/wp-json\/wp\/v2\/posts\/1275810\/revisions"}],"wp:featuredmedia":[{"embeddable":true,"href":"https:\/\/www.europesays.com\/de\/wp-json\/wp\/v2\/media\/1275811"}],"wp:attachment":[{"href":"https:\/\/www.europesays.com\/de\/wp-json\/wp\/v2\/media?parent=1275810"}],"wp:term":[{"taxonomy":"category","embeddable":true,"href":"https:\/\/www.europesays.com\/de\/wp-json\/wp\/v2\/categories?post=1275810"},{"taxonomy":"post_tag","embeddable":true,"href":"https:\/\/www.europesays.com\/de\/wp-json\/wp\/v2\/tags?post=1275810"}],"curies":[{"name":"wp","href":"https:\/\/api.w.org\/{rel}","templated":true}]}}