{"id":1275812,"date":"2026-09-02T12:37:17","date_gmt":"2026-09-02T12:37:17","guid":{"rendered":"https:\/\/www.europesays.com\/de\/1275812\/"},"modified":"2026-09-02T12:37:17","modified_gmt":"2026-09-02T12:37:17","slug":"vfb-stuttgart-nach-chema-abgang-hoeness-hat-jetzt-ein-sechser-problem-sport","status":"publish","type":"post","link":"https:\/\/www.europesays.com\/de\/1275812\/","title":{"rendered":"VfB Stuttgart: Nach Chema-Abgang! Hoene\u00df hat jetzt ein Sechser-Problem | Sport"},"content":{"rendered":"<p><a class=\"skip-content skip-content--link\" href=\"#in-content-skip-link-target-v-0-0\">TTS-Player \u00fcberspringen\u21b5<\/a><a id=\"in-content-skip-link-target-v-0-0\" class=\"skip-content--target-link-hidden skip-content skip-content--target-link\" href=\"#in-content-skip-link-target-v-0-0\">Artikel weiterlesen<\/a><\/p>\n<p>Stuttgart\u00a0\u2013 <b>Der Last-Minute-Verkauf von Chema (21\/f\u00fcr rund 25 Mio. Euro zu Brighton) f\u00fcllt zwar die Kassen. Daf\u00fcr hat der VfB jetzt ein Sechser-Problem, das Trainer Sebastian Hoene\u00df (44) dringend l\u00f6sen muss. <\/b><\/p>\n<p>Dabei ist die Hierarchie im defensiven Mittelfeld klar. DFB-Star Angelo Stiller (25) ist gesetzt. An seiner Seite spielt Routinier Grischa Pr\u00f6mel (31), der abl\u00f6sefrei aus Hoffenheim kam. Hoene\u00df\u2019 Wunschspieler hat sich mit seiner Pr\u00e4senz und Laufst\u00e4rke auf Anhieb festgespielt. Bleibt noch Atakan Karazor (29), der sich in der vergangenen Saison mit Chema auf der Sechs abgewechselt hat. Durch den Pr\u00f6mel-Deal hat der Deutsch-T\u00fcrke nicht nur seinen Platz im Team, sondern nach zwei Jahren auch die Kapit\u00e4nsbinde an Deniz Undav (30) verloren. Der VfB h\u00e4tte Karazor diesen Sommer abgegeben. <a href=\"https:\/\/www.bild.de\/sport\/fussball\/vfb-stuttgart-5-mio-euro-angebot-ex-kapitaen-atakan-karazor-sagt-vfb-abgang-ab-6a954e85d7e51a6452b9e9d9\" rel=\"nofollow noopener\" class=\"text-link\" target=\"_blank\">W\u00e4hrend Samsunspor (T\u00fcrkei) vier Mio. Euro geboten hat, war Saudi-Klub Al-Shabab sogar bereit, f\u00fcnf Mio. Euro auf den Tisch zu legen<\/a>. Karazor selbst h\u00e4tte sein Gehalt verdoppeln k\u00f6nnen, wollte aber beim VfB bleiben\u00a0\u2013 und sagte ab.<\/p>\n<p>Mehr zum Thema<\/p>\n<p>Ganz im Gegensatz zu Chema, der mit seinem <a href=\"https:\/\/www.bild.de\/sport\/fussball\/ueberraschender-abgang-aus-der-bundesliga-fuer-25-millionen-euro-6a96f3f7d32756d4be19bc48\" rel=\"nofollow noopener\" class=\"text-link\" target=\"_blank\">Wechsel in die Premier League<\/a> die n\u00e4chste Stufe auf der Karriereleiter erklimmt\u00a0\u2013 und beim <a href=\"https:\/\/www.bild.de\/sport\/fussball\/vfb-stuttgart\/startseite-stuttgart-31074430.bild.html\" rel=\"nofollow noopener\" class=\"text-link\" target=\"_blank\">VfB<\/a> die Kasse klingeln l\u00e4sst! Im vergangenen Sommer f\u00fcr drei Mio. Euro von Real Madrid geholt, bringt Chema jetzt fast das Achtfache. Dabei war der spanische U21-Nationalspieler in der abgelaufenen Saison mehr Erg\u00e4nzungs- als Stammspieler. Mit Stiller, Pr\u00f6mel und Karazor hat Hoene\u00df jetzt drei erfahrene Spieler f\u00fcr die Doppelsechs. <\/p>\n<p>Top-Talent im Fokus<\/p>\n<p>Falls es doch mal eng werden sollte, k\u00f6nnte der Trainer das Sechser-Problem auch mit einem Talent l\u00f6sen: Nach dem Chema-Abgang und dem <a href=\"https:\/\/www.bild.de\/sport\/fussball\/vfb-stuttgart-auch-hoffenheim-interessiert-talent-mirza-catovic-wechselt-zu-barca-6a956554e93222a77575e750\" rel=\"nofollow noopener\" class=\"text-link\" target=\"_blank\">Leihwechsel von Mirza Catovic (19) zum FC Barcelona<\/a> liegt der Fokus auf Yannik Spalt (18). Der \u00d6sterreicher hinterlie\u00df in der Vorbereitung einen guten Eindruck, und bekam im Trainingslager viel Lob. Jetzt muss er zeigen, dass er zumindest ein Teil der L\u00f6sung f\u00fcr das Sechser-Problem sein kann.<\/p>\n","protected":false},"excerpt":{"rendered":"TTS-Player \u00fcberspringen\u21b5Artikel weiterlesen Stuttgart\u00a0\u2013 Der Last-Minute-Verkauf von Chema (21\/f\u00fcr rund 25 Mio. Euro zu Brighton) f\u00fcllt zwar die&hellip;\n","protected":false},"author":2,"featured_media":1275813,"comment_status":"","ping_status":"","sticky":false,"template":"","format":"standard","meta":{"footnotes":"","_share_on_mastodon":"0"},"categories":[1830],"tags":[1634,299,468,3364,29,347,30,3861,61060,1470,55680,1441,2915,14882,14881],"class_list":["post-1275812","post","type-post","status-publish","format-standard","has-post-thumbnail","category-stuttgart","tag-baden-wuerttemberg","tag-bundesliga","tag-champions-league","tag-de","tag-deutschland","tag-fussball","tag-germany","tag-hoeness-sebastian","tag-karazor-atakan","tag-sport-leuchtturm-muenchen","tag-stiller-angelo","tag-stuttgart","tag-vfb-stuttgart","tag-wehrle-alexander","tag-wohlgemuth-fabian"],"share_on_mastodon":{"url":"https:\/\/pubeurope.com\/@de\/117201485720338839","error":""},"_links":{"self":[{"href":"https:\/\/www.europesays.com\/de\/wp-json\/wp\/v2\/posts\/1275812","targetHints":{"allow":["GET"]}}],"collection":[{"href":"https:\/\/www.europesays.com\/de\/wp-json\/wp\/v2\/posts"}],"about":[{"href":"https:\/\/www.europesays.com\/de\/wp-json\/wp\/v2\/types\/post"}],"author":[{"embeddable":true,"href":"https:\/\/www.europesays.com\/de\/wp-json\/wp\/v2\/users\/2"}],"replies":[{"embeddable":true,"href":"https:\/\/www.europesays.com\/de\/wp-json\/wp\/v2\/comments?post=1275812"}],"version-history":[{"count":0,"href":"https:\/\/www.europesays.com\/de\/wp-json\/wp\/v2\/posts\/1275812\/revisions"}],"wp:featuredmedia":[{"embeddable":true,"href":"https:\/\/www.europesays.com\/de\/wp-json\/wp\/v2\/media\/1275813"}],"wp:attachment":[{"href":"https:\/\/www.europesays.com\/de\/wp-json\/wp\/v2\/media?parent=1275812"}],"wp:term":[{"taxonomy":"category","embeddable":true,"href":"https:\/\/www.europesays.com\/de\/wp-json\/wp\/v2\/categories?post=1275812"},{"taxonomy":"post_tag","embeddable":true,"href":"https:\/\/www.europesays.com\/de\/wp-json\/wp\/v2\/tags?post=1275812"}],"curies":[{"name":"wp","href":"https:\/\/api.w.org\/{rel}","templated":true}]}}