{"id":1275814,"date":"2026-09-02T12:38:18","date_gmt":"2026-09-02T12:38:18","guid":{"rendered":"https:\/\/www.europesays.com\/de\/1275814\/"},"modified":"2026-09-02T12:38:18","modified_gmt":"2026-09-02T12:38:18","slug":"pol-f-260902-1127-frankfurt-innenstadt-versuchter-totschlag-zeugenaufruf-nach","status":"publish","type":"post","link":"https:\/\/www.europesays.com\/de\/1275814\/","title":{"rendered":"POL-F: 260902 &#8211; 1127 Frankfurt &#8211; Innenstadt: Versuchter Totschlag &#8211; Zeugenaufruf nach &#8230;"},"content":{"rendered":"<p class=\"date\">02.09.2026 \u2013 13:32<\/p>\n<p class=\"customer\">\n                        <a class=\"story-customer\" title=\"weiter zum newsroom von Polizeipr\u00e4sidium Frankfurt am Main\" href=\"https:\/\/www.presseportal.de\/blaulicht\/nr\/4970\" rel=\"nofollow noopener\" target=\"_blank\">Polizeipr\u00e4sidium Frankfurt am Main<\/a>\n                    <\/p>\n<p><a data-category=\"citylink-story-view\" data-action=\"click\" data-label=\"Citylink in Meldungsansicht\" class=\"story-city event-trigger\" href=\"https:\/\/www.presseportal.de\/regional\/Frankfurt\" title=\"News aus Frankfurt \" rel=\"nofollow noopener\" target=\"_blank\">Frankfurt<\/a> (ots)<\/p>\n<p>(ma) Am fr\u00fchen Sonntagmorgen (30. August 2026) ereignete sich eine gr\u00f6\u00dfere Auseinandersetzung unter mehreren Personen, bei der drei M\u00e4nner, einer davon schwer, verletzt wurden. Die Polizei sucht Zeugen.<\/p>\n<p>Nach bisherigem Ermittlungsstand sollen sich die sp\u00e4teren Gesch\u00e4digten gegen 02:25 Uhr fu\u00dfl\u00e4ufig im Bereich der B\u00f6rsenstra\u00dfe (H\u00f6he Parkhaus B\u00f6rse) befunden haben. Hier sei die sechsk\u00f6pfige Gruppe auf zwei Tatverd\u00e4chtige getroffen, welche im weiteren Verlauf eine Pfefferpistole gezogen und auf drei Personen der Gruppe geschossen haben sollen.<\/p>\n<p>Im weiteren Verlauf sollen die beiden Tatverd\u00e4chtigen zun\u00e4chst die \u00d6rtlichkeit verlassen und kurz darauf mit mindestens vier weiteren M\u00e4nnern zur\u00fcckgekehrt sein. Diese h\u00e4tten die Gruppe erneut angegriffen und unter anderem einen 24-J\u00e4hrigen im Bereich B\u00f6rsenstra\u00dfe\/ Meisengasse, mutma\u00dflich unter Einsatz eines Teleskopschlagstocks sowie eines Stichwerkzeugs, schwer verletzt.<\/p>\n<p>Anschlie\u00dfend fl\u00fcchteten die Tatverd\u00e4chtigen fu\u00dfl\u00e4ufig in Richtung Meisengasse.<\/p>\n<p>Der 24-J\u00e4hrige musste in ein umliegendes Krankenhaus gebracht werden.<\/p>\n<p>Die Fachdienststelle hat die Ermittlungen aufgenommen und bittet Zeugen, die Angaben zum Sachverhalt oder den Tatverd\u00e4chtigen machen k\u00f6nnen, sich unter der Rufnummer 069\/ 755 98399 oder bei jeder anderen Polizeidienststelle zu melden.<\/p>\n<p class=\"contact-headline\">R\u00fcckfragen bitte an:<\/p>\n<p class=\"contact-text\">Polizeipr\u00e4sidium Frankfurt am Main<br \/>Pressestelle<br \/>Adickesallee 70<br \/>60322 Frankfurt am Main<br \/>Telefon: 069 \/ 755-82110 (CvD)<br \/>Fax: 069 \/ 755-82009<br \/>E-Mail: <a href=\"https:\/\/www.presseportal.de\/blaulicht\/pm\/4970\/mailto:pressestelle.ppffm@polizei.hessen.de\" class=\"uri-mailto\" rel=\"nofollow noopener\" target=\"_blank\">pressestelle.ppffm@polizei.hessen.de<\/a><br \/>Homepage Polizeipr\u00e4sidium Ffm.: <a target=\"_blank\" class=\"uri-ext outbound\" rel=\"noopener nofollow\" href=\"http:\/\/www.polizei.hessen.de\/ppffm\">http:\/\/www.polizei.hessen.de\/ppffm<\/a><\/p>\n<p class=\"originator\">Original-Content von: Polizeipr\u00e4sidium Frankfurt am Main, \u00fcbermittelt durch news aktuell<\/p>\n","protected":false},"excerpt":{"rendered":"02.09.2026 \u2013 13:32 Polizeipr\u00e4sidium Frankfurt am Main Frankfurt (ots) (ma) Am fr\u00fchen Sonntagmorgen (30. August 2026) ereignete sich&hellip;\n","protected":false},"author":2,"featured_media":1266941,"comment_status":"","ping_status":"","sticky":false,"template":"","format":"standard","meta":{"footnotes":"","_share_on_mastodon":"0"},"categories":[1829],"tags":[29,2050,2051,30,1087,2052,177,121,178,180,179,181],"class_list":["post-1275814","post","type-post","status-publish","format-standard","has-post-thumbnail","category-frankfurt-am-main","tag-deutschland","tag-frankfurt","tag-frankfurt-am-main","tag-germany","tag-he","tag-hessen","tag-kriminalitt","tag-polizei","tag-presse","tag-pressemeldung","tag-pressemitteilung","tag-pressemitteilungen"],"share_on_mastodon":{"url":"https:\/\/pubeurope.com\/@de\/117201489536477899","error":""},"_links":{"self":[{"href":"https:\/\/www.europesays.com\/de\/wp-json\/wp\/v2\/posts\/1275814","targetHints":{"allow":["GET"]}}],"collection":[{"href":"https:\/\/www.europesays.com\/de\/wp-json\/wp\/v2\/posts"}],"about":[{"href":"https:\/\/www.europesays.com\/de\/wp-json\/wp\/v2\/types\/post"}],"author":[{"embeddable":true,"href":"https:\/\/www.europesays.com\/de\/wp-json\/wp\/v2\/users\/2"}],"replies":[{"embeddable":true,"href":"https:\/\/www.europesays.com\/de\/wp-json\/wp\/v2\/comments?post=1275814"}],"version-history":[{"count":0,"href":"https:\/\/www.europesays.com\/de\/wp-json\/wp\/v2\/posts\/1275814\/revisions"}],"wp:featuredmedia":[{"embeddable":true,"href":"https:\/\/www.europesays.com\/de\/wp-json\/wp\/v2\/media\/1266941"}],"wp:attachment":[{"href":"https:\/\/www.europesays.com\/de\/wp-json\/wp\/v2\/media?parent=1275814"}],"wp:term":[{"taxonomy":"category","embeddable":true,"href":"https:\/\/www.europesays.com\/de\/wp-json\/wp\/v2\/categories?post=1275814"},{"taxonomy":"post_tag","embeddable":true,"href":"https:\/\/www.europesays.com\/de\/wp-json\/wp\/v2\/tags?post=1275814"}],"curies":[{"name":"wp","href":"https:\/\/api.w.org\/{rel}","templated":true}]}}