{"id":1275815,"date":"2026-09-02T12:39:13","date_gmt":"2026-09-02T12:39:13","guid":{"rendered":"https:\/\/www.europesays.com\/de\/1275815\/"},"modified":"2026-09-02T12:39:13","modified_gmt":"2026-09-02T12:39:13","slug":"neubig-glaenzt-am-lichtgewehr-oberbernbacher-talent-schafft-es-zur-deutschen-meisterschaft","status":"publish","type":"post","link":"https:\/\/www.europesays.com\/de\/1275815\/","title":{"rendered":"Neubig gl\u00e4nzt am Lichtgewehr: Oberbernbacher Talent schafft es zur deutschen Meisterschaft"},"content":{"rendered":"<p class=\"mb-6 text-xs-varying md:text-m lg:text-l font-serif group-[.font-sans]:font-sans \">\n    Die Vereinigte Sch\u00fctzengesellschaft Oberbernbach hat einmal mehr ein gro\u00dfes Talent am Lichtgewehr in ihren Reihen. Immer wieder erzielten Nachwuchssch\u00fctzinnen und -sch\u00fctzen in den vergangenen Jahren sehr gute Ergebnisse. 2022 etwa wurde Kerstin Stegmayer Oberbayerische Meisterin mit 146 Ringen. Ein Jahr sp\u00e4ter gelang es ihr gar, den Titel zu verteidigen (181 Ringe).\n  <\/p>\n<p class=\"mb-6 text-xs-varying md:text-m lg:text-l font-serif group-[.font-sans]:font-sans \">\n    Mit Julian Neubig lie\u00df nun der n\u00e4chste Jugendsportler der Oberbernbacher aufhorchen. Neubig steht seit zwei Jahren f\u00fcr die VSG am Schie\u00dfstand. In dieser kurzen Zeit hat er schon beachtliche Erfolge verbucht. In der laufenden Saison schie\u00dft er in der Klasse Lichtgewehr Sch\u00fcler II m. Bei der Gaumeisterschaft \u2013 Neubig wurde Dritter (138 Ringe) \u2013 qualifizierte sich der Youngster f\u00fcr die oberbayerischen Titelk\u00e4mpfe auf der Olympia-Schie\u00dfanlage in M\u00fcnchen-Hochbr\u00fcck. Gut eingestellt von den Oberbernbacher Jugendtrainern, erreichte der junge Sch\u00fctze mit 153 Ringen Platz 17 und l\u00f6ste damit das Ticket f\u00fcr die bayerischen Meisterschaften.\n  <\/p>\n<p>            Deutsche Meisterschaft in Frankfurt am Main<\/p>\n<p class=\"mb-6 text-xs-varying md:text-m lg:text-l font-serif group-[.font-sans]:font-sans \">\n    Im 340 Kilometer entfernten Haibach bei Aschaffenburg ging es f\u00fcr den Nachwuchssch\u00fctzen darum, sich f\u00fcr die deutschen Meisterschaften zu qualifizieren. In der dortigen Kultur- und Sporthalle steigerte Neubig seine Ringzahl abermals, wurde ebenfalls 17. mit 168 Ringen. Dadurch t\u00fctete er die Teilnahme an den Wettk\u00e4mpfen in Frankfurt am Main ein. Neubig wollte dort nicht nur dabei sein, sondern auch erfolgreich abschneiden. Daher absolvierte in den zwei Wochen vor der Meisterschaft zus\u00e4tzliche Trainingseinheiten.\n  <\/p>\n<p class=\"mb-6 text-xs-varying md:text-m lg:text-l font-serif group-[.font-sans]:font-sans \">\n    Am Tag vor dem Wettkampf reiste er somit top vorbereitet mit seinen Eltern und seinem Bruder in die Mainmetropole. Die Meisterschaften begannen mit den Probesch\u00fcssen. Der Oberbernbacher war von Beginn an hochkonzentriert. Und wurde belohnt. Neubig erreichte unter den 110 Teilnehmern einen beachtlichen 28. Platz mit 167 Ringen. (AZ)\n  <\/p>\n","protected":false},"excerpt":{"rendered":"Die Vereinigte Sch\u00fctzengesellschaft Oberbernbach hat einmal mehr ein gro\u00dfes Talent am Lichtgewehr in ihren Reihen. Immer wieder erzielten&hellip;\n","protected":false},"author":2,"featured_media":1275816,"comment_status":"","ping_status":"","sticky":false,"template":"","format":"standard","meta":{"footnotes":"","_share_on_mastodon":"0"},"categories":[1829],"tags":[29,2050,2051,30,2052,8259,263297,263296,14657,263295,13025,211316,91901],"class_list":["post-1275815","post","type-post","status-publish","format-standard","has-post-thumbnail","category-frankfurt-am-main","tag-deutschland","tag-frankfurt","tag-frankfurt-am-main","tag-germany","tag-hessen","tag-jugendarbeit","tag-kerstin-stegmayer","tag-lichtgewehr","tag-main","tag-oberbernbach","tag-olympische-spiele","tag-schuetzengesellschaft","tag-titelkampf"],"share_on_mastodon":{"url":"https:\/\/pubeurope.com\/@de\/117201493275324530","error":""},"_links":{"self":[{"href":"https:\/\/www.europesays.com\/de\/wp-json\/wp\/v2\/posts\/1275815","targetHints":{"allow":["GET"]}}],"collection":[{"href":"https:\/\/www.europesays.com\/de\/wp-json\/wp\/v2\/posts"}],"about":[{"href":"https:\/\/www.europesays.com\/de\/wp-json\/wp\/v2\/types\/post"}],"author":[{"embeddable":true,"href":"https:\/\/www.europesays.com\/de\/wp-json\/wp\/v2\/users\/2"}],"replies":[{"embeddable":true,"href":"https:\/\/www.europesays.com\/de\/wp-json\/wp\/v2\/comments?post=1275815"}],"version-history":[{"count":0,"href":"https:\/\/www.europesays.com\/de\/wp-json\/wp\/v2\/posts\/1275815\/revisions"}],"wp:featuredmedia":[{"embeddable":true,"href":"https:\/\/www.europesays.com\/de\/wp-json\/wp\/v2\/media\/1275816"}],"wp:attachment":[{"href":"https:\/\/www.europesays.com\/de\/wp-json\/wp\/v2\/media?parent=1275815"}],"wp:term":[{"taxonomy":"category","embeddable":true,"href":"https:\/\/www.europesays.com\/de\/wp-json\/wp\/v2\/categories?post=1275815"},{"taxonomy":"post_tag","embeddable":true,"href":"https:\/\/www.europesays.com\/de\/wp-json\/wp\/v2\/tags?post=1275815"}],"curies":[{"name":"wp","href":"https:\/\/api.w.org\/{rel}","templated":true}]}}