{"id":1275817,"date":"2026-09-02T12:40:20","date_gmt":"2026-09-02T12:40:20","guid":{"rendered":"https:\/\/www.europesays.com\/de\/1275817\/"},"modified":"2026-09-02T12:40:20","modified_gmt":"2026-09-02T12:40:20","slug":"harry-potter-spektakel-in-nrw-stadt-1-200-drohnen-erleuchten-nachthimmel-2","status":"publish","type":"post","link":"https:\/\/www.europesays.com\/de\/1275817\/","title":{"rendered":"Harry-Potter-Spektakel in NRW-Stadt: 1.200 Drohnen erleuchten Nachthimmel"},"content":{"rendered":"<ol class=\"id-DonaldBreadcrumb lp_west_breadcrumb id-DonaldBreadcrumb--default\" data-k5a-pos=\"west_breadcrumb\">\n<li class=\"id-Breadcrumb-item\"><a href=\"https:\/\/www.ruhr24.de\/\" class=\"id-Breadcrumb-link\" data-id-ec=\"{\" shn=\"\" textlink=\"\" data-k5a-pos=\"1_ruhr24\" rel=\"nofollow noopener\" target=\"_blank\">ruhr24<\/a><\/li>\n<li class=\"id-Breadcrumb-item\"><a href=\"https:\/\/www.ruhr24.de\/nrw\/\" class=\"id-Breadcrumb-link\" data-id-ec=\"{\" shn=\"\" textlink=\"\" data-k5a-pos=\"2_nrw\" rel=\"nofollow noopener\" target=\"_blank\">NRW<\/a><\/li>\n<li class=\"id-Breadcrumb-item\"><a href=\"https:\/\/www.ruhr24.de\/nrw\/freizeit-in-nrw\/\" class=\"id-Breadcrumb-link\" data-id-ec=\"{\" shn=\"\" textlink=\"\" in=\"\" nrw=\"\" data-k5a-pos=\"3_freizeitInNrw\" rel=\"nofollow noopener\" target=\"_blank\">Freizeit in NRW<\/a><\/li>\n<\/ol>\n<p class=\"id-Story-timestamp id-Story-timestamp--default\">Stand: 02.09.2026, 14:29 Uhr<\/p>\n<p class=\"id-Story-authors id-Story-authors--default\">Von: <a class=\"id-Story-authors-link lp_west_author\" href=\"https:\/\/www.ruhr24.de\/autor\/tobias-arnold-zdt0jd34e.html\" title=\"Zur Autorenseite von Tobias Arnold\" data-id-ec=\"{\" shn=\"\" author-link=\"\" arnold=\"\" data-k5a-pos=\"west_author\" rel=\"nofollow noopener\" target=\"_blank\">Tobias Arnold<\/a><\/p>\n<p class=\"id-Story-interactionBar id-Story-interactionBar--default\">DruckenTeilen<\/p>\n<p><a href=\"https:\/\/profile.google.com\/cp\/Cg0vZy8xMWxka2hqNmI1GgA\" class=\"id-Story-googleFollowButton id-Story-googleFollowButton--default\" target=\"_blank\" data-id-ec=\"{\" shn=\"\" google-follow=\"\" auf=\"\" google=\"\" folgen=\"\" rel=\"nofollow noopener\">Uns auf Google folgen<\/a><img decoding=\"async\" class=\"id-RatioPlaceholder-element wv_story_el_image\" src=\"https:\/\/www.europesays.com\/de\/wp-content\/uploads\/2026\/09\/43925938-harry-potter-drone-show-J7a.jpg\" loading=\"eager\" fetchpriority=\"high\"   height=\"792\" width=\"1408\" alt=\"Harry Potter Drone Show \"\/>Eine Harry-Potter-Show findet Anfang September in NRW statt. \u00a9\u00a0Ben Montgomery\/News Licensing\/Imago<\/p>\n<p class=\"id-StoryElement-leadText\">Zauberstab statt Feuerwerk: Anfang September steigen \u00fcber NRW 1.200 leuchtende Drohnen auf \u2013 und formen Szenen aus der Welt von Harry Potter.<\/p>\n<p class=\"id-StoryElement-paragraph\">K\u00f6ln \u2013 1.200 synchronisierte Drohnen fliegen \u00fcber den Nachthimmel und zeichnen bekannte Motive aus den <a href=\"https:\/\/www.ruhr24.de\/tv-streaming\/harry-potter-hogwarts-serie-besetzung-buchvorlage-charlie-weasley-peeves-flamel-durden-ehepaar-hbo-max-94395091.html\" class=\"id-import-Link\" data-id-ec=\"{&quot;sht&quot;:&quot;Container&quot;,&quot;shn&quot;:&quot;Story&quot;,&quot;p&quot;:{&quot;containerType&quot;:&quot;Paragraph&quot;,&quot;displayType&quot;:&quot;Paragraph InlineLink&quot;,&quot;type&quot;:&quot;INLINE_LINK&quot;,&quot;value&quot;:&quot;Harry-Potter-Filmen&quot;,&quot;variant&quot;:&quot;standardLink&quot;,&quot;sponsored&quot;:false,&quot;linkHref&quot;:&quot;https:\/\/www.ruhr24.de\/tv-streaming\/harry-potter-hogwarts-serie-besetzung-buchvorlage-charlie-weasley-peeves-flamel-durden-ehepaar-hbo-max-94395091.html&quot;,&quot;storyElementPosition&quot;:9,&quot;storyElementCount&quot;:19}}\" rel=\"nofollow noopener\" target=\"_blank\">Harry-Potter-Filmen<\/a> nach. Die \u201eDroneArtShow Harry Potter\u201c findet vom 3. bis 5. September an drei Abenden auf der Galopprennbahn in K\u00f6ln-Weidenpesch statt \u2013 nach Angaben der Veranstalter die bisher gr\u00f6\u00dfte Drohnenshow der Stadt.<\/p>\n<p>Drohnen-Choreografie mit Filmmusik und leuchtenden Armb\u00e4ndern in K\u00f6ln<\/p>\n<p class=\"id-StoryElement-paragraph\">In der Veranstaltungsank\u00fcndigung hei\u00dft es, dass zur Lichtformation die Filmmusik gespielt wird, erg\u00e4nzt um Originaldialoge. Ein Musiker an der E-Violine hebt einzelne Schl\u00fcsselmomente des Soundtracks hervor. Auch das Publikum wird Teil der Inszenierung: Besucher tragen interaktive LED-Armb\u00e4nder, die das Geschehen am Himmel am Boden fortsetzen. Die Show dauert rund 60 Minuten inklusive Pause und beginnt um 21 Uhr.<\/p>\n<p class=\"id-StoryElement-paragraph\">Die Termine: Donnerstag (3. September), Freitag (4. September) und Samstag (5. September). Einlass ist ab 19 Uhr, G\u00e4ste mit \u201eDrone &amp; Dine\u201c-Ticket kommen bereits ab 18 Uhr auf das Gel\u00e4nde (hier mehr <a href=\"https:\/\/www.ruhr24.de\/nrw\/freizeit-in-nrw\/veranstaltungen-in-nrw-sti1525836\/\" target=\"_blank\" class=\"id-import-Link\" data-id-ec=\"{&quot;sht&quot;:&quot;Container&quot;,&quot;shn&quot;:&quot;Story&quot;,&quot;p&quot;:{&quot;containerType&quot;:&quot;Paragraph&quot;,&quot;displayType&quot;:&quot;Paragraph InlineLink&quot;,&quot;type&quot;:&quot;INLINE_LINK&quot;,&quot;value&quot;:&quot;News zu Veranstaltungen in NRW&quot;,&quot;variant&quot;:&quot;standardLink&quot;,&quot;sponsored&quot;:false,&quot;linkHref&quot;:&quot;https:\/\/www.ruhr24.de\/nrw\/freizeit-in-nrw\/veranstaltungen-in-nrw-sti1525836\/&quot;,&quot;storyElementPosition&quot;:12,&quot;storyElementCount&quot;:19}}\" rel=\"nofollow noopener\">News zu Veranstaltungen in NRW<\/a> bei RUHR24 lesen).<\/p>\n<p>Termine, Preise und Anreise zur XXL-Drohnenshow in NRW<\/p>\n<p class=\"id-StoryElement-paragraph\">F\u00fcr den 3. September kostet ein Stehplatz 27,12 Euro (ab 12 Jahren), ein Sitzplatz 36,72 Euro. Kinder von 3 bis 11 Jahren zahlen 17,52 Euro im Stehbereich und 25,52 Euro auf dem Sitzplatz, Kinder unter 3 Jahren haben freien Eintritt. Tickets gibt es \u00fcber die Plattform Fever.<\/p>\n<p class=\"id-StoryElement-paragraph\">Das Gel\u00e4nde an der Rennbahnstra\u00dfe 152 in Nippes ist rollstuhlgerecht. Weil nur begrenzt Parktickets im Vorverkauf verf\u00fcgbar sind, empfehlen die Veranstalter die Anreise mit Bus und Bahn.<\/p>\n<p class=\"id-StoryElement-paragraph\">Die Show findet nachts unter freiem Himmel statt \u2013 warme Kleidung ist ratsam. Wer fr\u00fcher kommt, kann sich vor Ort mit Essen und Getr\u00e4nken versorgen, zudem gibt es einen Merchandise-Stand.<\/p>\n","protected":false},"excerpt":{"rendered":"ruhr24 NRW Freizeit in NRW Stand: 02.09.2026, 14:29 Uhr Von: Tobias Arnold DruckenTeilen Uns auf Google folgenEine Harry-Potter-Show&hellip;\n","protected":false},"author":2,"featured_media":1274511,"comment_status":"","ping_status":"","sticky":false,"template":"","format":"standard","meta":{"footnotes":"","_share_on_mastodon":"0"},"categories":[1828],"tags":[29,30,1420,1209],"class_list":["post-1275817","post","type-post","status-publish","format-standard","has-post-thumbnail","category-koeln","tag-deutschland","tag-germany","tag-koeln","tag-nordrhein-westfalen"],"share_on_mastodon":{"url":"https:\/\/pubeurope.com\/@de\/117201499203827707","error":""},"_links":{"self":[{"href":"https:\/\/www.europesays.com\/de\/wp-json\/wp\/v2\/posts\/1275817","targetHints":{"allow":["GET"]}}],"collection":[{"href":"https:\/\/www.europesays.com\/de\/wp-json\/wp\/v2\/posts"}],"about":[{"href":"https:\/\/www.europesays.com\/de\/wp-json\/wp\/v2\/types\/post"}],"author":[{"embeddable":true,"href":"https:\/\/www.europesays.com\/de\/wp-json\/wp\/v2\/users\/2"}],"replies":[{"embeddable":true,"href":"https:\/\/www.europesays.com\/de\/wp-json\/wp\/v2\/comments?post=1275817"}],"version-history":[{"count":0,"href":"https:\/\/www.europesays.com\/de\/wp-json\/wp\/v2\/posts\/1275817\/revisions"}],"wp:featuredmedia":[{"embeddable":true,"href":"https:\/\/www.europesays.com\/de\/wp-json\/wp\/v2\/media\/1274511"}],"wp:attachment":[{"href":"https:\/\/www.europesays.com\/de\/wp-json\/wp\/v2\/media?parent=1275817"}],"wp:term":[{"taxonomy":"category","embeddable":true,"href":"https:\/\/www.europesays.com\/de\/wp-json\/wp\/v2\/categories?post=1275817"},{"taxonomy":"post_tag","embeddable":true,"href":"https:\/\/www.europesays.com\/de\/wp-json\/wp\/v2\/tags?post=1275817"}],"curies":[{"name":"wp","href":"https:\/\/api.w.org\/{rel}","templated":true}]}}