{"id":1275823,"date":"2026-09-02T12:44:20","date_gmt":"2026-09-02T12:44:20","guid":{"rendered":"https:\/\/www.europesays.com\/de\/1275823\/"},"modified":"2026-09-02T12:44:20","modified_gmt":"2026-09-02T12:44:20","slug":"verdi-ruft-zu-48-stunden-warnstreik-im-hamburger-hafen-auf","status":"publish","type":"post","link":"https:\/\/www.europesays.com\/de\/1275823\/","title":{"rendered":"Verdi ruft zu 48-Stunden-Warnstreik im Hamburger Hafen auf"},"content":{"rendered":"<p _ngcontent-sc113=\"\"> 02. September 2026 \u2013 Isabell W\u00fcppenhorst <\/p>\n<p _ngcontent-sc113=\"\">Zum 48-st\u00fcndigen Warnstreik sind mehr als ein Dutzend Betriebe im Hamburger Hafen aufgerufen. Ab der Sp\u00e4tschicht am Mittwoch soll f\u00fcr 48 Stunden die Arbeit niedergelegt werden.<\/p>\n<ul _ngcontent-sc85=\"\">\n<li _ngcontent-sc85=\"\">Die Gewerkschaft Verdi hat in der Tarifrunde f\u00fcr die deutschen Seeh\u00e4fen zu einem zweiten Warnstreik aufgerufen.<\/li>\n<li _ngcontent-sc85=\"\">Ab der Sp\u00e4tschicht am Mittwoch soll f\u00fcr insgesamt 48 Stunden die Arbeit im Hamburger Hafen niedergelegt werden.<\/li>\n<li _ngcontent-sc85=\"\">Zum Warnstreik aufgerufen seien unter anderem Hafenarbeiterinnen und Hafenarbeiter von mehr als einem Dutzend Betrieben.<\/li>\n<\/ul>\n<p _ngcontent-sc85=\"\" align=\"false\">Die Gewerkschaft Verdi hat in der Tarifrunde f\u00fcr die deutschen Seeh\u00e4fen zu einem zweiten Warnstreik im Hamburger Hafen aufgerufen. Der Ausstand beginne am Mittwoch (03.09.) mit der Sp\u00e4tschicht und soll 48 Stunden dauern, teilte die Gewerkschaft mit. Bereits am 18. August hatten Hafenarbeiter in Hamburg, Bremerhaven, Wilhelmshaven, Bremen, Brake und Emden f\u00fcr 24 Stunden die Arbeit niedergelegt. Dadurch wurde der Warenumschlag verlangsamt und teils sogar gestoppt.<\/p>\n<p>Mehr als ein Dutzend Betriebe zum Warnstreik aufgerufen<\/p>\n<p _ngcontent-sc85=\"\" align=\"false\">Zum Warnstreik aufgerufen seien Hafenarbeiterinnen und Hafenarbeiter von mehr als einem Dutzend Betrieben, darunter die Besch\u00e4ftigten der HHLA Containerterminals Altenwerder, Burchardkai und Tollerort sowie die Besch\u00e4ftigten des Containerterminals Eurogate und der Gesamthafenbetriebs-Gesellschaft. Am Freitag (04.09.) sei eine Demonstration geplant. Sie f\u00fchrt nach Gewerkschaftsangaben von 9.00 Uhr an vom Parkplatz des Containerterminals Burchardkai durch den Hafen. <\/p>\n<p _ngcontent-sc85=\"\" align=\"false\">Zuvor hatten die Besch\u00e4ftigten das Angebot des Zentralverbands der deutschen Seehafenbetriebe (ZDS) aus der dritten Verhandlungsrunde nach Gewerkschaftsangaben in einer Befragung mit gro\u00dfer Mehrheit abgelehnt. Insgesamt h\u00e4tten sich an der einw\u00f6chigen R\u00fcckkopplungsrunde mehr als 6.000 Besch\u00e4ftigte beteiligt. F\u00fcr Verdi-Fachbereichsleiter Andr\u00e9 Kretschmar ist das Ergebnis der Befragung eindeutig: &#8222;Dieses Angebot reicht nicht. Die Arbeitgeber k\u00f6nnen das nicht einfach ignorieren.&#8220;<\/p>\n<p>Verdi: Arbeitgeber soll an den Verhandlungstisch zur\u00fcckkehren<\/p>\n<p _ngcontent-sc85=\"\" align=\"false\">Der ZDS hatte in der dritten Verhandlungsrunde eine Entgeltsteigerung von 5,1 Prozent r\u00fcckwirkend zum 1. August 2026 bei einer Laufzeit von 18 Monaten angeboten. Zudem sollten die L\u00f6hne um mindestens 1,20 Euro pro Stunde steigen. Verdi fordert dagegen bei einer Tariflaufzeit von zw\u00f6lf Monaten ein Lohnplus von 8,2 Prozent, mindestens jedoch 2,50 Euro pro Stunde.<\/p>\n<p _ngcontent-sc85=\"\" align=\"false\">Verdi forderte den ZDS auf, an den Verhandlungstisch zur\u00fcckzukehren. &#8222;Wir warten immer noch auf einen neuen Verhandlungstermin&#8220;, sagte Christian Warnke von der Verdi-Bundestarifkommission. Bislang herrsche Funkstille. &#8222;Wer nicht an den Verhandlungstisch will, muss den Druck von der Stra\u00dfe sp\u00fcren. Deshalb legen wir nun die Arbeit nieder.&#8220;<\/p>\n<p>Weitere News On Air<\/p>\n<p _ngcontent-sc85=\"\" align=\"false\">Weitere Nachrichten aus Hamburg, Deutschland und der Welt h\u00f6rt ihr immer zur vollen Stunde bei uns im Programm. Holt euch einfach unsere <a _ngcontent-sc132=\"\" href=\"https:\/\/www.radiohamburg.de\/programm\/frequenzen\/Streamen-%C3%BCber-die-App-id388032.html\" rel=\"nofollow noopener\" target=\"_blank\">kostenlose App<\/a>, h\u00f6rt uns \u00fcber euren <a _ngcontent-sc132=\"\" href=\"https:\/\/www.radiohamburg.de\/programm\/frequenzen\/Alexa-spiele-Radio-Hamburg-id387722.html\" rel=\"nofollow noopener\" target=\"_blank\">Smartspeaker<\/a> oder schaltet mit einem Klick unten auf den Playbutton das Webradio ein. Zum Nachh\u00f6ren gibt\u2019s das Ganze nat\u00fcrlich auch noch mal als <a _ngcontent-sc132=\"\" href=\"https:\/\/www.radiohamburg.de\/hoeren\/podcasts\/Radio-Hamburg-Nachrichten-id388455.html\" rel=\"nofollow noopener\" target=\"_blank\">Podcastangebot<\/a>.<\/p>\n<p><img decoding=\"async\" _ngcontent-sc129=\"\" class=\"\" src=\"https:\/\/www.europesays.com\/de\/wp-content\/uploads\/2025\/04\/app.jpg\" alt=\"App, App Store, iOS, Play Store, Google\" title=\"App, App Store, iOS, Play Store, Google\"\/><\/p>\n<p>Foto: Bloomicon \/ Shutterstock.com<\/p>\n<p> F\u00fcr iOS &amp; Android <\/p>\n<p>Holt euch die kostenlose Radio Hamburg App<\/p>\n<p _ngcontent-sc85=\"\" align=\"false\">H\u00f6rt uns an jedem Ort auf der Welt in bester Qualit\u00e4t &amp; st\u00f6rungsfrei \u00fcber unsere kostenlose App. Holt sie euch jetzt f\u00fcr Android oder iOS.<\/p>\n","protected":false},"excerpt":{"rendered":"02. September 2026 \u2013 Isabell W\u00fcppenhorst Zum 48-st\u00fcndigen Warnstreik sind mehr als ein Dutzend Betriebe im Hamburger Hafen&hellip;\n","protected":false},"author":2,"featured_media":750703,"comment_status":"","ping_status":"","sticky":false,"template":"","format":"standard","meta":{"footnotes":"","_share_on_mastodon":"0"},"categories":[1826],"tags":[18233,29,30,692,1989,263299,5538,263298,4891,9008,2523],"class_list":["post-1275823","post","type-post","status-publish","format-standard","has-post-thumbnail","category-hamburg","tag-gewerkschaft-verdi","tag-deutschland","tag-germany","tag-hamburg","tag-hamburger-hafen","tag-hamburger-hafen-warnstreik","tag-hhla","tag-loehne-hafenmitarbeiter","tag-tarifstreit","tag-tarifverhandlungen","tag-warnstreik"],"share_on_mastodon":{"url":"https:\/\/pubeurope.com\/@de\/117201515106204740","error":""},"_links":{"self":[{"href":"https:\/\/www.europesays.com\/de\/wp-json\/wp\/v2\/posts\/1275823","targetHints":{"allow":["GET"]}}],"collection":[{"href":"https:\/\/www.europesays.com\/de\/wp-json\/wp\/v2\/posts"}],"about":[{"href":"https:\/\/www.europesays.com\/de\/wp-json\/wp\/v2\/types\/post"}],"author":[{"embeddable":true,"href":"https:\/\/www.europesays.com\/de\/wp-json\/wp\/v2\/users\/2"}],"replies":[{"embeddable":true,"href":"https:\/\/www.europesays.com\/de\/wp-json\/wp\/v2\/comments?post=1275823"}],"version-history":[{"count":0,"href":"https:\/\/www.europesays.com\/de\/wp-json\/wp\/v2\/posts\/1275823\/revisions"}],"wp:featuredmedia":[{"embeddable":true,"href":"https:\/\/www.europesays.com\/de\/wp-json\/wp\/v2\/media\/750703"}],"wp:attachment":[{"href":"https:\/\/www.europesays.com\/de\/wp-json\/wp\/v2\/media?parent=1275823"}],"wp:term":[{"taxonomy":"category","embeddable":true,"href":"https:\/\/www.europesays.com\/de\/wp-json\/wp\/v2\/categories?post=1275823"},{"taxonomy":"post_tag","embeddable":true,"href":"https:\/\/www.europesays.com\/de\/wp-json\/wp\/v2\/tags?post=1275823"}],"curies":[{"name":"wp","href":"https:\/\/api.w.org\/{rel}","templated":true}]}}