{"id":1275859,"date":"2026-09-02T13:06:16","date_gmt":"2026-09-02T13:06:16","guid":{"rendered":"https:\/\/www.europesays.com\/de\/1275859\/"},"modified":"2026-09-02T13:06:16","modified_gmt":"2026-09-02T13:06:16","slug":"umspannwerk-in-nrw-polizei-findet-sechs-abschussvorrichtungen-wer-da-rangeht-greift-unser-land-an-sagt-reul","status":"publish","type":"post","link":"https:\/\/www.europesays.com\/de\/1275859\/","title":{"rendered":"Umspannwerk in NRW: Polizei findet sechs Abschussvorrichtungen \u2013 \u201eWer da rangeht, greift unser Land an\u201c, sagt Reul"},"content":{"rendered":"<p class=\"is-first-paragraph\" data-external=\"Article.FirstParagraph\">Nach der St\u00f6rung an einem Umspannwerk in Bergheim bei K\u00f6ln haben die Ermittler sechs Abschussvorrichtungen in einem Feld gefunden. Es sei davon auszugehen, dass diese Vorrichtungen so gebaut waren, um mit pyrotechnischen Gegenst\u00e4nden einen Draht in die H\u00f6he \u00fcber die Stromleitungen zu f\u00fchren, sagte der Leitende Kriminaldirektor Michael Esser.<\/p>\n<p>NRW-Innenminister Herbert Reul (CDU) hatte zuvor mitgeteilt, dass wegen verfassungsfeindlicher Sabotage ermittelt werde. Unbekannte h\u00e4tten Kabel \u00fcber die Oberleitung gebracht und so einen Kurzschluss verursacht. \u201eWer da ran geht, greift unser Land an\u201c, sagte er. Reul zufolge \u2060k\u00f6nne es sich bei der Tat um \u201efremdstaatliche Sabotage\u201c oder das Werk von Linksextremisten handeln. Beides sei nicht auszuschlie\u00dfen, sagte Reul am Mittwoch in D\u00fcsseldorf. \u201eJetzt muss ermittelt werden\u201c, betonte er. \u201eDas war Absicht, das war eine Straftat\u201c, \u2060sagte Reul \u200bweiter.<\/p>\n<p>Die Polizei war dem Sprecher zufolge am Dienstagabend gegen 20.00 Uhr wegen einer technischen St\u00f6rung zu dem Umspannwerk im Bergheimer Ortsteil Rheidt gerufen worden. Durch einen Kurzschluss seien mehrere Leitungen ausgefallen. Zu einem Ausfall der allgemeinen Stromversorgung kam es nach bisherigen Erkenntnissen nicht.<\/p>\n<p>Amprion meldet Anlagenausf\u00e4lle<\/p>\n<p>Das Werk geh\u00f6rt zum Energieversorger Amprion, der den Vorfall best\u00e4tigte. \u201eIm Umfeld der Amprion-Umspannanlage Rommerskirchen im Rheinland ist es am Dienstagabend zu einem Vorfall gekommen, der Auswirkungen auf den Betrieb von Kraftwerkszuleitungen hatte\u201c, hie\u00df es am fr\u00fchen Morgen. In der Folge sei es zu Anlagenausf\u00e4llen bei der RWE Power gekommen.<\/p>\n<p>Das Unternehmen mit Sitz in Dortmund betonte: \u201eDie allgemeine Stromversorgung war zu keinem Zeitpunkt davon betroffen und die Systemstabilit\u00e4t immer gew\u00e4hrleistet.\u201c Experten von Amprion arbeiteten mit den zust\u00e4ndigen Sicherheitsbeh\u00f6rden daran, den Sachverhalt schnellstm\u00f6glich aufzukl\u00e4ren und die Auswirkungen zu bewerten.<\/p>\n<p>Die Polizei ermittelt wegen Sabotage. In den vergangenen Monaten gab es weitere Vorf\u00e4lle an der Strominfrastruktur. So z\u00fcndeten im Januar mutma\u00dflich linksextreme T\u00e4ter Starkstromleitungen nahe einem Kraftwerk im S\u00fcdwesten Berlins an.<\/p>\n","protected":false},"excerpt":{"rendered":"Nach der St\u00f6rung an einem Umspannwerk in Bergheim bei K\u00f6ln haben die Ermittler sechs Abschussvorrichtungen in einem Feld&hellip;\n","protected":false},"author":2,"featured_media":1275860,"comment_status":"","ping_status":"","sticky":false,"template":"","format":"standard","meta":{"footnotes":"","_share_on_mastodon":"0"},"categories":[5],"tags":[37213,13,1420,14,15,250153,110,12,45,10,8,9,11],"class_list":["post-1275859","post","type-post","status-publish","format-standard","has-post-thumbnail","category-nachrichten","tag-bergheim","tag-headlines","tag-koeln","tag-nachrichten","tag-news","tag-newsos-import-welt","tag-newsteam","tag-schlagzeilen","tag-texttospeech","tag-top-news","tag-top-meldungen","tag-topmeldungen","tag-topnews"],"share_on_mastodon":{"url":"https:\/\/pubeurope.com\/@de\/117201599436820371","error":""},"_links":{"self":[{"href":"https:\/\/www.europesays.com\/de\/wp-json\/wp\/v2\/posts\/1275859","targetHints":{"allow":["GET"]}}],"collection":[{"href":"https:\/\/www.europesays.com\/de\/wp-json\/wp\/v2\/posts"}],"about":[{"href":"https:\/\/www.europesays.com\/de\/wp-json\/wp\/v2\/types\/post"}],"author":[{"embeddable":true,"href":"https:\/\/www.europesays.com\/de\/wp-json\/wp\/v2\/users\/2"}],"replies":[{"embeddable":true,"href":"https:\/\/www.europesays.com\/de\/wp-json\/wp\/v2\/comments?post=1275859"}],"version-history":[{"count":0,"href":"https:\/\/www.europesays.com\/de\/wp-json\/wp\/v2\/posts\/1275859\/revisions"}],"wp:featuredmedia":[{"embeddable":true,"href":"https:\/\/www.europesays.com\/de\/wp-json\/wp\/v2\/media\/1275860"}],"wp:attachment":[{"href":"https:\/\/www.europesays.com\/de\/wp-json\/wp\/v2\/media?parent=1275859"}],"wp:term":[{"taxonomy":"category","embeddable":true,"href":"https:\/\/www.europesays.com\/de\/wp-json\/wp\/v2\/categories?post=1275859"},{"taxonomy":"post_tag","embeddable":true,"href":"https:\/\/www.europesays.com\/de\/wp-json\/wp\/v2\/tags?post=1275859"}],"curies":[{"name":"wp","href":"https:\/\/api.w.org\/{rel}","templated":true}]}}