{"id":1275869,"date":"2026-09-02T13:12:16","date_gmt":"2026-09-02T13:12:16","guid":{"rendered":"https:\/\/www.europesays.com\/de\/1275869\/"},"modified":"2026-09-02T13:12:16","modified_gmt":"2026-09-02T13:12:16","slug":"peter-joseph-krahe-preis-2026-okerwelle-104-6","status":"publish","type":"post","link":"https:\/\/www.europesays.com\/de\/1275869\/","title":{"rendered":"Peter Joseph Krahe-Preis 2026 &#8211; Okerwelle 104.6"},"content":{"rendered":"<p>Die Stadt Braunschweig hat sechs herausragende Bauwerke mit dem Peter Joseph Krahe-Preis 2026 ausgezeichnet. Drei Hauptpreise gingen an das B\u00fcrogeb\u00e4ude m+p in der Wilhelmstra\u00dfe, die Dreifeldsporthalle der IGS Volkmarode und den Georg-Eckert-Campus (Bild) in der Freisestra\u00dfe. Zwei Sonderpreise erhielten der Umbau der Grundschule Melverode und die Stadtlounge Westbahnhof. Au\u00dferdem gab es eine lobende Erw\u00e4hnung f\u00fcr die Sanierung des Audimax der TU Braunschweig. Laut Verwaltung waren in diesem Jahr insgesamt 38 Bewerbungen eingegangen. Mit dem Preis werde neben der Gestaltung auch die pers\u00f6nliche Leistung der Architekten und Bauherren gew\u00fcrdigt, betonte Oberb\u00fcrgermeister Thorsten Kornblum. Der Architekturpreis ist nach Peter Joseph Krahe benannt. Er gilt als einer der bedeutendsten Baumeister des Klassizismus und wirkte von 1803 bis 1837 in der L\u00f6wenstadt. Die Auszeichnung wird seit 1954 in unregelm\u00e4\u00dfigen Abst\u00e4nden vergeben. \u2014 Foto (c) Philipp Obkircher<\/p>\n","protected":false},"excerpt":{"rendered":"Die Stadt Braunschweig hat sechs herausragende Bauwerke mit dem Peter Joseph Krahe-Preis 2026 ausgezeichnet. Drei Hauptpreise gingen an&hellip;\n","protected":false},"author":2,"featured_media":1275870,"comment_status":"","ping_status":"","sticky":false,"template":"","format":"standard","meta":{"footnotes":"","_share_on_mastodon":"0"},"categories":[1850],"tags":[6429,3364,29,548,663,3934,30,13,14,15,1411,12],"class_list":["post-1275869","post","type-post","status-publish","format-standard","has-post-thumbnail","category-braunschweig","tag-braunschweig","tag-de","tag-deutschland","tag-eu","tag-europa","tag-europe","tag-germany","tag-headlines","tag-nachrichten","tag-news","tag-niedersachsen","tag-schlagzeilen"],"share_on_mastodon":{"url":"https:\/\/pubeurope.com\/@de\/117201623007700150","error":""},"_links":{"self":[{"href":"https:\/\/www.europesays.com\/de\/wp-json\/wp\/v2\/posts\/1275869","targetHints":{"allow":["GET"]}}],"collection":[{"href":"https:\/\/www.europesays.com\/de\/wp-json\/wp\/v2\/posts"}],"about":[{"href":"https:\/\/www.europesays.com\/de\/wp-json\/wp\/v2\/types\/post"}],"author":[{"embeddable":true,"href":"https:\/\/www.europesays.com\/de\/wp-json\/wp\/v2\/users\/2"}],"replies":[{"embeddable":true,"href":"https:\/\/www.europesays.com\/de\/wp-json\/wp\/v2\/comments?post=1275869"}],"version-history":[{"count":0,"href":"https:\/\/www.europesays.com\/de\/wp-json\/wp\/v2\/posts\/1275869\/revisions"}],"wp:featuredmedia":[{"embeddable":true,"href":"https:\/\/www.europesays.com\/de\/wp-json\/wp\/v2\/media\/1275870"}],"wp:attachment":[{"href":"https:\/\/www.europesays.com\/de\/wp-json\/wp\/v2\/media?parent=1275869"}],"wp:term":[{"taxonomy":"category","embeddable":true,"href":"https:\/\/www.europesays.com\/de\/wp-json\/wp\/v2\/categories?post=1275869"},{"taxonomy":"post_tag","embeddable":true,"href":"https:\/\/www.europesays.com\/de\/wp-json\/wp\/v2\/tags?post=1275869"}],"curies":[{"name":"wp","href":"https:\/\/api.w.org\/{rel}","templated":true}]}}