{"id":1275873,"date":"2026-09-02T13:14:15","date_gmt":"2026-09-02T13:14:15","guid":{"rendered":"https:\/\/www.europesays.com\/de\/1275873\/"},"modified":"2026-09-02T13:14:15","modified_gmt":"2026-09-02T13:14:15","slug":"die-drei-kids-in-gladbeck-zirkus-der-raetsel","status":"publish","type":"post","link":"https:\/\/www.europesays.com\/de\/1275873\/","title":{"rendered":"Die drei ??? Kids in Gladbeck: Zirkus der R\u00e4tsel"},"content":{"rendered":"<p><a title=\"Die drei Fragezeichen Kids \u2013 Zirkus der R\u00e4tsel in Gladbeck\" href=\"https:\/\/neue-gladbecker-zeitung.de\/die-drei-kids-in-gladbeck-zirkus-der-raetsel\/die-drei-fragezeichen-kids-zirkus-der-raetsel-in-gladbeck_ergebnis\/\" rel=\"nofollow noopener\" target=\"_blank\"><img fetchpriority=\"high\" width=\"678\" height=\"381\" src=\"https:\/\/www.europesays.com\/de\/wp-content\/uploads\/2026\/09\/Die-drei-Fragezeichen-Kids-\u2013-Zirkus-der-Raetsel-in-Gladbeck_ergebnis.webp\" class=\"attachment-mh-magazine-content size-mh-magazine-content wp-post-image\" alt=\"Schauspieler aus \u201eDie drei ??? Kids \u2013 Zirkus der R\u00e4tsel\u201c auf einer Zirkusb\u00fchne\" title=\"Die drei Fragezeichen Kids \u2013 Zirkus der R\u00e4tsel in Gladbeck\" loading=\"eager\" decoding=\"async\"  \/><\/a><br \/>\nSzene aus \u201eDie drei ??? Kids \u2013 Zirkus der R\u00e4tsel\u201c. Foto: Volker Beushausen<\/p>\n<p><strong>Beim interaktiven Kindertheater in der Mathias-Jakobs-Stadthalle k\u00f6nnen die Zuschauer selbst mitentscheiden, wie der Fall von Justus, Peter und Bob weitergeht.<\/strong><\/p>\n<p><strong>Gladbeck \u2013 02.09.2026 \u2013\u00a0<\/strong>Ein neuer Fall f\u00fcr Justus, Peter und Bob: <strong>Am Sonntag, 4. Oktober, um 15 Uhr<\/strong> kommt das interaktive Kindertheaterst\u00fcck \u201eDie drei ??? Kids \u2013 Zirkus der R\u00e4tsel\u201c in die Mathias-Jakobs-Stadthalle nach Gladbeck.<\/p>\n<p>Der r\u00e4tselhafte Wanderzirkus stellt das Detektiv-Trio vor eine schwierige Aufgabe. \u00dcberall finden sich Spuren, Hinweise und falsche F\u00e4hrten. Doch welche davon f\u00fchrt zur L\u00f6sung?<\/p>\n<p>&gt;&gt;&gt; <strong>Den NGZ-Newsletter:<\/strong>\u00a0<a href=\"https:\/\/neue-gladbecker-zeitung.de\/newsletter-der-ngz\/\" target=\"_blank\" rel=\"noopener nofollow\" data-category-full-path=\"\/staedte\/gladbeck\/\" data-paid-status=\"free\" data-article-publish-date=\"1595937600\">hier gratis abonnieren<\/a>\u00a0|\u00a0<strong>Folgen Sie uns<\/strong>\u00a0<strong>auch<\/strong>\u00a0auf\u00a0<a href=\"https:\/\/www.facebook.com\/NeueGladbeckerZeitung\/\" target=\"_blank\" rel=\"noopener nofollow\">Facebook<\/a>\u00a0und auf\u00a0<a href=\"https:\/\/www.instagram.com\/neuegladbeckerzeitung\/\" target=\"_blank\" rel=\"noopener nofollow\">Instagram<\/a>\u00a0|<br \/><strong>Hier erhalten Sie alle Nachrichten sofort im<\/strong>\u00a0<a href=\"https:\/\/whatsapp.com\/channel\/0029VaAJZdH8F2pIH21PF72X\" target=\"_blank\" rel=\"noopener nofollow\">WhatsApp-Kanal<\/a> | Unsere: <a href=\"https:\/\/neue-gladbecker-zeitung.de\/blaulicht\/\" target=\"_blank\" rel=\"noopener nofollow\">Polizei- und Feuerwehrartikel<\/a> &lt;&lt;&lt;<\/p>\n<p>Das Publikum wird Teil des Detektivfalls<\/p>\n<p>Bei \u201eDie drei ??? Kids \u2013 Zirkus der R\u00e4tsel\u201c bleibt es nicht beim Zuschauen. An entscheidenden Stellen im St\u00fcck entscheidet das Publikum, wie die Geschichte weitergeht.<\/p>\n<p>Nur mit Hilfe der Zuschauerinnen und Zuschauer k\u00f6nnen Justus, Peter und Bob den kniffligen Fall rund um den Wanderzirkus l\u00f6sen. Dadurch wird das Theaterst\u00fcck f\u00fcr Kinder zu einem interaktiven Detektivabenteuer.<\/p>\n<p>Das St\u00fcck basiert auf dem gleichnamigen Kinderbuch von Ulf Blanck und Boris Pfeiffer. Es richtet sich an Kinder ab sechs Jahren.<\/p>\n<p>\u201eZirkus der R\u00e4tsel\u201c in der Stadthalle Gladbeck<\/p>\n<p>Die Vorstellung beginnt am Sonntag, 4. Oktober, um 15 Uhr in der Mathias-Jakobs-Stadthalle. Das Kulturb\u00fcro der Stadt Gladbeck ist Veranstalter.<\/p>\n<p>Das Gladbecker Kulturb\u00fcro setzt auch bei anderen Veranstaltungen auf Theaterangebote f\u00fcr Kinder. In der Mathias-Jakobs-Stadthalle gab es bereits verschiedene Kinderst\u00fccke, darunter <a href=\"https:\/\/neue-gladbecker-zeitung.de\/theaterstuecke-fuer-kinder-in-der-stadthalle-gladbeck\/\" rel=\"nofollow noopener\" target=\"_blank\">Theaterst\u00fccke f\u00fcr Kinder in der Stadthalle Gladbeck<\/a>. Auch die aktuelle Kultursaison 2026\/2027 setzt auf interaktive Angebote f\u00fcr Kinder und Familien.<\/p>\n<p>Wer sich f\u00fcr weitere Veranstaltungen in der Stadthalle interessiert, findet im NGZ-Beitrag zur <a href=\"https:\/\/neue-gladbecker-zeitung.de\/kultursaison-ein-zeichen-fuer-vielfalt-in-gladbeck\/\" rel=\"nofollow noopener\" target=\"_blank\">Kultursaison 2026\/2027 in Gladbeck<\/a> weitere Informationen.<\/p>\n<p>Nur noch wenige Karten erh\u00e4ltlich<\/p>\n<p>Wer das Detektivabenteuer live erleben m\u00f6chte, sollte sich beeilen. Nach Angaben des Veranstalters gibt es nicht mehr viele Karten.<\/p>\n<p>Tickets sind unter ticketverkauf.gladbeck.de sowie bei Eventim und Westticket erh\u00e4ltlich.<\/p>\n<p><strong>Textvorlage: <a href=\"https:\/\/www.gladbeck.de\" target=\"_blank\" rel=\"noopener nofollow\">Stadt Gladbeck<\/a><\/strong><\/p>\n<p><a style=\"color: #ff0000;\" href=\"https:\/\/neue-gladbecker-zeitung.de\" rel=\"nofollow noopener\" target=\"_blank\">Zur Startseite<\/a><\/p>\n<p>\t<script async src=\"\/\/www.instagram.com\/embed.js\"><\/script><\/p>\n","protected":false},"excerpt":{"rendered":"Szene aus \u201eDie drei ??? Kids \u2013 Zirkus der R\u00e4tsel\u201c. Foto: Volker Beushausen Beim interaktiven Kindertheater in der&hellip;\n","protected":false},"author":2,"featured_media":1275874,"comment_status":"","ping_status":"","sticky":false,"template":"","format":"standard","meta":{"footnotes":"","_share_on_mastodon":"0"},"categories":[1848],"tags":[3364,29,263303,548,663,3934,3658,30,17275,13,39857,127094,261051,259126,14,15,1209,12,94,263304],"class_list":["post-1275873","post","type-post","status-publish","format-standard","has-post-thumbnail","category-gelsenkirchen","tag-de","tag-deutschland","tag-die-drei-kids","tag-eu","tag-europa","tag-europe","tag-gelsenkirchen","tag-germany","tag-gladbeck","tag-headlines","tag-kindertheater","tag-kinderveranstaltung","tag-kulturbuero-gladbeck","tag-mathias-jakobs-stadthalle","tag-nachrichten","tag-news","tag-nordrhein-westfalen","tag-schlagzeilen","tag-theater","tag-zirkus-der-raetsel"],"share_on_mastodon":{"url":"https:\/\/pubeurope.com\/@de\/117201633032049895","error":""},"_links":{"self":[{"href":"https:\/\/www.europesays.com\/de\/wp-json\/wp\/v2\/posts\/1275873","targetHints":{"allow":["GET"]}}],"collection":[{"href":"https:\/\/www.europesays.com\/de\/wp-json\/wp\/v2\/posts"}],"about":[{"href":"https:\/\/www.europesays.com\/de\/wp-json\/wp\/v2\/types\/post"}],"author":[{"embeddable":true,"href":"https:\/\/www.europesays.com\/de\/wp-json\/wp\/v2\/users\/2"}],"replies":[{"embeddable":true,"href":"https:\/\/www.europesays.com\/de\/wp-json\/wp\/v2\/comments?post=1275873"}],"version-history":[{"count":0,"href":"https:\/\/www.europesays.com\/de\/wp-json\/wp\/v2\/posts\/1275873\/revisions"}],"wp:featuredmedia":[{"embeddable":true,"href":"https:\/\/www.europesays.com\/de\/wp-json\/wp\/v2\/media\/1275874"}],"wp:attachment":[{"href":"https:\/\/www.europesays.com\/de\/wp-json\/wp\/v2\/media?parent=1275873"}],"wp:term":[{"taxonomy":"category","embeddable":true,"href":"https:\/\/www.europesays.com\/de\/wp-json\/wp\/v2\/categories?post=1275873"},{"taxonomy":"post_tag","embeddable":true,"href":"https:\/\/www.europesays.com\/de\/wp-json\/wp\/v2\/tags?post=1275873"}],"curies":[{"name":"wp","href":"https:\/\/api.w.org\/{rel}","templated":true}]}}