{"id":127588,"date":"2025-05-21T08:19:08","date_gmt":"2025-05-21T08:19:08","guid":{"rendered":"https:\/\/www.europesays.com\/de\/127588\/"},"modified":"2025-05-21T08:19:08","modified_gmt":"2025-05-21T08:19:08","slug":"berlin-brandenburg-mutmassliche-rechtsextremisten-in-brandenburg-festgenommen","status":"publish","type":"post","link":"https:\/\/www.europesays.com\/de\/127588\/","title":{"rendered":"Berlin &#038; Brandenburg: Mutma\u00dfliche Rechtsextremisten in Brandenburg festgenommen"},"content":{"rendered":"<p>                    Berlin &amp; Brandenburg<br \/>\n                Mutma\u00dfliche Rechtsextremisten in Brandenburg festgenommen<\/p>\n<p>\t\t\t\t              21.05.2025, 09:36 Uhr<\/p>\n<p><strong>Die Polizei nimmt bei einer Razzia mehrere mutma\u00dfliche junge Rechtsextremisten fest. Zwei davon kommen aus Brandenburg.<\/strong><\/p>\n<p>Gro\u00dfr\u00e4schen (dpa\/bb) &#8211; Bei einer Polizei-Aktion gegen eine mutma\u00dflich rechtsextreme Vereinigung, die sich selbst &#8222;Letzte Verteidigungswelle&#8220; nennt, hat es auch in Brandenburg Festnahmen gegeben. Bei den beiden Verd\u00e4chtigen handelt es sich nach Informationen der Nachrichtenagentur dpa um zwei 15-J\u00e4hrige aus Altd\u00f6bern und Gro\u00dfr\u00e4schen im Landkreis Oberspreewald-Lausitz, von denen einer bereits in Untersuchungshaft sitzt.\u00a0<\/p>\n<p>Der Generalbundesanwalt geht gegen junge M\u00e4nner vor, die einer mutma\u00dflichen rechtsextremen Terrorzelle angeh\u00f6ren sollen. Insgesamt wurden am fr\u00fchen Morgen in Brandenburg, Mecklenburg-Vorpommern und Hessen f\u00fcnf Verd\u00e4chtige festgenommen. Durchsuchungen gab es auch in Sachsen und Th\u00fcringen. Die mutma\u00dflichen Mitglieder der Gruppe sollen Anschl\u00e4ge auf Gefl\u00fcchtete und politisch Andersdenkende geplant haben.<\/p>\n","protected":false},"excerpt":{"rendered":"Berlin &amp; Brandenburg Mutma\u00dfliche Rechtsextremisten in Brandenburg festgenommen 21.05.2025, 09:36 Uhr Die Polizei nimmt bei einer Razzia mehrere&hellip;\n","protected":false},"author":2,"featured_media":127589,"comment_status":"","ping_status":"","sticky":false,"template":"","format":"standard","meta":{"footnotes":""},"categories":[1816],"tags":[1960,1958,1959,1957,296,1956,1890,29,30,2865,27123],"class_list":{"0":"post-127588","1":"post","2":"type-post","3":"status-publish","4":"format-standard","5":"has-post-thumbnail","7":"category-brandenburg","8":"tag-aktuelle-nachrichten-aus-berlin-und-brandenburg","9":"tag-aktuelle-nachrichten-aus-brandenburg","10":"tag-aktuelle-news-aus-berlin-und-brandenburg","11":"tag-aktuelle-news-aus-brandenburg","12":"tag-berlin","13":"tag-berlin-und-brandenburg","14":"tag-brandenburg","15":"tag-deutschland","16":"tag-germany","17":"tag-mutmaliche","18":"tag-rechtsextremisten"},"share_on_mastodon":{"url":"https:\/\/pubeurope.com\/@de\/114544847364689005","error":""},"_links":{"self":[{"href":"https:\/\/www.europesays.com\/de\/wp-json\/wp\/v2\/posts\/127588","targetHints":{"allow":["GET"]}}],"collection":[{"href":"https:\/\/www.europesays.com\/de\/wp-json\/wp\/v2\/posts"}],"about":[{"href":"https:\/\/www.europesays.com\/de\/wp-json\/wp\/v2\/types\/post"}],"author":[{"embeddable":true,"href":"https:\/\/www.europesays.com\/de\/wp-json\/wp\/v2\/users\/2"}],"replies":[{"embeddable":true,"href":"https:\/\/www.europesays.com\/de\/wp-json\/wp\/v2\/comments?post=127588"}],"version-history":[{"count":0,"href":"https:\/\/www.europesays.com\/de\/wp-json\/wp\/v2\/posts\/127588\/revisions"}],"wp:featuredmedia":[{"embeddable":true,"href":"https:\/\/www.europesays.com\/de\/wp-json\/wp\/v2\/media\/127589"}],"wp:attachment":[{"href":"https:\/\/www.europesays.com\/de\/wp-json\/wp\/v2\/media?parent=127588"}],"wp:term":[{"taxonomy":"category","embeddable":true,"href":"https:\/\/www.europesays.com\/de\/wp-json\/wp\/v2\/categories?post=127588"},{"taxonomy":"post_tag","embeddable":true,"href":"https:\/\/www.europesays.com\/de\/wp-json\/wp\/v2\/tags?post=127588"}],"curies":[{"name":"wp","href":"https:\/\/api.w.org\/{rel}","templated":true}]}}