{"id":1275890,"date":"2026-09-02T13:23:17","date_gmt":"2026-09-02T13:23:17","guid":{"rendered":"https:\/\/www.europesays.com\/de\/1275890\/"},"modified":"2026-09-02T13:23:17","modified_gmt":"2026-09-02T13:23:17","slug":"arminia-bielefeld-empfaengt-den-fc-st-pauli-die-pressekonferenz-zum-nachlesen","status":"publish","type":"post","link":"https:\/\/www.europesays.com\/de\/1275890\/","title":{"rendered":"Arminia Bielefeld empf\u00e4ngt den FC St. Pauli: Die Pressekonferenz zum Nachlesen"},"content":{"rendered":"<ul>\n<li>\n<b class=\"bold\">M\u00f6gliche Startaufstellung<\/b> <b class=\"bold\">Arminia:<\/b> Kersken &#8211; Koudossou, Bauer, Gro\u00dfer, Handwerker &#8211; Russo &#8211; W\u00f6rl, Rochelt &#8211; Momuluh, Min, Grodowski<\/li>\n<li>\n<b class=\"bold\">Bilanz: <\/b>34 Partien sind zwischen den Kiez-Kickern und der Arminia verzeichnet, fast alle fanden in der 2. Bundesliga statt. Der DSC siegte nur neun Mal. St. Pauli kommt auf 15 Erfolge bei zehn Unentschieden.<\/li>\n<\/ul>\n<p>Richtungsweisendes Spiel f\u00fcr Arminia Bielefeld<\/p>\n<p class=\"em_text\">Eine knappe Niederlage in Karlsruhe (1:2), ein klarer Sieg gegen Cottbus (3:0) und eine krachende Schlappe in N\u00fcrnberg (1:4), nach der viel Ratlosigkeit herrscht, weil die Bielefelder nicht so unterlegen schienen, wie es das Ergebnis aussagte. Im Heimspiel gegen Bundesliga-Absteiger St. Pauli m\u00fcssen die Sch\u00fctzlinge von Trainer Oliver Kirch wieder Z\u00e4hlbares einfahren, um einem Fehlstart aus dem Weg zu gehen. Die Hamburger um den Ex-Arminen Louis Oppie scheinen in der neuen Liga noch nicht angekommen, holten in den ersten drei Spielen nur zwei Punkte und stehen in der Tabelle unter dem DSC.<\/p>\n<p>Die Pressekonferenz im Liveticker<br \/>\n Das Spiel im Liveticker<\/p>\n","protected":false},"excerpt":{"rendered":"M\u00f6gliche Startaufstellung Arminia: Kersken &#8211; Koudossou, Bauer, Gro\u00dfer, Handwerker &#8211; Russo &#8211; W\u00f6rl, Rochelt &#8211; Momuluh, Min, Grodowski&hellip;\n","protected":false},"author":2,"featured_media":1275891,"comment_status":"","ping_status":"","sticky":false,"template":"","format":"standard","meta":{"footnotes":"","_share_on_mastodon":"0"},"categories":[1841],"tags":[2368,1605,3364,29,459,30,4281,732,1611,16345,2379,2377,16344,198343,2381,229797,2380,1613,1209,3783,16343,2020,12534],"class_list":["post-1275890","post","type-post","status-publish","format-standard","has-post-thumbnail","category-bielefeld","tag-arminia-bielefeld","tag-bielefeld","tag-de","tag-deutschland","tag-fc-st-pauli","tag-germany","tag-label_arminia","tag-label_frei","tag-label_informiere-mich","tag-label_liveticker","tag-label_push","tag-label_startseite","tag-label_ticker","tag-meta_artikelklasse_aboanker","tag-meta_copyrights_rgowl_freier_mitarbeiter","tag-meta_prio_1","tag-meta_themen_arminia_bielefeld","tag-meta_userneeds_informieremich","tag-nordrhein-westfalen","tag-nuernberg","tag-russo","tag-st-pauli","tag-startaufstellung"],"share_on_mastodon":{"url":"","error":""},"_links":{"self":[{"href":"https:\/\/www.europesays.com\/de\/wp-json\/wp\/v2\/posts\/1275890","targetHints":{"allow":["GET"]}}],"collection":[{"href":"https:\/\/www.europesays.com\/de\/wp-json\/wp\/v2\/posts"}],"about":[{"href":"https:\/\/www.europesays.com\/de\/wp-json\/wp\/v2\/types\/post"}],"author":[{"embeddable":true,"href":"https:\/\/www.europesays.com\/de\/wp-json\/wp\/v2\/users\/2"}],"replies":[{"embeddable":true,"href":"https:\/\/www.europesays.com\/de\/wp-json\/wp\/v2\/comments?post=1275890"}],"version-history":[{"count":0,"href":"https:\/\/www.europesays.com\/de\/wp-json\/wp\/v2\/posts\/1275890\/revisions"}],"wp:featuredmedia":[{"embeddable":true,"href":"https:\/\/www.europesays.com\/de\/wp-json\/wp\/v2\/media\/1275891"}],"wp:attachment":[{"href":"https:\/\/www.europesays.com\/de\/wp-json\/wp\/v2\/media?parent=1275890"}],"wp:term":[{"taxonomy":"category","embeddable":true,"href":"https:\/\/www.europesays.com\/de\/wp-json\/wp\/v2\/categories?post=1275890"},{"taxonomy":"post_tag","embeddable":true,"href":"https:\/\/www.europesays.com\/de\/wp-json\/wp\/v2\/tags?post=1275890"}],"curies":[{"name":"wp","href":"https:\/\/api.w.org\/{rel}","templated":true}]}}