{"id":1275894,"date":"2026-09-02T13:25:20","date_gmt":"2026-09-02T13:25:20","guid":{"rendered":"https:\/\/www.europesays.com\/de\/1275894\/"},"modified":"2026-09-02T13:25:20","modified_gmt":"2026-09-02T13:25:20","slug":"am-st-josef-in-elberfeld-spielt-die-orthopaedie-eine-zentrale-rolle","status":"publish","type":"post","link":"https:\/\/www.europesays.com\/de\/1275894\/","title":{"rendered":"Am St. Josef in Elberfeld spielt die Orthop\u00e4die eine zentrale Rolle"},"content":{"rendered":"<p class=\"text_ohne_einzug richtext text-em-55 !leading-serif mx-6 desktop:mx-0\">Bewegung erhalten, Mobilit\u00e4t zur\u00fcckgewinnen und Menschen m\u00f6glichst lange ein aktives Leben erm\u00f6glichen: Mit dem Zukunftskonzept \u201eDon\u2019t worry. Be active!\u201c richtet sich das Cellitinnen-Krankenhaus St. Josef in Wuppertal-Elberfeld neu aus. Eine zentrale Rolle spielt dabei die Orthop\u00e4die. Sie geh\u00f6rt seit vielen Jahren zu den besonderen St\u00e4rken des traditionsreichen \u201eKapellchens\u201c \u2013 und soll k\u00fcnftig weiter ausgebaut werden.<\/p>\n","protected":false},"excerpt":{"rendered":"Bewegung erhalten, Mobilit\u00e4t zur\u00fcckgewinnen und Menschen m\u00f6glichst lange ein aktives Leben erm\u00f6glichen: Mit dem Zukunftskonzept \u201eDon\u2019t worry. Be&hellip;\n","protected":false},"author":2,"featured_media":1275895,"comment_status":"","ping_status":"","sticky":false,"template":"","format":"standard","meta":{"footnotes":"","_share_on_mastodon":"0"},"categories":[1840],"tags":[263310,703,263311,263313,3364,29,30,21858,263314,2015,3263,136444,43081,1466,1209,77017,18354,263312,4418,10958,263309],"class_list":["post-1275894","post","type-post","status-publish","format-standard","has-post-thumbnail","category-wuppertal","tag-active","tag-bewegung","tag-bewegungsapparat","tag-bewegungsoffensive","tag-de","tag-deutschland","tag-germany","tag-josef","tag-kinderorthopaedie","tag-konzept","tag-krankenhaus","tag-krankenhausbehandlung","tag-mittelpunkt","tag-mobilitaet","tag-nordrhein-westfalen","tag-orthopaedie","tag-richtet","tag-sportorthopaedie","tag-wuppertal","tag-zentrale","tag-zukunftskonzept"],"share_on_mastodon":{"url":"https:\/\/pubeurope.com\/@de\/117201674438120294","error":""},"_links":{"self":[{"href":"https:\/\/www.europesays.com\/de\/wp-json\/wp\/v2\/posts\/1275894","targetHints":{"allow":["GET"]}}],"collection":[{"href":"https:\/\/www.europesays.com\/de\/wp-json\/wp\/v2\/posts"}],"about":[{"href":"https:\/\/www.europesays.com\/de\/wp-json\/wp\/v2\/types\/post"}],"author":[{"embeddable":true,"href":"https:\/\/www.europesays.com\/de\/wp-json\/wp\/v2\/users\/2"}],"replies":[{"embeddable":true,"href":"https:\/\/www.europesays.com\/de\/wp-json\/wp\/v2\/comments?post=1275894"}],"version-history":[{"count":0,"href":"https:\/\/www.europesays.com\/de\/wp-json\/wp\/v2\/posts\/1275894\/revisions"}],"wp:featuredmedia":[{"embeddable":true,"href":"https:\/\/www.europesays.com\/de\/wp-json\/wp\/v2\/media\/1275895"}],"wp:attachment":[{"href":"https:\/\/www.europesays.com\/de\/wp-json\/wp\/v2\/media?parent=1275894"}],"wp:term":[{"taxonomy":"category","embeddable":true,"href":"https:\/\/www.europesays.com\/de\/wp-json\/wp\/v2\/categories?post=1275894"},{"taxonomy":"post_tag","embeddable":true,"href":"https:\/\/www.europesays.com\/de\/wp-json\/wp\/v2\/tags?post=1275894"}],"curies":[{"name":"wp","href":"https:\/\/api.w.org\/{rel}","templated":true}]}}