{"id":1275922,"date":"2026-09-02T13:43:24","date_gmt":"2026-09-02T13:43:24","guid":{"rendered":"https:\/\/www.europesays.com\/de\/1275922\/"},"modified":"2026-09-02T13:43:24","modified_gmt":"2026-09-02T13:43:24","slug":"ns-medizinverbrechen-im-altkreis-moers-neues-buch","status":"publish","type":"post","link":"https:\/\/www.europesays.com\/de\/1275922\/","title":{"rendered":"NS-Medizinverbrechen im Altkreis Moers: neues Buch"},"content":{"rendered":"<p class=\"text_ohne_einzug richtext text-em-55 !leading-serif mx-6 desktop:mx-0\">  Zwangssterilisation, \u201eEuthanasie\u201c und die systematische Ausgrenzung, Verfolgung und Ermordung kranker und behinderter Menschen: Auch im Altkreis <a href=\"https:\/\/rp-online.de\/thema\/moers\/\" rel=\"nofollow noopener\" target=\"_blank\">Moers<\/a> hinterlie\u00df die nationalsozialistische Gesundheitspolitik tiefe Spuren. Eine neue Publikation widmet sich diesen lange wenig beachteten Verbrechen und den Schicksalen der betroffenen Menschen.<\/p>\n<p class=\"richtext text-em-55 !leading-serif mx-6 desktop:mx-0\">Am Mittwoch, 9. September 2026, um 18 Uhr stellen der Verein \u201eErinnern f\u00fcr die Zukunft\u201c und die NS-Dokumentationsstelle der Stadt Moers das Buch \u201eNS-Medizinverbrechen im Altkreis Moers \u2013 Zwangssterilisation und \u201aEuthanasie\u2018 1933 bis 1945\u201c im Alten Landratsamt vor.<\/p>\n<p class=\"richtext text-em-55 !leading-serif mx-6 desktop:mx-0\">Das 250-seitige Buch b\u00fcndelt die mehrj\u00e4hrigen Forschungen der Autorinnen und Autoren und zeichnet nach, wie die NS-Ideologie von \u201eErbgesundheit&#8220; und \u201eRassehygiene&#8220; vor Ort umgesetzt wurde und was sie f\u00fcr die betroffenen Menschen bedeutete. Bei der Buchvorstellung geben die Mitwirkenden Einblicke in ihre Recherchen und erl\u00e4utern die Bedeutung der regionalen Aufarbeitung.<\/p>\n<p>Erinnerung an die Opfer wachhalten      <\/p>\n<p class=\"richtext text-em-55 !leading-serif mx-6 desktop:mx-0\">Die Veranstaltung findet am Mittwoch, 9. September, im Gro\u00dfen Saal des Alten Landratsamts, Kastell 5, statt. Der Eintritt ist frei. Das Buch ist f\u00fcr 25 Euro erh\u00e4ltlich. Die Veranstalter laden alle Interessierten ein, \u201esich mit diesem wichtigen Kapitel der Moerser Regionalgeschichte auseinanderzusetzen \u2013 und damit auch die Erinnerung an die Opfer wachzuhalten\u201c.<\/p>\n","protected":false},"excerpt":{"rendered":"Zwangssterilisation, \u201eEuthanasie\u201c und die systematische Ausgrenzung, Verfolgung und Ermordung kranker und behinderter Menschen: Auch im Altkreis Moers hinterlie\u00df&hellip;\n","protected":false},"author":2,"featured_media":1275923,"comment_status":"","ping_status":"","sticky":false,"template":"","format":"standard","meta":{"footnotes":"","_share_on_mastodon":"0"},"categories":[1838],"tags":[3807,21778,33023,1797,7209,3364,29,3715,52502,30,1209,263319],"class_list":["post-1275922","post","type-post","status-publish","format-standard","has-post-thumbnail","category-duisburg","tag-moers","tag-altkreis","tag-betroffenen","tag-buch","tag-buchvorstellung","tag-de","tag-deutschland","tag-duisburg","tag-euthanasie","tag-germany","tag-nordrhein-westfalen","tag-zwangssterilisation"],"share_on_mastodon":{"url":"https:\/\/pubeurope.com\/@de\/117201745166628639","error":""},"_links":{"self":[{"href":"https:\/\/www.europesays.com\/de\/wp-json\/wp\/v2\/posts\/1275922","targetHints":{"allow":["GET"]}}],"collection":[{"href":"https:\/\/www.europesays.com\/de\/wp-json\/wp\/v2\/posts"}],"about":[{"href":"https:\/\/www.europesays.com\/de\/wp-json\/wp\/v2\/types\/post"}],"author":[{"embeddable":true,"href":"https:\/\/www.europesays.com\/de\/wp-json\/wp\/v2\/users\/2"}],"replies":[{"embeddable":true,"href":"https:\/\/www.europesays.com\/de\/wp-json\/wp\/v2\/comments?post=1275922"}],"version-history":[{"count":0,"href":"https:\/\/www.europesays.com\/de\/wp-json\/wp\/v2\/posts\/1275922\/revisions"}],"wp:featuredmedia":[{"embeddable":true,"href":"https:\/\/www.europesays.com\/de\/wp-json\/wp\/v2\/media\/1275923"}],"wp:attachment":[{"href":"https:\/\/www.europesays.com\/de\/wp-json\/wp\/v2\/media?parent=1275922"}],"wp:term":[{"taxonomy":"category","embeddable":true,"href":"https:\/\/www.europesays.com\/de\/wp-json\/wp\/v2\/categories?post=1275922"},{"taxonomy":"post_tag","embeddable":true,"href":"https:\/\/www.europesays.com\/de\/wp-json\/wp\/v2\/tags?post=1275922"}],"curies":[{"name":"wp","href":"https:\/\/api.w.org\/{rel}","templated":true}]}}