{"id":1275937,"date":"2026-09-02T13:54:16","date_gmt":"2026-09-02T13:54:16","guid":{"rendered":"https:\/\/www.europesays.com\/de\/1275937\/"},"modified":"2026-09-02T13:54:16","modified_gmt":"2026-09-02T13:54:16","slug":"pol-del-landkreis-wesermarsch-polizei-sucht-zeugen-nach-verkehrsunfall-in","status":"publish","type":"post","link":"https:\/\/www.europesays.com\/de\/1275937\/","title":{"rendered":"POL-DEL: Landkreis Wesermarsch: Polizei sucht Zeugen nach Verkehrsunfall in &#8230;"},"content":{"rendered":"<p class=\"date\">02.09.2026 \u2013 14:44<\/p>\n<p class=\"customer\">\n                        <a class=\"story-customer\" title=\"weiter zum newsroom von Polizeiinspektion Delmenhorst \/ Oldenburg - Land \/ Wesermarsch\" href=\"https:\/\/www.presseportal.de\/blaulicht\/nr\/68438\" rel=\"nofollow noopener\" target=\"_blank\">Polizeiinspektion Delmenhorst \/ Oldenburg &#8211; Land \/ Wesermarsch<\/a>\n                    <\/p>\n<p><a data-category=\"citylink-story-view\" data-action=\"click\" data-label=\"Citylink in Meldungsansicht\" class=\"story-city event-trigger\" href=\"https:\/\/www.presseportal.de\/regional\/Delmenhorst\" title=\"News aus Delmenhorst \" rel=\"nofollow noopener\" target=\"_blank\">Delmenhorst<\/a> (ots)<\/p>\n<p>Die Polizei Butjadingen sucht Zeuginnen und Zeugen sowie den bislang unbekannten Beteiligten eines Verkehrsunfalls, der sich am Mittwoch, 2. September 2026, gegen 13:35 Uhr auf der Burhaver Stra\u00dfe in Butjadingen ereignet hat.<\/p>\n<p>Nach derzeitigem Stand der Ermittlungen geriet die Fahrerin eines Mercedes-Benz aus bislang ungekl\u00e4rter Ursache leicht auf die Fahrspur des Gegenverkehrs. Dabei kam es zum Zusammensto\u00df der jeweiligen Au\u00dfenspiegel mit einem entgegenkommenden, bislang unbekannten Fahrzeug.<\/p>\n<p>Ein hinter dem Mercedes fahrender Zeuge stellte anschlie\u00dfend fest, dass an dem entgegenkommenden Fahrzeug Sch\u00e4den entstanden waren. Der bislang unbekannte Fahrzeugf\u00fchrer bzw. die Fahrzeugf\u00fchrerin setzte die Fahrt jedoch fort, ohne sich um die Regulierung des entstandenen Schadens zu k\u00fcmmern.<\/p>\n<p>Bei dem entgegenkommenden Fahrzeug soll es sich nach bisherigen Erkenntnissen um einen roten BMW gehandelt haben. Ob an dem BMW tats\u00e4chlich ein Schaden entstanden ist und wie hoch dieser gegebenenfalls ausf\u00e4llt, ist derzeit nicht bekannt.<\/p>\n<p>Die Polizei sucht insbesondere den Fahrer oder die Fahrerin des roten BMW sowie weitere Personen, die den Unfall beobachtet haben oder Angaben zum Unfallhergang beziehungsweise zum beteiligten Fahrzeug machen k\u00f6nnen.<\/p>\n<p>Zeuginnen und Zeugen sowie der bislang unbekannte Unfallbeteiligte werden gebeten, sich bei der Polizei Butjadingen unter der Telefonnummer 04733\/174200 zu melden.<\/p>\n<p class=\"contact-headline\">R\u00fcckfragen bitte an:<\/p>\n<p class=\"contact-text\">Ronja Weser<br \/>Polizeiinspektion Delmenhorst\/Oldenburg-Land\/Wesermarsch<br \/>Pressestelle<br \/>Telefon: 04221-1559104<br \/>E-Mail: <a href=\"https:\/\/www.presseportal.de\/blaulicht\/pm\/68438\/mailto:pressestelle@pi-del.polizei.niedersachsen.de\" class=\"uri-mailto\" rel=\"nofollow noopener\" target=\"_blank\">pressestelle@pi-del.polizei.niedersachsen.de<\/a> <br \/>Homepage: <a target=\"_blank\" class=\"uri-ext outbound\" rel=\"noopener nofollow\" href=\"https:\/\/t.co\/aQZG7qf8EJ\">https:\/\/t.co\/aQZG7qf8EJ<\/a><br \/>Social Media: <a target=\"_blank\" class=\"uri-ext outbound\" rel=\"noopener nofollow\" href=\"https:\/\/x.com\/Polizei_DEL\">https:\/\/x.com\/Polizei_DEL<\/a><\/p>\n<p class=\"originator\">Original-Content von: Polizeiinspektion Delmenhorst \/ Oldenburg &#8211; Land \/ Wesermarsch, \u00fcbermittelt durch news aktuell<\/p>\n","protected":false},"excerpt":{"rendered":"02.09.2026 \u2013 14:44 Polizeiinspektion Delmenhorst \/ Oldenburg &#8211; Land \/ Wesermarsch Delmenhorst (ots) Die Polizei Butjadingen sucht Zeuginnen&hellip;\n","protected":false},"author":2,"featured_media":1266941,"comment_status":"","ping_status":"","sticky":false,"template":"","format":"standard","meta":{"footnotes":"","_share_on_mastodon":"0"},"categories":[1824],"tags":[2420,3364,29,30,177,5404,121,178,180,179,181],"class_list":["post-1275937","post","type-post","status-publish","format-standard","has-post-thumbnail","category-bremen","tag-bremen","tag-de","tag-deutschland","tag-germany","tag-kriminalitt","tag-ni","tag-polizei","tag-presse","tag-pressemeldung","tag-pressemitteilung","tag-pressemitteilungen"],"share_on_mastodon":{"url":"https:\/\/pubeurope.com\/@de\/117201788478018102","error":""},"_links":{"self":[{"href":"https:\/\/www.europesays.com\/de\/wp-json\/wp\/v2\/posts\/1275937","targetHints":{"allow":["GET"]}}],"collection":[{"href":"https:\/\/www.europesays.com\/de\/wp-json\/wp\/v2\/posts"}],"about":[{"href":"https:\/\/www.europesays.com\/de\/wp-json\/wp\/v2\/types\/post"}],"author":[{"embeddable":true,"href":"https:\/\/www.europesays.com\/de\/wp-json\/wp\/v2\/users\/2"}],"replies":[{"embeddable":true,"href":"https:\/\/www.europesays.com\/de\/wp-json\/wp\/v2\/comments?post=1275937"}],"version-history":[{"count":0,"href":"https:\/\/www.europesays.com\/de\/wp-json\/wp\/v2\/posts\/1275937\/revisions"}],"wp:featuredmedia":[{"embeddable":true,"href":"https:\/\/www.europesays.com\/de\/wp-json\/wp\/v2\/media\/1266941"}],"wp:attachment":[{"href":"https:\/\/www.europesays.com\/de\/wp-json\/wp\/v2\/media?parent=1275937"}],"wp:term":[{"taxonomy":"category","embeddable":true,"href":"https:\/\/www.europesays.com\/de\/wp-json\/wp\/v2\/categories?post=1275937"},{"taxonomy":"post_tag","embeddable":true,"href":"https:\/\/www.europesays.com\/de\/wp-json\/wp\/v2\/tags?post=1275937"}],"curies":[{"name":"wp","href":"https:\/\/api.w.org\/{rel}","templated":true}]}}