{"id":1275943,"date":"2026-09-02T13:58:19","date_gmt":"2026-09-02T13:58:19","guid":{"rendered":"https:\/\/www.europesays.com\/de\/1275943\/"},"modified":"2026-09-02T13:58:19","modified_gmt":"2026-09-02T13:58:19","slug":"herwingweg-stadt-soll-missstaende-nach-beschwerden-pruefen","status":"publish","type":"post","link":"https:\/\/www.europesays.com\/de\/1275943\/","title":{"rendered":"Herwingweg: Stadt soll Missst\u00e4nde nach Beschwerden pr\u00fcfen"},"content":{"rendered":"<p>\t\tMissst\u00e4nde am Herwingweg<br \/>\n\t\t\t\t\tBezirksb\u00fcrgermeister schaltet Verwaltung ein<\/p>\n<p>\t\t\t\t<a class=\"article-author__name\" href=\"https:\/\/www.ruhrnachrichten.de\/author\/melina-arntzen\/\" rel=\"author nofollow noopener\" target=\"_blank\">Melina Arntzen<\/a><br \/>\n\t\tVolont\u00e4rin<\/p>\n<p>    <a href=\"https:\/\/www.ruhrnachrichten.de\/wp-content\/uploads\/2026\/09\/02\/12\/630_0900_6780981_-1648x824.jpg\" rel=\"nofollow noopener\" target=\"_blank\"><\/p>\n<p>            <img decoding=\"async\" fetchpriority=\"high\" src=\"https:\/\/www.europesays.com\/de\/wp-content\/uploads\/2026\/09\/630_0900_6780980_-640x426.jpg\" width=\"640\" height=\"426\"  alt=\"Mehrfamilienhaus am Herwingweg in Wickede\"\/><\/p>\n<p>    <\/a><br \/>\n    Nach dem Kellerbrand und Berichten \u00fcber Missst\u00e4nde soll den Bewohnern am Herwingweg nun geholfen werden. \u00a9 Melina Arntzen<\/p>\n<p class=\"article__teaser-text\">Nach dem Kellerbrand und den Berichten \u00fcber Missst\u00e4nde am Herwingweg schaltet sich Bezirksb\u00fcrgermeister Dirk Sanke ein. Nun soll den Bewohnern geholfen werden.<\/p>\n<p>1 Min Lesezeit<\/p>\n<p>Menschen soll geholfen werden<\/p>\n","protected":false},"excerpt":{"rendered":"Missst\u00e4nde am Herwingweg Bezirksb\u00fcrgermeister schaltet Verwaltung ein Melina Arntzen Volont\u00e4rin Nach dem Kellerbrand und Berichten \u00fcber Missst\u00e4nde soll&hellip;\n","protected":false},"author":2,"featured_media":1275944,"comment_status":"","ping_status":"","sticky":false,"template":"","format":"standard","meta":{"footnotes":"","_share_on_mastodon":"0"},"categories":[1833],"tags":[3364,29,217,30,3566,1209,1463],"class_list":["post-1275943","post","type-post","status-publish","format-standard","has-post-thumbnail","category-dortmund","tag-de","tag-deutschland","tag-dortmund","tag-germany","tag-immobilien-wohnen","tag-nordrhein-westfalen","tag-wohnen"],"share_on_mastodon":{"url":"","error":""},"_links":{"self":[{"href":"https:\/\/www.europesays.com\/de\/wp-json\/wp\/v2\/posts\/1275943","targetHints":{"allow":["GET"]}}],"collection":[{"href":"https:\/\/www.europesays.com\/de\/wp-json\/wp\/v2\/posts"}],"about":[{"href":"https:\/\/www.europesays.com\/de\/wp-json\/wp\/v2\/types\/post"}],"author":[{"embeddable":true,"href":"https:\/\/www.europesays.com\/de\/wp-json\/wp\/v2\/users\/2"}],"replies":[{"embeddable":true,"href":"https:\/\/www.europesays.com\/de\/wp-json\/wp\/v2\/comments?post=1275943"}],"version-history":[{"count":0,"href":"https:\/\/www.europesays.com\/de\/wp-json\/wp\/v2\/posts\/1275943\/revisions"}],"wp:featuredmedia":[{"embeddable":true,"href":"https:\/\/www.europesays.com\/de\/wp-json\/wp\/v2\/media\/1275944"}],"wp:attachment":[{"href":"https:\/\/www.europesays.com\/de\/wp-json\/wp\/v2\/media?parent=1275943"}],"wp:term":[{"taxonomy":"category","embeddable":true,"href":"https:\/\/www.europesays.com\/de\/wp-json\/wp\/v2\/categories?post=1275943"},{"taxonomy":"post_tag","embeddable":true,"href":"https:\/\/www.europesays.com\/de\/wp-json\/wp\/v2\/tags?post=1275943"}],"curies":[{"name":"wp","href":"https:\/\/api.w.org\/{rel}","templated":true}]}}