{"id":1275949,"date":"2026-09-02T14:02:24","date_gmt":"2026-09-02T14:02:24","guid":{"rendered":"https:\/\/www.europesays.com\/de\/1275949\/"},"modified":"2026-09-02T14:02:24","modified_gmt":"2026-09-02T14:02:24","slug":"drohnen-bombe-in-leipzig-ermittler-identifizieren-zwei-verdaechtige","status":"publish","type":"post","link":"https:\/\/www.europesays.com\/de\/1275949\/","title":{"rendered":"Drohnen-Bombe in Leipzig: Ermittler identifizieren zwei Verd\u00e4chtige"},"content":{"rendered":"<p>Drohnenbombe in Leipzig <\/p>\n<p>Tatverd\u00e4chtige wohl identifiziert<\/p>\n<p>02.09.2026 &#8211; 15:17 UhrLesedauer: 2 Min.<\/p>\n<p><a href=\"#focus-0\" class=\"transition-colors block text-current relative\" data-sctrack=\"FocusGalleryImage.Reference\"><img fetchpriority=\"high\" data-testid=\"Opener.Image\"   loading=\"eager\" src=\"https:\/\/www.europesays.com\/de\/wp-content\/uploads\/2026\/09\/die-bundesregierung-macht-russland-fuer-den-drohnen-vorfall-in-leipzig-verantwortlich-archivbild.jpg\" alt=\"Drohnen-Vorfall am Flughafen Leipzig\/Halle\" title=\"Drohnen-Vorfall am Flughafen Leipzig\/Halle\" width=\"2048\" height=\"1152\" class=\"bg-[url:var(--lqipURL)] bg-cover bg-center flex h-full w-full max-w-full\" style=\"--lqipURL:url('https:\/\/images.t-online.de\/2026\/09\/lQSyLmvdnnmF\/0x59:2048x1152\/fit-in\/150x0\/filters:blur(25)\/die-bundesregierung-macht-russland-fuer-den-drohnen-vorfall-in-leipzig-verantwortlich-archivbild.jpg')\" decoding=\"async\"\/><img loading=\"lazy\" src=\"https:\/\/www.t-online.de\/s\/paper\/_next\/static\/media\/zoom-in.f7dae02f.svg\" alt=\"Vergr\u00f6\u00dfern des Bildes\" title=\"Vergr\u00f6\u00dfern des Bildes\" class=\"block h-[calc(var(--height)_\/_16_*_1rem)] w-[calc(var(--width)_\/_16_*_1rem)] max-w-none absolute right-8 bottom-8 rounded-4 bg-snow p-8\" style=\"--width:32;--height:32\" decoding=\"async\"\/><\/a><\/p>\n<p>Die Bundesregierung macht Russland f\u00fcr den Drohnen-Vorfall in Leipzig verantwortlich. (Archivbild) (Quelle: Hendrik Schmidt\/dpa\/dpa-bilder)<\/p>\n<p><img loading=\"lazy\" src=\"https:\/\/www.t-online.de\/s\/paper\/_next\/static\/media\/audio-volume.6689034c.svg\" alt=\"\" title=\"\" class=\"block h-[calc(var(--height)_\/_16_*_1rem)] w-[calc(var(--width)_\/_16_*_1rem)] max-w-none group-hover:brightness-0 group-hover:invert\" style=\"--width:16;--height:16\" decoding=\"async\"\/>Vorlesen<\/p>\n<p>Aktuelle Zeit:0:00Gesamtdauer:0:00<\/p>\n<p>1x<img loading=\"lazy\" src=\"https:\/\/www.t-online.de\/s\/paper\/_next\/static\/media\/font-sizes.32942e33.svg\" alt=\"\" title=\"\" class=\"block h-[calc(var(--height)_\/_16_*_1rem)] w-[calc(var(--width)_\/_16_*_1rem)] max-w-none group-hover:hidden group-aria-expanded:hidden\" style=\"--width:16;--height:16\" decoding=\"async\"\/><img loading=\"lazy\" src=\"https:\/\/www.t-online.de\/s\/paper\/_next\/static\/media\/font-sizes-dark-mode.e382645c.svg\" alt=\"\" title=\"\" class=\"block h-[calc(var(--height)_\/_16_*_1rem)] w-[calc(var(--width)_\/_16_*_1rem)] max-w-none hidden group-hover:block group-aria-expanded:block\" style=\"--width:16;--height:16\" decoding=\"async\"\/><img loading=\"lazy\" src=\"https:\/\/www.t-online.de\/s\/paper\/_next\/static\/media\/sharing-menu-icon.1eb71368.svg\" alt=\"\" title=\"\" class=\"block h-[calc(var(--height)_\/_16_*_1rem)] w-[calc(var(--width)_\/_16_*_1rem)] max-w-none group-hover:brightness-0 group-hover:invert\" style=\"--width:16;--height:16\" decoding=\"async\"\/>Artikel teilen<\/p>\n<p class=\"font-bold text-18 leading-17 user-text-lg:text-22 user-text-xl:text-24\">Nach dem versuchten Sprengstoffanschlag auf dem Flughafen Leipzig\/Halle r\u00fccken zwei M\u00e4nner in den Fokus der Ermittler. Beide sollen Verbindungen nach Russland haben.<\/p>\n<p class=\"text-18 leading-17 user-text-lg:text-22 user-text-xl:text-24\">Die Ermittler haben nach eigener Einsch\u00e4tzung zwei m\u00f6gliche T\u00e4ter im Fall des Drohnenanschlags von <a href=\"https:\/\/leipzig.t-online.de\/region\/leipzig\/\" class=\"transition-colors cursor-pointer no-underline md:hover:text-magenta md:focus:text-magenta border-b border-solid border-current text-salemsfur md:hover:border-magenta\" data-tracking=\"{&quot;action&quot;:&quot;click&quot;,&quot;category&quot;:&quot;intextLink&quot;,&quot;label&quot;:&quot;https:\/\/leipzig.t-online.de\/region\/leipzig\/&quot;}\" data-sctrack=\"BodyAnchor\" rel=\"nofollow noopener\" target=\"_blank\">Leipzig<\/a> identifiziert. Das berichten &#8222;S\u00fcddeutsche Zeitung&#8220;, <a href=\"https:\/\/www.t-online.de\/themen\/ndr\/\" class=\"transition-colors cursor-pointer no-underline md:hover:text-magenta md:focus:text-magenta border-b border-solid border-current text-salemsfur md:hover:border-magenta\" data-tracking=\"{&quot;action&quot;:&quot;click&quot;,&quot;category&quot;:&quot;intextLink&quot;,&quot;label&quot;:&quot;\/themen\/ndr\/&quot;}\" data-sctrack=\"BodyAnchor\" rel=\"nofollow noopener\" target=\"_blank\">NDR<\/a> und WDR \u00fcbereinstimmend. Es handele sich um einen geb\u00fcrtigen Russen mit lettischem Pass sowie einen Mann aus <a href=\"https:\/\/www.t-online.de\/themen\/belarus\/\" class=\"transition-colors cursor-pointer no-underline md:hover:text-magenta md:focus:text-magenta border-b border-solid border-current text-salemsfur md:hover:border-magenta\" data-tracking=\"{&quot;action&quot;:&quot;click&quot;,&quot;category&quot;:&quot;intextLink&quot;,&quot;label&quot;:&quot;\/themen\/belarus\/&quot;}\" data-sctrack=\"BodyAnchor\" rel=\"nofollow noopener\" target=\"_blank\">Belarus<\/a> mit russischem Pass. Bei dem Vorfall Anfang August war eine mit Sprengstoff pr\u00e4parierte Drohne in der N\u00e4he ukrainischer Frachtmaschinen entdeckt worden.<\/p>\n<p class=\"text-18 leading-17 user-text-lg:text-22 user-text-xl:text-24\">Bundesinnenminister <a href=\"https:\/\/www.t-online.de\/themen\/alexander-dobrindt\/\" class=\"transition-colors cursor-pointer no-underline md:hover:text-magenta md:focus:text-magenta border-b border-solid border-current text-salemsfur md:hover:border-magenta\" data-tracking=\"{&quot;action&quot;:&quot;click&quot;,&quot;category&quot;:&quot;intextLink&quot;,&quot;label&quot;:&quot;\/themen\/alexander-dobrindt\/&quot;}\" data-sctrack=\"BodyAnchor\" rel=\"nofollow noopener\" target=\"_blank\">Alexander Dobrindt<\/a> (CSU) hatte den Anschlagsversuch am Dienstag \u00f6ffentlich <a href=\"https:\/\/www.t-online.de\/themen\/russland\/\" class=\"transition-colors cursor-pointer no-underline md:hover:text-magenta md:focus:text-magenta border-b border-solid border-current text-salemsfur md:hover:border-magenta\" data-tracking=\"{&quot;action&quot;:&quot;click&quot;,&quot;category&quot;:&quot;intextLink&quot;,&quot;label&quot;:&quot;\/themen\/russland\/&quot;}\" data-sctrack=\"BodyAnchor\" rel=\"nofollow noopener\" target=\"_blank\">Russland<\/a> zugeschrieben. Der Angriff sei mit einem &#8222;hohen Ma\u00dfe an technischer Expertise und erheblichem organisatorischem Aufwand&#8220; geplant und durchgef\u00fchrt worden, sagte Dobrindt. Er erkenne darin das &#8222;bekannte Muster hybrider russischer Operationen in Europa&#8220;.<\/p>\n<ul class=\"text-18 leading-17 block pl-24 *:pb-16 *:before:inline-block *:before:size-8 *:before:bg-magenta *:before:mt-0 *:before:mr-12 *:before:mb-2 *:before:-ml-[20px]\">\n<li><strong class=\"font-bold\">K\u00f6ln<\/strong>: <a href=\"https:\/\/www.t-online.de\/nachrichten\/deutschland\/id_101416704\/umspannwerk-in-nrw-anfangsverdacht-verfassungsfeindlicher-sabotage-.html\" class=\"transition-colors cursor-pointer no-underline md:hover:text-magenta md:focus:text-magenta border-b border-solid border-current text-salemsfur md:hover:border-magenta\" data-tracking=\"{&quot;action&quot;:&quot;click&quot;,&quot;category&quot;:&quot;intextLink&quot;,&quot;label&quot;:&quot;\/nachrichten\/deutschland\/id_101416704\/umspannwerk-in-nrw-anfangsverdacht-verfassungsfeindlicher-sabotage-.html&quot;}\" data-sctrack=\"BodyAnchor\" rel=\"nofollow noopener\" target=\"_blank\">Polizei stuft Umspannwerk-Vorfall als Anschlag ein<\/a><\/li>\n<li><strong class=\"font-bold\">Bergheim<\/strong>: <a href=\"https:\/\/koeln.t-online.de\/region\/koeln\/id_101416046\/bergheim-bei-koeln-ermittler-finden-sechs-abschussvorrichtungen.html\" class=\"transition-colors cursor-pointer no-underline md:hover:text-magenta md:focus:text-magenta border-b border-solid border-current text-salemsfur md:hover:border-magenta\" data-tracking=\"{&quot;action&quot;:&quot;click&quot;,&quot;category&quot;:&quot;intextLink&quot;,&quot;label&quot;:&quot;https:\/\/koeln.t-online.de\/region\/koeln\/id_101416046\/bergheim-bei-koeln-ermittler-finden-sechs-abschussvorrichtungen.html&quot;}\" data-sctrack=\"BodyAnchor\" rel=\"nofollow noopener\" target=\"_blank\">Ermittler finden sechs Abschussvorrichtungen<\/a><\/li>\n<\/ul>\n<p class=\"text-18 leading-17 user-text-lg:text-22 user-text-xl:text-24\">Die bisherigen Erkenntnisse deuteten auf Personen hin, die im Auftrag russischer staatlicher Stellen gehandelt h\u00e4tten, sagte Dobrindt und sprach von &#8222;Low-Level-Agenten&#8220; \u2013 damit sind Handlanger ohne direkte Anbindung an den russischen Geheimdienst gemeint, die f\u00fcr einzelne Operationen angeworben werden. Namen nannte der Minister nicht.<\/p>\n<p>Einreise \u00fcber Berlin und DNA-Spuren am Tatort<\/p>\n<p class=\"text-18 leading-17 user-text-lg:text-22 user-text-xl:text-24\">Nach Recherchen von SZ, NDR und WDR soll der Mann mit lettischem Pass Ende Juli \u00fcber den <a href=\"https:\/\/www.t-online.de\/themen\/flughafen\/\" class=\"transition-colors cursor-pointer no-underline md:hover:text-magenta md:focus:text-magenta border-b border-solid border-current text-salemsfur md:hover:border-magenta\" data-tracking=\"{&quot;action&quot;:&quot;click&quot;,&quot;category&quot;:&quot;intextLink&quot;,&quot;label&quot;:&quot;\/themen\/flughafen\/&quot;}\" data-sctrack=\"BodyAnchor\" rel=\"nofollow noopener\" target=\"_blank\">Flughafen<\/a> <a href=\"https:\/\/www.t-online.de\/themen\/ber\/\" class=\"transition-colors cursor-pointer no-underline md:hover:text-magenta md:focus:text-magenta border-b border-solid border-current text-salemsfur md:hover:border-magenta\" data-tracking=\"{&quot;action&quot;:&quot;click&quot;,&quot;category&quot;:&quot;intextLink&quot;,&quot;label&quot;:&quot;\/themen\/ber\/&quot;}\" data-sctrack=\"BodyAnchor\" rel=\"nofollow noopener\" target=\"_blank\">BER<\/a> nach Deutschland eingereist und anschlie\u00dfend mit einem Mietwagen in Richtung Leipzig gefahren sein. Zwei Tage vor dem gescheiterten Anschlag habe er Deutschland wieder verlassen, erneut \u00fcber den BER. Die Ermittler ordnen ihm die Rolle des Logistikers und Instrukteurs zu.<\/p>\n<p class=\"text-18 leading-17 user-text-lg:text-22 user-text-xl:text-24\">Der zweite Verd\u00e4chtige sei \u00fcber DNA-Spuren identifiziert worden, die an einer Drohne, einer mit Sprengstoff gef\u00fcllten Konservendose sowie an einer Antenne in Flughafenn\u00e4he sichergestellt wurden. Der Abgleich mit europ\u00e4ischen Datenbanken habe Treffer in <a href=\"https:\/\/www.t-online.de\/themen\/litauen\/\" class=\"transition-colors cursor-pointer no-underline md:hover:text-magenta md:focus:text-magenta border-b border-solid border-current text-salemsfur md:hover:border-magenta\" data-tracking=\"{&quot;action&quot;:&quot;click&quot;,&quot;category&quot;:&quot;intextLink&quot;,&quot;label&quot;:&quot;\/themen\/litauen\/&quot;}\" data-sctrack=\"BodyAnchor\" rel=\"nofollow noopener\" target=\"_blank\">Litauen<\/a> und <a href=\"https:\/\/www.t-online.de\/themen\/finnland\/\" class=\"transition-colors cursor-pointer no-underline md:hover:text-magenta md:focus:text-magenta border-b border-solid border-current text-salemsfur md:hover:border-magenta\" data-tracking=\"{&quot;action&quot;:&quot;click&quot;,&quot;category&quot;:&quot;intextLink&quot;,&quot;label&quot;:&quot;\/themen\/finnland\/&quot;}\" data-sctrack=\"BodyAnchor\" rel=\"nofollow noopener\" target=\"_blank\">Finnland<\/a> ergeben. Der Mann soll demnach mit einem italienischen Touristenvisum eingereist sein, das Ende April an einer italienischen Vertretung in Minsk ausgestellt wurde.<\/p>\n<p>Ermittler zweifeln an Festnahme<\/p>\n<p class=\"text-18 leading-17 user-text-lg:text-22 user-text-xl:text-24\">Ob die mutma\u00dflichen T\u00e4ter zur Verantwortung gezogen werden k\u00f6nnen, ist unwahrscheinlich. Schon nach fr\u00fcheren F\u00e4llen mutma\u00dflicher russischer Staatsagenten, etwa dem Bundestagshack 2015, war es den Beh\u00f6rden nicht gelungen, Verd\u00e4chtige festzunehmen, weil diese nicht erneut nach Europa eingereist waren.<\/p>\n<p class=\"text-18 leading-17 user-text-lg:text-22 user-text-xl:text-24\"><a href=\"https:\/\/www.t-online.de\/themen\/moskau\/\" class=\"transition-colors cursor-pointer no-underline md:hover:text-magenta md:focus:text-magenta border-b border-solid border-current text-salemsfur md:hover:border-magenta\" data-tracking=\"{&quot;action&quot;:&quot;click&quot;,&quot;category&quot;:&quot;intextLink&quot;,&quot;label&quot;:&quot;\/themen\/moskau\/&quot;}\" data-sctrack=\"BodyAnchor\" rel=\"nofollow noopener\" target=\"_blank\">Moskau<\/a> weist eine Verantwortung f\u00fcr den Anschlagsversuch zur\u00fcck. Die russische Botschaft in Berlin sprach von einer &#8222;hastig zusammengezimmerten Provokation&#8220; und zeigte sich &#8222;besorgt \u00fcber eine neue Welle antirussischer Hysterie in Deutschland&#8220;. Die <a href=\"https:\/\/www.t-online.de\/themen\/bundesregierung\/\" class=\"transition-colors cursor-pointer no-underline md:hover:text-magenta md:focus:text-magenta border-b border-solid border-current text-salemsfur md:hover:border-magenta\" data-tracking=\"{&quot;action&quot;:&quot;click&quot;,&quot;category&quot;:&quot;intextLink&quot;,&quot;label&quot;:&quot;\/themen\/bundesregierung\/&quot;}\" data-sctrack=\"BodyAnchor\" rel=\"nofollow noopener\" target=\"_blank\">Bundesregierung<\/a> hatte als Reaktion unter anderem die Schlie\u00dfung des Russischen Hauses in Berlin sowie des russischen Generalkonsulats in Bonn angek\u00fcndigt. Die EU-Au\u00dfenbeauftragte Kaja Kallas sprach von einem Vorfall mit &#8222;allen Merkmalen von staatlich gef\u00f6rdertem Terrorismus&#8220;.<\/p>\n","protected":false},"excerpt":{"rendered":"Drohnenbombe in Leipzig Tatverd\u00e4chtige wohl identifiziert 02.09.2026 &#8211; 15:17 UhrLesedauer: 2 Min. Die Bundesregierung macht Russland f\u00fcr den&hellip;\n","protected":false},"author":2,"featured_media":1275950,"comment_status":"","ping_status":"","sticky":false,"template":"","format":"standard","meta":{"footnotes":"","_share_on_mastodon":"0"},"categories":[1832],"tags":[326,20,916,13410,37213,296,1173,774,3364,29,1478,261883,263334,663,7563,30,1420,71,438,121,307,859,66978,4403,225],"class_list":["post-1275949","post","type-post","status-publish","format-standard","has-post-thumbnail","category-leipzig","tag-326","tag-alexander-dobrindt","tag-belarus","tag-ber","tag-bergheim","tag-berlin","tag-bundesregierung","tag-csu","tag-de","tag-deutschland","tag-drohne","tag-drohnenanschlag","tag-drohnenbombe","tag-europa","tag-flughafen-leipzig-halle","tag-germany","tag-koeln","tag-leipzig","tag-ndr","tag-polizei","tag-russland","tag-sachsen","tag-sprengstoffanschlag","tag-sz","tag-wdr"],"share_on_mastodon":{"url":"https:\/\/pubeurope.com\/@de\/117201822723541527","error":""},"_links":{"self":[{"href":"https:\/\/www.europesays.com\/de\/wp-json\/wp\/v2\/posts\/1275949","targetHints":{"allow":["GET"]}}],"collection":[{"href":"https:\/\/www.europesays.com\/de\/wp-json\/wp\/v2\/posts"}],"about":[{"href":"https:\/\/www.europesays.com\/de\/wp-json\/wp\/v2\/types\/post"}],"author":[{"embeddable":true,"href":"https:\/\/www.europesays.com\/de\/wp-json\/wp\/v2\/users\/2"}],"replies":[{"embeddable":true,"href":"https:\/\/www.europesays.com\/de\/wp-json\/wp\/v2\/comments?post=1275949"}],"version-history":[{"count":0,"href":"https:\/\/www.europesays.com\/de\/wp-json\/wp\/v2\/posts\/1275949\/revisions"}],"wp:featuredmedia":[{"embeddable":true,"href":"https:\/\/www.europesays.com\/de\/wp-json\/wp\/v2\/media\/1275950"}],"wp:attachment":[{"href":"https:\/\/www.europesays.com\/de\/wp-json\/wp\/v2\/media?parent=1275949"}],"wp:term":[{"taxonomy":"category","embeddable":true,"href":"https:\/\/www.europesays.com\/de\/wp-json\/wp\/v2\/categories?post=1275949"},{"taxonomy":"post_tag","embeddable":true,"href":"https:\/\/www.europesays.com\/de\/wp-json\/wp\/v2\/tags?post=1275949"}],"curies":[{"name":"wp","href":"https:\/\/api.w.org\/{rel}","templated":true}]}}