{"id":1275957,"date":"2026-09-02T14:06:17","date_gmt":"2026-09-02T14:06:17","guid":{"rendered":"https:\/\/www.europesays.com\/de\/1275957\/"},"modified":"2026-09-02T14:06:17","modified_gmt":"2026-09-02T14:06:17","slug":"krankheitswelle-beim-1-fc-koeln-effzeh-bangt-um-matchwinner-duo","status":"publish","type":"post","link":"https:\/\/www.europesays.com\/de\/1275957\/","title":{"rendered":"Krankheitswelle beim 1.FC K\u00f6ln &#8211; Effzeh bangt um Matchwinner-Duo"},"content":{"rendered":"\n<p>Der 1. FC K\u00f6ln startete mit einem 3:3-Unentschieden in die neue Bundesliga-Saison. Die drei Treffer beim Remis gegen Hoffenheim gingen auf die Konten von Said El Mala und Thijs Dallinga. Nun jedoch gibt es schlechte Nachrichten rund um das Effzeh-Duo, dessen Einsatz am Wochenende fraglich ist.<\/p>\n<p>Wie Trainer Ren\u00e9 Wagner auf der Pressekonferenz vor dem Ausw\u00e4rtsspiel beim VfB Stuttgart am Freitagabend (20.30 Uhr\/Sky) erkl\u00e4rte, fehlten die beiden Matchwinner am Mittwoch aus gesundheitlichen Gr\u00fcnden.\u00a0<\/p>\n<p>&#8222;Bei beiden sieht es so aus, dass es eng werden kann&#8220;, erkl\u00e4rte der \u00dcbungsleiter\u00a0mit Blick auf die Reise ins Schwabenland.\u00a0&#8222;Da m\u00fcssen wir jetzt von Tag zu Tag schauen. Bei Said sieht es ein bisschen besser aus als bei Thijs&#8220;, so Wagner.<\/p>\n<p>El Mala hatte gegen Hoffenheim den\u00a0Treffer zum 1:1\u00a0erzielt, Neuzugang Dallinga traf nach Einwechslung doppelt und entschied das Spiel f\u00fcr die Rheinl\u00e4nder.<\/p>\n<p>In Stuttgart erwartet Wagner ein &#8222;schweres Ausw\u00e4rtsspiel&#8220;. Der VfB habe in den vergangenen Jahren &#8222;\u00fcberragende Arbeit&#8220; gemacht: &#8222;Nichtsdestotrotz glauben wir, dass wir auch in Stuttgart die eine oder andere Chance haben, denen wehzutun.&#8220;<\/p>\n<p>Neuzug\u00e4nge mit an Bord<\/p>\n<p>Planen kann Wagner daf\u00fcr mit den j\u00fcngsten Verpflichtungen. Kurz vor der Schlie\u00dfung des Transferfensters war Linksverteidiger Borna Sosa von Crystal Palace gekommen. F\u00fcr den Kroaten ist das Spiel in Stuttgart direkt ein ganz besonderes. Einige Jahre war der Linksverteidiger einer der Leistungstr\u00e4ger im L\u00e4ndle und trug beim VfB sogar die Kapit\u00e4nsbinde.<\/p>\n<p>Schon am Montag\u00a0hatte der FC zudem den Engl\u00e4nder Mikey Moore von Tottenham Hotspur ausgeliehen. Der 19 Jahre alte Offensivspieler sei der Spieler, den K\u00f6ln gesucht habe, &#8222;zwischen den Linien gef\u00e4hrlich, unfassbarer Umfang, viel Volumen, arbeitet gern nach hinten mit, wird gef\u00e4hrlich zum Tor&#8220;, beschrieb ihn Wagner: &#8222;Wir sind froh, dass er jetzt da ist.&#8220; Offensiv k\u00f6nne Moore &#8222;alle&#8220; Positionen besetzen.<\/p>\n","protected":false},"excerpt":{"rendered":"Der 1. FC K\u00f6ln startete mit einem 3:3-Unentschieden in die neue Bundesliga-Saison. Die drei Treffer beim Remis gegen&hellip;\n","protected":false},"author":2,"featured_media":1275958,"comment_status":"","ping_status":"","sticky":false,"template":"","format":"standard","meta":{"footnotes":"","_share_on_mastodon":"0"},"categories":[1830],"tags":[623,1634,299,3364,29,347,30,96014,863,1441,255328,887],"class_list":["post-1275957","post","type-post","status-publish","format-standard","has-post-thumbnail","category-stuttgart","tag-1-fc-koeln","tag-baden-wuerttemberg","tag-bundesliga","tag-de","tag-deutschland","tag-fussball","tag-germany","tag-said-el-mala","tag-sport-allgemein","tag-stuttgart","tag-thijs-dallinga","tag-top-fussball"],"share_on_mastodon":{"url":"https:\/\/pubeurope.com\/@de\/117201835696576414","error":""},"_links":{"self":[{"href":"https:\/\/www.europesays.com\/de\/wp-json\/wp\/v2\/posts\/1275957","targetHints":{"allow":["GET"]}}],"collection":[{"href":"https:\/\/www.europesays.com\/de\/wp-json\/wp\/v2\/posts"}],"about":[{"href":"https:\/\/www.europesays.com\/de\/wp-json\/wp\/v2\/types\/post"}],"author":[{"embeddable":true,"href":"https:\/\/www.europesays.com\/de\/wp-json\/wp\/v2\/users\/2"}],"replies":[{"embeddable":true,"href":"https:\/\/www.europesays.com\/de\/wp-json\/wp\/v2\/comments?post=1275957"}],"version-history":[{"count":0,"href":"https:\/\/www.europesays.com\/de\/wp-json\/wp\/v2\/posts\/1275957\/revisions"}],"wp:featuredmedia":[{"embeddable":true,"href":"https:\/\/www.europesays.com\/de\/wp-json\/wp\/v2\/media\/1275958"}],"wp:attachment":[{"href":"https:\/\/www.europesays.com\/de\/wp-json\/wp\/v2\/media?parent=1275957"}],"wp:term":[{"taxonomy":"category","embeddable":true,"href":"https:\/\/www.europesays.com\/de\/wp-json\/wp\/v2\/categories?post=1275957"},{"taxonomy":"post_tag","embeddable":true,"href":"https:\/\/www.europesays.com\/de\/wp-json\/wp\/v2\/tags?post=1275957"}],"curies":[{"name":"wp","href":"https:\/\/api.w.org\/{rel}","templated":true}]}}