{"id":1275963,"date":"2026-09-02T14:09:19","date_gmt":"2026-09-02T14:09:19","guid":{"rendered":"https:\/\/www.europesays.com\/de\/1275963\/"},"modified":"2026-09-02T14:09:19","modified_gmt":"2026-09-02T14:09:19","slug":"koeln-karl-lauterbach-kritisiert-sahar-wagenknechts-russland-statement","status":"publish","type":"post","link":"https:\/\/www.europesays.com\/de\/1275963\/","title":{"rendered":"K\u00f6ln: Karl Lauterbach kritisiert Sahar Wagenknechts Russland-Statement"},"content":{"rendered":"<p class=\"dm-paragraph leading-[1.5em] mb-8 my-8 dm-article-content-width\" index=\"0\" should-collapse-on-mobile=\"true\" has-padding=\"\" data-v-fac9d07d=\"\">Sahra Wagenknecht hat die <a href=\"https:\/\/www.rundschau-online.de\/moskau-spricht-von-eskalation-und-angriffen-auf-ziele-in-deutschland-1363655\" rel=\"nofollow noopener\" target=\"_blank\">Ma\u00dfnahmen der Bundesregierung gegen Russland<\/a> scharf kritisiert. Nach dem Drohnenangriff auf dem Leipziger Flughafen, den Au\u00dfenminister Johann Wadephul (CDU) und Innenminister Alexander Dobrindt (CSU) am Dienstag (1. September) Moskau zugeschrieben hatten, meldete sich die Parteichefin des BSW zu Wort. Die Ma\u00dfnahmen Berlins gegen den Kreml bezeichnete sie als \u201eEskalation\u201c \u2013 und weckte damit wiederum Widerspruch auch beim K\u00f6lner SPD-Abgeordneten Karl Lauterbach.<\/p>\n<p class=\"dm-paragraph leading-[1.5em] mb-8 my-8 dm-article-content-width\" index=\"1\" should-collapse-on-mobile=\"true\" has-padding=\"\" data-v-fac9d07d=\"\">Seit das BSW nicht mehr im Bundestag vertreten ist, hat die mediale Pr\u00e4senz von Sahra Wagenknecht abgenommen. In den vergangenen Wochen r\u00fcckte die Parteichefin jedoch mit h\u00f6chst umstrittenen \u00c4u\u00dferungen zur AfD in den Fokus. Wagenknecht sprach sich vor dem Hintergrund der Landtagswahlen in Ostdeutschland gegen die Brandmauer gegen die in Teilen rechtsextremistische Partei aus.\u00a0<\/p>\n<p>Parallelen zwischen BSW und AfD<\/p>\n<p class=\"dm-paragraph leading-[1.5em] mb-8 my-8 dm-article-content-width\" index=\"3\" should-collapse-on-mobile=\"true\" has-padding=\"\" data-v-fac9d07d=\"\">In Bezug auf die Russlandpolitik gibt es ohnehin seit langem Parallelen zwischen AfD und BSW. Beide Parteien gelten als Putin-nah und kritisieren seit Beginn des russischen Angriffs die Unterst\u00fctzung Deutschlands f\u00fcr die Ukraine. Wagenknecht spricht immer wieder von \u201eKriegstreiberei\u201c. Das BSW in Sachsen-Anhalt legte f\u00fcr den Fall des Einzugs in den Landtag einen Sofortplan vor, nach dem die deutschen Ukraine-Hilfen gestoppt werden sollen. Dabei setzt man auf die Stimmen der AfD.<\/p>\n<p class=\"dm-paragraph leading-[1.5em] mb-8 my-8 dm-article-content-width\" index=\"4\" should-collapse-on-mobile=\"true\" has-padding=\"\" data-v-fac9d07d=\"\">Die Bundesregierung reagierte am Dienstag nun mit einem B\u00fcndel an Vergeltungsma\u00dfnahmen auf den gescheiterten Drohnenangriff. Das Russische Haus in Berlin und das Generalkonsulat in Bonn sollen geschlossen werden. Damit verbunden sind die Ausweisung zahlreicher Diplomaten, versch\u00e4rfte Einreisekontrollen f\u00fcr Russen sowie ein h\u00e4rteres Vorgehen gegen die russische Schattenflotte.<\/p>\n<p>Wagenknecht: Merz f\u00fchrt Deutschland in Richtung Krieg<\/p>\n<p class=\"dm-paragraph leading-[1.5em] mb-8 my-8 dm-article-content-width\" index=\"6\" should-collapse-on-mobile=\"true\" has-padding=\"\" data-v-fac9d07d=\"\">Wagenknecht schrieb auf X dazu, \u201eselbst wenn Russland dahinterstehen sollte, ist eine Drohne, die keinerlei Schaden angerichtet hat, kein Grund, eine brandgef\u00e4hrliche Eskalation anzuheizen, die in einem Krieg mit Russland enden kann, der Millionen Menschen das Leben kosten w\u00fcrde.\u201c Bundeskanzler Friedrich Merz f\u00fchre Deutschland immer n\u00e4her an einen Krieg mit Russland.<\/p>\n<p class=\"dm-paragraph leading-[1.5em] mb-8 my-8 dm-article-content-width\" index=\"7\" should-collapse-on-mobile=\"true\" has-padding=\"\" data-v-fac9d07d=\"\">Die Drohnen-Vorf\u00e4lle seien laut Wagenknecht \u201emedial skandalisiert\u201c worden, das Leipziger Flugobjekt spielte sie zu einer \u201eSpielzeugdrohne\u201c herunter. Sie verwies darauf, dass hinter dem einzig gravierenden Sabotagefall an Nord-Stream mutma\u00dflich die Ukraine und nicht Russland gestanden habe.<\/p>\n<p>Lauterbach: Unterwerfung von Wagenknecht und AfD ist eine Schande<\/p>\n<p class=\"dm-paragraph leading-[1.5em] mb-8 my-8 dm-article-content-width\" index=\"9\" should-collapse-on-mobile=\"true\" has-padding=\"\" data-v-fac9d07d=\"\">\u00c4hnlich wie Wagenknecht forderte auch der AfD-Spitzenkandidat f\u00fcr die Landtagswahl in Sachsen-Anhalt, Ulrich Siegmund, Diplomatie statt neue Sanktionen gegen Russland. Es sei \u201elogisch\u201c, dass mit dem Drohnenvorfall eine russische Gegenreaktion erfolge, da Deutschland mit seiner Ukraine-Unterst\u00fctzung in einem \u201efremden Krieg\u201c mitmische.<\/p>\n<p class=\"dm-paragraph leading-[1.5em] mb-8 my-8 dm-article-content-width\" index=\"10\" should-collapse-on-mobile=\"true\" has-padding=\"\" data-v-fac9d07d=\"\">Der Tenor unter dem Post von Wagenknecht ist unterdessen recht eindeutig: \u201eWann ziehen Sie endlich nach Moskau? Werden Sie f\u00fcr Ihre Propaganda bezahlt?\u201c, fragt ein antifaschistischer Account. Der ehemalige \u201eStern\u201c-Herausgeber Andreas Petzold antwortet auf Wagenknechts Verharmlosung: \u201eWie tief kann man eigentlich in seinem weltfremden Sumpf versinken? Eine Drohne, mit Semtex-Sprengstoff beladen, greift einen zivilen Flugplatz an und explodiert nur zuf\u00e4llig nicht. Es h\u00e4tte auch BSW-W\u00e4hler treffen k\u00f6nnen.\u201c<\/p>\n<p class=\"dm-paragraph leading-[1.5em] mb-8 my-8 dm-article-content-width\" index=\"12\" should-collapse-on-mobile=\"true\" has-padding=\"\" data-v-fac9d07d=\"\">Auch der K\u00f6lner SPD-Abgeordnete und ehemalige Gesundheitsminister Karl Lauterbach findet klare Worte. \u201eWas will Sahra Wagenknecht\u00a0uns sagen?\u201c, fragt Lauterbach bei X. Ob man Putin dazu ermuntern sollte, Terroranschl\u00e4ge in Deutschland zu ver\u00fcben? \u201eDiese Unterwerfung, auch bei der AfD\u00a0, ist ehrlos und eine Schande\u201c, schlie\u00dft Lauterbach.<\/p>\n<p><a href=\"https:\/\/www.rundschau-online.de\/politik\/moskau-spricht-von-eskalation-und-angriffen-auf-ziele-in-deutschland-1363655\" class=\"dm-imagefeat__imagecontainer dm-imagefeat relative\" aria-label=\"\" tabindex=\"-1\" data-v-7bdd7f3a=\"\" rel=\"nofollow noopener\" target=\"_blank\"><img decoding=\"async\" width=\"4000\" height=\"2667\" class=\"dm-imagefeat__image w-full aspect-square sm:aspect-auto aspect-video\" style=\"aspect-ratio:1;\" onerror=\"this.setAttribute('data-error', 1)\" data-nuxt-pic=\"\" alt=\"Kremlchef Wladimir Putin. (Archivbild)\" loading=\"lazy\" src=\"https:\/\/www.europesays.com\/de\/wp-content\/uploads\/2026\/09\/779deaea-0c23-4a4f-8c59-9b62fc565186.jpeg\"  \/><\/a><\/p>\n<p class=\"dm-paragraph leading-[1.5em] mb-8 my-8 dm-article-content-width\" index=\"14\" should-collapse-on-mobile=\"true\" has-padding=\"\" data-v-fac9d07d=\"\">Russland selbst wies erwartungsgem\u00e4\u00df jegliche Verantwortung f\u00fcr den Drohnenangriff von sich. Dies sei \u201eabsurd\u201c, so Botschafter Sergej Netschajew. Kremlsprecher Dmitri Peskow warf Berlin \u201eEskalation\u201c vor, das Moskauer Au\u00dfenministerium k\u00fcndigte eine Reaktion an. Staatschef Wladimir Putin nannte die deutschen Strafma\u00dfnahmen einen \u201eschweren Fehler\u201c und sprach von Beweisf\u00e4lschung. (mit dpa)<\/p>\n","protected":false},"excerpt":{"rendered":"Sahra Wagenknecht hat die Ma\u00dfnahmen der Bundesregierung gegen Russland scharf kritisiert. Nach dem Drohnenangriff auf dem Leipziger Flughafen,&hellip;\n","protected":false},"author":2,"featured_media":1275964,"comment_status":"","ping_status":"","sticky":false,"template":"","format":"standard","meta":{"footnotes":"","_share_on_mastodon":"0"},"categories":[1828],"tags":[29,30,1420,1209],"class_list":["post-1275963","post","type-post","status-publish","format-standard","has-post-thumbnail","category-koeln","tag-deutschland","tag-germany","tag-koeln","tag-nordrhein-westfalen"],"share_on_mastodon":{"url":"https:\/\/pubeurope.com\/@de\/117201847206764832","error":""},"_links":{"self":[{"href":"https:\/\/www.europesays.com\/de\/wp-json\/wp\/v2\/posts\/1275963","targetHints":{"allow":["GET"]}}],"collection":[{"href":"https:\/\/www.europesays.com\/de\/wp-json\/wp\/v2\/posts"}],"about":[{"href":"https:\/\/www.europesays.com\/de\/wp-json\/wp\/v2\/types\/post"}],"author":[{"embeddable":true,"href":"https:\/\/www.europesays.com\/de\/wp-json\/wp\/v2\/users\/2"}],"replies":[{"embeddable":true,"href":"https:\/\/www.europesays.com\/de\/wp-json\/wp\/v2\/comments?post=1275963"}],"version-history":[{"count":0,"href":"https:\/\/www.europesays.com\/de\/wp-json\/wp\/v2\/posts\/1275963\/revisions"}],"wp:featuredmedia":[{"embeddable":true,"href":"https:\/\/www.europesays.com\/de\/wp-json\/wp\/v2\/media\/1275964"}],"wp:attachment":[{"href":"https:\/\/www.europesays.com\/de\/wp-json\/wp\/v2\/media?parent=1275963"}],"wp:term":[{"taxonomy":"category","embeddable":true,"href":"https:\/\/www.europesays.com\/de\/wp-json\/wp\/v2\/categories?post=1275963"},{"taxonomy":"post_tag","embeddable":true,"href":"https:\/\/www.europesays.com\/de\/wp-json\/wp\/v2\/tags?post=1275963"}],"curies":[{"name":"wp","href":"https:\/\/api.w.org\/{rel}","templated":true}]}}