{"id":1275965,"date":"2026-09-02T14:10:22","date_gmt":"2026-09-02T14:10:22","guid":{"rendered":"https:\/\/www.europesays.com\/de\/1275965\/"},"modified":"2026-09-02T14:10:22","modified_gmt":"2026-09-02T14:10:22","slug":"fc-neuzugaenge-vor-debuet-wagner-spricht-ungewoehnlichem-dank-aus","status":"publish","type":"post","link":"https:\/\/www.europesays.com\/de\/1275965\/","title":{"rendered":"FC-Neuzug\u00e4nge vor Deb\u00fct: Wagner spricht ungew\u00f6hnlichem Dank aus"},"content":{"rendered":"<p class=\"dm-paragraph leading-[1.5em] mb-8 my-8 dm-article-content-width\" index=\"0\" should-collapse-on-mobile=\"true\" has-padding=\"\" data-v-fac9d07d=\"\">Der 1. FC K\u00f6ln hat auf den letzten Dr\u00fccker nochmal ordentlich zugelangt auf dem <a href=\"https:\/\/www.express.de\/themen\/fussball-transfers\" rel=\"nofollow noopener\" target=\"_blank\">Transfermarkt<\/a>. Mit Mikey Moore (Tottenham Hotspur) und <a target=\"_blank\" href=\"https:\/\/www.express.de\/sport\/fussball\/1-fc-koeln\/leihe-von-borna-sosa-1-fc-koeln-deutet-transfer-turbulenzen-an-1-1363409\" rel=\"nofollow noopener\">Borna Sosa<\/a> (Crystal Palace) wurden die beiden offenen Kaderl\u00fccken, die Ren\u00e9 Wagner benannt hatte, geschlossen.<\/p>\n<p class=\"dm-paragraph leading-[1.5em] mb-8 my-8 dm-article-content-width\" index=\"1\" should-collapse-on-mobile=\"true\" has-padding=\"\" data-v-fac9d07d=\"\">Mit Moore kommt eines der spannendsten Offensiv-Talente Englands ans Gei\u00dfbockheim. Sosa bringt vor allem Erfahrung und Routine mit und soll k\u00fcnftig mit Gideon Mensah um den Platz links hinten konkurrieren.<\/p>\n<p>Moore und Sosa in Stuttgart dabei<\/p>\n<p class=\"dm-paragraph leading-[1.5em] mb-8 my-8 dm-article-content-width\" index=\"3\" should-collapse-on-mobile=\"true\" has-padding=\"\" data-v-fac9d07d=\"\">Bereits am Freitagabend in Stuttgart k\u00f6nnten die Fans schon die erste Kostprobe der beiden Neuen bekommen. Denn Coach Wagner stellt Moore und Sosa prompt ihr FC-Deb\u00fct in Aussicht. \u201eBeide sind eine Option, sie sind fit und haben trainiert\u201c, sagt Wagner.<\/p>\n<p class=\"dm-paragraph leading-[1.5em] mb-8 my-8 dm-article-content-width\" index=\"4\" should-collapse-on-mobile=\"true\" has-padding=\"\" data-v-fac9d07d=\"\">Bei Moore war gar nicht selbstverst\u00e4ndlich, dass er am Mittwoch bereits mitwirken durfte. Denn am Dienstag fehlte noch die Arbeitserlaubnis f\u00fcr den Engl\u00e4nder. Doch dank der schnellen Beh\u00f6rden lag diese dann schon am fr\u00fchen Mittwochvormittag vor \u2013 sehr zur Freude von Wagner.<\/p>\n<p class=\"dm-paragraph leading-[1.5em] mb-8 my-8 dm-article-content-width\" index=\"5\" should-collapse-on-mobile=\"true\" has-padding=\"\" data-v-fac9d07d=\"\">\u201eGro\u00dfes Lob an die Stadt K\u00f6ln. Sie haben es geschafft, dass Mikey schon im Training war. Vielen Dank an die Stadt K\u00f6ln f\u00fcr die schnelle Hilfe\u201c, sagte der Trainer. Bei Moores Landsmann Reigan Heskey (18) hatte es vor einigen Wochen noch etwas l\u00e4nger gedauert, schon damals hatte Wagner auf schnelle Hilfe der Stadt gehofft.<\/p>\n<p class=\"dm-paragraph leading-[1.5em] mb-8 my-8 dm-article-content-width\" index=\"6\" should-collapse-on-mobile=\"true\" has-padding=\"\" data-v-fac9d07d=\"\">So waren erstmals beide Neuzug\u00e4nge zusammen auf dem Platz und stehen, anders als Ellyes Skhiri bei seiner Ankunft, voll im Saft. Moore absolvierte mit den Hotspur die gesamte Vorbereitung und kam sogar schon in Pflichtspielen f\u00fcr den Premier-League-Klub zum Einsatz.<\/p>\n<p> % <\/p>\n<p> VEEDEL-Umfrage3135 Stimmen2. Bundesliga-Spieltag: Wie spielt der 1. FC K\u00f6ln beim VfB Stuttgart?02.09.2026<\/p>\n<p>Ausw\u00e4rtssieg! Der FC startet mit zwei Siegen in Folge.<\/p>\n<p>Unentschieden! Der FC bleibt ungeschlagen.<\/p>\n<p>Niederlage! Stuttgart ist eine Nummer zu gro\u00df f\u00fcr den FC.<\/p>\n<p class=\"dm-paragraph leading-[1.5em] mb-8 my-8 dm-article-content-width\" index=\"8\" should-collapse-on-mobile=\"true\" has-padding=\"\" data-v-fac9d07d=\"\">Sosa war bei Palace ebenfalls Teil des Vorbereitungskaders und kam immerhin in Freundschaftsspielen zum Einsatz. W\u00e4hrend er wohl erstmal auf der Bank sitzen wird, weil Konkurrent Mensah laut Wagner aktuell \u201eeinen Millimeter Vorsprung hat\u201c, kann sich Moore sofort Hoffnungen auf einen Startelf-Einsatz machen.<\/p>\n<p class=\"dm-paragraph leading-[1.5em] mb-8 my-8 dm-article-content-width\" index=\"9\" should-collapse-on-mobile=\"true\" has-padding=\"\" data-v-fac9d07d=\"\">Denn der FC bangt vor dem ersten Ausw\u00e4rtsspiel der Saison um <a href=\"https:\/\/www.express.de\/themen\/said-el-mala\" rel=\"nofollow noopener\" target=\"_blank\">Said El Mala<\/a> und Thijs Dallinga. Beide mussten krankheitsbedingt mit dem Training aussetzen, f\u00fcr beide k\u00f6nnte es eng werden.<\/p>\n","protected":false},"excerpt":{"rendered":"Der 1. FC K\u00f6ln hat auf den letzten Dr\u00fccker nochmal ordentlich zugelangt auf dem Transfermarkt. Mit Mikey Moore&hellip;\n","protected":false},"author":2,"featured_media":1275966,"comment_status":"","ping_status":"","sticky":false,"template":"","format":"standard","meta":{"footnotes":"","_share_on_mastodon":"0"},"categories":[1828],"tags":[29,30,1420,1209],"class_list":["post-1275965","post","type-post","status-publish","format-standard","has-post-thumbnail","category-koeln","tag-deutschland","tag-germany","tag-koeln","tag-nordrhein-westfalen"],"share_on_mastodon":{"url":"","error":""},"_links":{"self":[{"href":"https:\/\/www.europesays.com\/de\/wp-json\/wp\/v2\/posts\/1275965","targetHints":{"allow":["GET"]}}],"collection":[{"href":"https:\/\/www.europesays.com\/de\/wp-json\/wp\/v2\/posts"}],"about":[{"href":"https:\/\/www.europesays.com\/de\/wp-json\/wp\/v2\/types\/post"}],"author":[{"embeddable":true,"href":"https:\/\/www.europesays.com\/de\/wp-json\/wp\/v2\/users\/2"}],"replies":[{"embeddable":true,"href":"https:\/\/www.europesays.com\/de\/wp-json\/wp\/v2\/comments?post=1275965"}],"version-history":[{"count":0,"href":"https:\/\/www.europesays.com\/de\/wp-json\/wp\/v2\/posts\/1275965\/revisions"}],"wp:featuredmedia":[{"embeddable":true,"href":"https:\/\/www.europesays.com\/de\/wp-json\/wp\/v2\/media\/1275966"}],"wp:attachment":[{"href":"https:\/\/www.europesays.com\/de\/wp-json\/wp\/v2\/media?parent=1275965"}],"wp:term":[{"taxonomy":"category","embeddable":true,"href":"https:\/\/www.europesays.com\/de\/wp-json\/wp\/v2\/categories?post=1275965"},{"taxonomy":"post_tag","embeddable":true,"href":"https:\/\/www.europesays.com\/de\/wp-json\/wp\/v2\/tags?post=1275965"}],"curies":[{"name":"wp","href":"https:\/\/api.w.org\/{rel}","templated":true}]}}